{"id":50578,"date":"2025-10-01T13:53:08","date_gmt":"2025-10-01T13:53:08","guid":{"rendered":"https:\/\/www.europesays.com\/fi\/50578\/"},"modified":"2025-10-01T13:53:08","modified_gmt":"2025-10-01T13:53:08","slug":"bittium-ja-nokia-esittelivat-taktisen-tiedonsiirron-hybridiverkkoa-puolustusvoimille","status":"publish","type":"post","link":"https:\/\/www.europesays.com\/fi\/50578\/","title":{"rendered":"Bittium ja Nokia esitteliv\u00e4t taktisen tiedonsiirron hybridiverkkoa Puolustusvoimille"},"content":{"rendered":"<p>Hybridiverkko mahdollistaa sotilask\u00e4ytt\u00f6\u00f6n soveltuvien 4G\/5G-kuplien liitt\u00e4misen osaksi taktista tiedonsiirtoverkkoa ja yhteisty\u00f6n muiden 4G\/5G-verkkoja k\u00e4ytt\u00e4vien viranomaisten kanssa.<\/p>\n<p>Taktisten tiedonsiirtoverkkojen toimittaja Bittium ja Nokia kertovat yhdist\u00e4neens\u00e4 hiljattain ratkaisunsa taktisen tiedonsiirron hybridiverkoksi.<\/p>\n<p>Yritykset esitteliv\u00e4t yhteisratkaisunsa demonstraatiossa Puolustusvoimille.<\/p>\n<p>Demonstraatio esitteli Bittiumin ja Nokian ratkaisujen yhteentoimivuuden taktisena hybridiverkkona, jota hy\u00f6dynnettiin eri k\u00e4ytt\u00f6tapauksiin, mukaan lukien puheen mahdollistaminen koko verkon kattavasti p\u00e4\u00e4telaitteesta riippumatta, tilannekuvasovellusten k\u00e4ytt\u00f6 ja videokuvan l\u00e4hett\u00e4minen verkon yli.<\/p>\n<p>\u201dNokian kanssa yhteisty\u00f6ss\u00e4 tehdyss\u00e4 demonstraatiossa todennettiin Nokian 4G\/5G-verkkoteknologian integroitavuus Bittiumin taktisen tiedonsiirtoj\u00e4rjestelm\u00e4n kanssa. 4G\/5G-ratkaisut t\u00e4ydent\u00e4v\u00e4t taktisia tiedonsiirtoverkkoja ja niist\u00e4 muodostuva hybridiverkko laajentaa operatiiviseen johtamiseen k\u00e4ytett\u00e4v\u00e4\u00e4 verkkoa\u201d, sanoi <strong>Tommi Kangas<\/strong>, Bittiumin Defense &amp; Security -liiketoimintasegmentist\u00e4 vastaava johtaja yhti\u00f6n tiedotteessa 30.9.2025.<\/p>\n<p>Demonstroitu ratkaisu koostui Bittium Tactical Wireless IP Network\u2122 -j\u00e4rjestelm\u00e4st\u00e4 (TAC WIN) ja Bittium Tough SDR\u2122 -ajoneuvo- ja sotilasradioista, jotka verkottuivat Bittium TAC WIN Waveform\u2122 -aaltomuodon v\u00e4lityksell\u00e4 ja liittiv\u00e4t liikkuvat 4G\/5G-k\u00e4ytt\u00e4j\u00e4t hybridiverkkoon. 4G\/5G-kuplat oli muodostettu k\u00e4ytt\u00e4m\u00e4ll\u00e4 Nokian ajoneuvoon asennettavaa Banshee Mobile Radio -tukiasemaa (BMR) ja sotilaan repussa kannettavana olevaa Banshee Tactical Radio -tukiasemaa (BTR). BMR ja BTR tarjosivat verkkoyhteyden tilannekuvasovellusta k\u00e4ytt\u00e4ville \u00e4lypuhelimille.<\/p>\n","protected":false},"excerpt":{"rendered":"Hybridiverkko mahdollistaa sotilask\u00e4ytt\u00f6\u00f6n soveltuvien 4G\/5G-kuplien liitt\u00e4misen osaksi taktista tiedonsiirtoverkkoa ja yhteisty\u00f6n muiden 4G\/5G-verkkoja k\u00e4ytt\u00e4vien viranomaisten kanssa. Taktisten tiedonsiirtoverkkojen&hellip;\n","protected":false},"author":2,"featured_media":50579,"comment_status":"","ping_status":"","sticky":false,"template":"","format":"standard","meta":{"footnotes":""},"categories":[84],"tags":[33,31,30,32,91,92],"class_list":{"0":"post-50578","1":"post","2":"type-post","3":"status-publish","4":"format-standard","5":"has-post-thumbnail","7":"category-teknologia","8":"tag-fi","9":"tag-finland","10":"tag-finnish","11":"tag-suomi","12":"tag-technology","13":"tag-teknologia"},"share_on_mastodon":{"url":"","error":""},"_links":{"self":[{"href":"https:\/\/www.europesays.com\/fi\/wp-json\/wp\/v2\/posts\/50578","targetHints":{"allow":["GET"]}}],"collection":[{"href":"https:\/\/www.europesays.com\/fi\/wp-json\/wp\/v2\/posts"}],"about":[{"href":"https:\/\/www.europesays.com\/fi\/wp-json\/wp\/v2\/types\/post"}],"author":[{"embeddable":true,"href":"https:\/\/www.europesays.com\/fi\/wp-json\/wp\/v2\/users\/2"}],"replies":[{"embeddable":true,"href":"https:\/\/www.europesays.com\/fi\/wp-json\/wp\/v2\/comments?post=50578"}],"version-history":[{"count":0,"href":"https:\/\/www.europesays.com\/fi\/wp-json\/wp\/v2\/posts\/50578\/revisions"}],"wp:featuredmedia":[{"embeddable":true,"href":"https:\/\/www.europesays.com\/fi\/wp-json\/wp\/v2\/media\/50579"}],"wp:attachment":[{"href":"https:\/\/www.europesays.com\/fi\/wp-json\/wp\/v2\/media?parent=50578"}],"wp:term":[{"taxonomy":"category","embeddable":true,"href":"https:\/\/www.europesays.com\/fi\/wp-json\/wp\/v2\/categories?post=50578"},{"taxonomy":"post_tag","embeddable":true,"href":"https:\/\/www.europesays.com\/fi\/wp-json\/wp\/v2\/tags?post=50578"}],"curies":[{"name":"wp","href":"https:\/\/api.w.org\/{rel}","templated":true}]}}