{"id":50582,"date":"2025-10-01T13:55:08","date_gmt":"2025-10-01T13:55:08","guid":{"rendered":"https:\/\/www.europesays.com\/fi\/50582\/"},"modified":"2025-10-01T13:55:08","modified_gmt":"2025-10-01T13:55:08","slug":"kaarijan-uusavuttomuus-paljastui","status":"publish","type":"post","link":"https:\/\/www.europesays.com\/fi\/50582\/","title":{"rendered":"K\u00e4\u00e4rij\u00e4n uusavuttomuus paljastui"},"content":{"rendered":"<p>            Petri Aho\n        <\/p>\n<p class=\"subtitle \">K\u00e4\u00e4rij\u00e4 ihmettelee sveitsil\u00e4ist\u00e4 perinneruokaa Vain el\u00e4m\u00e4\u00e4 -ohjelmassa.<\/p>\n<p class=\"article-content article-content-width !bg-background\">Vain el\u00e4m\u00e4\u00e4 -ohjelmassa vietet\u00e4\u00e4n artisti \u00a0p\u00e4iv\u00e4\u00e4 perjantaina 3.10. Jakso on jo katsottavissa Ruutu+-palvelussa.<\/p>\n<p class=\"font-weight-bold m-font-weight-bold article-content article-content-width !bg-background\">Video: Kuka Flexaa Nyt? K\u00e4\u00e4rij\u00e4:<\/p>\n<p class=\"article-content article-content-width !bg-background\">Viivin p\u00e4iv\u00e4n\u00e4 illallisella tarjolla on naposteltavia annospaloja juustofonduen kera. Viivi on asunut lapsuudessaan Sveitsiss\u00e4, josta kyseinen perinneruoka on per\u00e4isin.<\/p>\n<p class=\"article-content article-content-width !bg-background\"><a href=\"https:\/\/www.mtvuutiset.fi\/makuja\/artikkeli\/menneiden-vuosikymmenten-hittiruoka-teki-paluun\/9121212\" target=\"_blank\" rel=\"nofollow noopener\">Sveitsiss\u00e4 juustofondue tehd\u00e4\u00e4n usein esimerkiksi paikallisesta gruy\u00e8re-, appenzeller-, emmental- tai comte-juustosta tai niiden yhdistelm\u00e4st\u00e4, MTV:n Makuja-osio kertoo<\/a>.<\/p>\n<p>Ruoka ihmetytt\u00e4\u00e4 K\u00e4\u00e4rij\u00e4\u00e4<\/p>\n<p class=\"article-content article-content-width !bg-background\">Vantaalaiselle K\u00e4\u00e4rij\u00e4lle, eli \u00a0juustofonduen sy\u00f6minen ja p\u00f6yt\u00e4tavat tuottavat ongelmia. H\u00e4n p\u00e4hk\u00e4ilee p\u00f6yd\u00e4n \u00e4\u00e4ress\u00e4, miten ja mink\u00e4 kanssa sulaa juustoa sy\u00f6d\u00e4\u00e4n.<\/p>\n<p class=\"article-content article-content-width !bg-background\">\u2013 Miten t\u00e4m\u00e4 toimii? Jere kyselee juustovadin \u00e4\u00e4rell\u00e4.<\/p>\n<p class=\"article-content article-content-width !bg-background\">\u2013 Elikk\u00e4s t\u00e4ss\u00e4 on t\u00e4mm\u00f6inen tikku, Viivi ryhtyy esittelem\u00e4\u00e4n ruokailuv\u00e4linett\u00e4.<\/p>\n<p class=\"article-content article-content-width !bg-background\">\u2013 Siit\u00e4 vain leip\u00e4\u00e4 tikunnokkaan ja mit\u00e4 kaikkia h\u00f6ysteit\u00e4. Niit\u00e4 dipataan juustoon. Ai ett\u00e4, Viivi opastaa.<\/p>\n<p>        <a itemprop=\"url\" href=\"https:\/\/www.seiska.fi\/katso\/talta-nayttaa-kaarijan-isa\/1937924\" rel=\"nofollow noopener\" target=\"_blank\"><\/p>\n<p>\nVain el\u00e4m\u00e4\u00e4:\n<\/p>\n<p class=\"section-date\">\n        <strong class=\"article-section\" data-section=\"katso\"><br \/>\n            katso<br \/>\n        <\/strong><br \/>\n        23.9. 07:15\n    <\/p>\n<p>T\u00e4lt\u00e4 n\u00e4ytt\u00e4\u00e4 K\u00e4\u00e4rij\u00e4n is\u00e4\n    <\/p>\n<p itemprop=\"description\" class=\"subtitle \">\n    K\u00e4\u00e4rij\u00e4 toi is\u00e4ns\u00e4 Vain el\u00e4m\u00e4\u00e4 -leirille.\n<\/p>\n<p>        <\/a><\/p>\n<p>Kehno perinneruokatiet\u00e4mys<\/p>\n<p class=\"article-content article-content-width !bg-background\">Vain el\u00e4m\u00e4\u00e4 -ohjelmassa tarjoiltavat ruuat ovat ihmetytt\u00e4neet artisteja aiemminkin t\u00e4ll\u00e4 kaudella.<\/p>\n<p class=\"article-content article-content-width !bg-background\"> p\u00e4iv\u00e4n\u00e4 tarjolla oli karjalaista alkuper\u00e4\u00e4 olevia vatruskoita.<\/p>\n<p class=\"article-content article-content-width !bg-background\">P\u00f6yd\u00e4ss\u00e4  my\u00f6nsi heti, ettei tied\u00e4 mit\u00e4 vatruskat ovat ja  komppasi. Jerekin ihmetteli \u00e4\u00e4neen piiraiden koostumusta ja h\u00e4n luuli, ett\u00e4 ruuan nimi on &#8221;patruska&#8221;.<\/p>\n<p class=\"article-content article-content-width !bg-background\">Vatruska on karjalaisesta ja ven\u00e4l\u00e4isest\u00e4 ruokaperinteest\u00e4 tuttu piiras. Pohja valmistetaan perunasta ja vehn\u00e4jauhosta.<\/p>\n<p class=\"article-content article-content-width !bg-background\">Piiras voidaan leipoa ymp\u00e4r\u00e4nmuotoiseksi avopiiraaksi tai puolikuun malliseksi, suljetuksi pasteijatyyppiseksi leivonnaiseksi. Vatruskat t\u00e4ytet\u00e4\u00e4n riisipuurolla, mannapuurolla tai rahkapiim\u00e4t\u00e4ytteell\u00e4.<\/p>\n<p class=\"italic m-italic article-content article-content-width !bg-background\">Vain el\u00e4m\u00e4\u00e4 Nelosella perjantaisin klo 20. Jaksot katsottavissa my\u00f6s Ruudussa.<\/p>\n<p>        <a itemprop=\"url\" href=\"https:\/\/www.seiska.fi\/katso\/nolo-tunnustus-vain-elamaa-ohjelmassa\/1934250\" rel=\"nofollow noopener\" target=\"_blank\"><\/p>\n<p>\nVain el\u00e4m\u00e4\u00e4:\n<\/p>\n<p class=\"section-date\">\n        <strong class=\"article-section\" data-section=\"katso\"><br \/>\n            katso<br \/>\n        <\/strong><br \/>\n        19.9. 05:15\n    <\/p>\n<p>Nolo tunnustus Vain el\u00e4m\u00e4\u00e4 -ohjelmassa\n    <\/p>\n<p itemprop=\"description\" class=\"subtitle \">\n    Artistit h\u00e4mm\u00e4stelev\u00e4t yhteisen p\u00f6yd\u00e4n \u00e4\u00e4ress\u00e4.\n<\/p>\n<p>        <\/a><\/p>\n<p>        <a itemprop=\"url\" href=\"https:\/\/www.seiska.fi\/katso\/vain-elamaa-katsojat-pettyivat\/1929488\" rel=\"nofollow noopener\" target=\"_blank\"><\/p>\n<p>\nVain el\u00e4m\u00e4\u00e4\n<\/p>\n<p class=\"section-date\">\n        <strong class=\"article-section\" data-section=\"katso\"><br \/>\n            katso<br \/>\n        <\/strong><br \/>\n        13.9. 07:15\n    <\/p>\n<p>Vain el\u00e4m\u00e4\u00e4 -katsojat pettyiv\u00e4t\n    <\/p>\n<p itemprop=\"description\" class=\"subtitle \">\n    Vain el\u00e4m\u00e4\u00e4 -ohjelman julkaisuaikataulu kismitt\u00e4\u00e4 somessa.\n<\/p>\n<p>        <\/a><\/p>\n","protected":false},"excerpt":{"rendered":"Petri Aho K\u00e4\u00e4rij\u00e4 ihmettelee sveitsil\u00e4ist\u00e4 perinneruokaa Vain el\u00e4m\u00e4\u00e4 -ohjelmassa. Vain el\u00e4m\u00e4\u00e4 -ohjelmassa vietet\u00e4\u00e4n artisti \u00a0p\u00e4iv\u00e4\u00e4 perjantaina 3.10. Jakso&hellip;\n","protected":false},"author":2,"featured_media":50583,"comment_status":"","ping_status":"","sticky":false,"template":"","format":"standard","meta":{"footnotes":""},"categories":[14],"tags":[22,23,26,27,33,31,30,17,12549,4559,24,25,28,29,15,18,21,32,19,20,56,16,4914,12550,9176,59,60,61],"class_list":{"0":"post-50582","1":"post","2":"type-post","3":"status-publish","4":"format-standard","5":"has-post-thumbnail","7":"category-ulkomaat","8":"tag-breaking-news","9":"tag-breakingnews","10":"tag-featured-news","11":"tag-featurednews","12":"tag-fi","13":"tag-finland","14":"tag-finnish","15":"tag-headlines","16":"tag-juustofondue","17":"tag-kaarija","18":"tag-latest-news","19":"tag-latestnews","20":"tag-main-news","21":"tag-mainnews","22":"tag-news","23":"tag-otsikot","24":"tag-paauutiset","25":"tag-suomi","26":"tag-top-stories","27":"tag-topstories","28":"tag-ulkomaat","29":"tag-uutiset","30":"tag-vain-elamaa","31":"tag-vatruskat","32":"tag-viivi-korhonen","33":"tag-world","34":"tag-world-news","35":"tag-worldnews"},"share_on_mastodon":{"url":"","error":""},"_links":{"self":[{"href":"https:\/\/www.europesays.com\/fi\/wp-json\/wp\/v2\/posts\/50582","targetHints":{"allow":["GET"]}}],"collection":[{"href":"https:\/\/www.europesays.com\/fi\/wp-json\/wp\/v2\/posts"}],"about":[{"href":"https:\/\/www.europesays.com\/fi\/wp-json\/wp\/v2\/types\/post"}],"author":[{"embeddable":true,"href":"https:\/\/www.europesays.com\/fi\/wp-json\/wp\/v2\/users\/2"}],"replies":[{"embeddable":true,"href":"https:\/\/www.europesays.com\/fi\/wp-json\/wp\/v2\/comments?post=50582"}],"version-history":[{"count":0,"href":"https:\/\/www.europesays.com\/fi\/wp-json\/wp\/v2\/posts\/50582\/revisions"}],"wp:featuredmedia":[{"embeddable":true,"href":"https:\/\/www.europesays.com\/fi\/wp-json\/wp\/v2\/media\/50583"}],"wp:attachment":[{"href":"https:\/\/www.europesays.com\/fi\/wp-json\/wp\/v2\/media?parent=50582"}],"wp:term":[{"taxonomy":"category","embeddable":true,"href":"https:\/\/www.europesays.com\/fi\/wp-json\/wp\/v2\/categories?post=50582"},{"taxonomy":"post_tag","embeddable":true,"href":"https:\/\/www.europesays.com\/fi\/wp-json\/wp\/v2\/tags?post=50582"}],"curies":[{"name":"wp","href":"https:\/\/api.w.org\/{rel}","templated":true}]}}