{"id":50586,"date":"2025-10-01T13:57:07","date_gmt":"2025-10-01T13:57:07","guid":{"rendered":"https:\/\/www.europesays.com\/fi\/50586\/"},"modified":"2025-10-01T13:57:07","modified_gmt":"2025-10-01T13:57:07","slug":"isn-lahde-sopu-velkajarrusta-aika-lahella","status":"publish","type":"post","link":"https:\/\/www.europesays.com\/fi\/50586\/","title":{"rendered":"IS:n l\u00e4hde: Sopu velkajarrusta \u201daika l\u00e4hell\u00e4\u201d"},"content":{"rendered":"<p>Neuvotteluille velkajarrusta on annettu lis\u00e4aikaa ensi viikkoon.<\/p>\n<p class=\"article-body mb-nof-24 px-nof-16\">Velkajarrusta neuvotteleva parlamentaarinen ty\u00f6ryhm\u00e4 kokoontui keskiviikkoaamuna.<\/p>\n<p class=\"article-body mb-nof-24 px-nof-16\">IS:n saamien tietojen mukaan varsinaisia neuvotteluita ei kokouksessa k\u00e4yty, vaan ty\u00f6ryhm\u00e4 kuuli asiantuntijoita valtiovarainministeri\u00f6st\u00e4 sek\u00e4 eri tutkimuslaitoksista, kuten Laboresta, Pellervon taloustutkimuksesta ja Elinkeinoel\u00e4m\u00e4n tutkimuslaitos Etlasta.<\/p>\n<p class=\"article-body mb-nof-24 px-nof-16\">Sen j\u00e4lkeen ty\u00f6ryhm\u00e4n j\u00e4senet vaihtoivat lyhyesti n\u00e4kemyksi\u00e4\u00e4n, mutta kukaan ei kuulemisen perusteella muuttanut viel\u00e4 kantaansa, IS:lle kerrotaan.<\/p>\n<p class=\"article-body mb-nof-24 px-nof-16\">Kuulemisen katsotaan kuitenkin vieneen asiaa eteenp\u00e4in.<\/p>\n<p class=\"article-body mb-nof-24 px-nof-16\">IS:n l\u00e4hteet sek\u00e4 hallitus- ett\u00e4 oppositiopuolueista pit\u00e4v\u00e4t edelleen mahdollisena, ett\u00e4 velkajarrusta saadaan sopu aikaiseksi.<\/p>\n<p class=\"article-body mb-nof-24 px-nof-16\">Yksi l\u00e4hteist\u00e4 sanoo jopa, ett\u00e4 sopu alkaa olla aika l\u00e4hell\u00e4.<\/p>\n<p class=\"article-body mb-nof-24 px-nof-16\">Seuraava kokous sovittiin ensi viikolle, eli neuvotteluille annettiin hieman lis\u00e4aikaa.<\/p>\n<p class=\"article-body mb-nof-24 px-nof-16\">Keskeinen kiistakysymys neuvotteluissa on ollut rahoitusasematavoitteen kirjaaminen lakiin. Hallitus on esitt\u00e4nyt, ett\u00e4 velkasuhteen t\u00e4ytyisi alentua keskim\u00e4\u00e4rin tietyll\u00e4 prosenttiyksik\u00f6ll\u00e4 vuosittain.<\/p>\n<p class=\"article-body mb-nof-24 px-nof-16\">Alunperin hallitus esitti, ett\u00e4 velkasuhteen alentamisvauhti olisi keskim\u00e4\u00e4rin yksi prosenttiyksikk\u00f6 vuodessa. Viime perjantain kompromissiesityksess\u00e4 hallitus tuli oppositiopuolueita vastaan esitt\u00e4m\u00e4ll\u00e4 alentamisvauhdiksi 0,75 prosenttiyksikk\u00f6\u00e4 vuodessa tai alij\u00e4\u00e4m\u00e4n pienent\u00e4mist\u00e4 0,5 prosenttiyksik\u00f6ll\u00e4 vuodessa suhteessa bkt:hen.<\/p>\n<p class=\"article-body mb-nof-24 px-nof-16\">Oppositiopuolueet ovat olleet sit\u00e4 mielt\u00e4, ett\u00e4 tarkkaa lukua ei ole j\u00e4rkev\u00e4\u00e4 kirjata lakiin, kun taas hallitus on pit\u00e4nyt tarpeellisena luvun kirjaamista lakiin.<\/p>\n<p class=\"article-body mb-nof-24 px-nof-16\">Hallituspuolueiden n\u00e4k\u00f6kulmasta kansallisen velkasuhteen alentamisvauhdin kirjaaminen lakiin EU:n vaatimusten lis\u00e4ksi tuo uskottavuutta lains\u00e4\u00e4d\u00e4nn\u00f6lle. Hallituksen mielest\u00e4 liian l\u00f6ys\u00e4\u00e4 velkajarrua ei kannata tehd\u00e4.<\/p>\n<p class=\"article-body mb-nof-24 px-nof-16\">Oppositio on esitt\u00e4nyt, ett\u00e4 rahoitusasematavoitteesta sovittaisiin parlamentaarisesti nelj\u00e4n vuoden v\u00e4lein sen sijaan, ett\u00e4 tarkka luku kirjattaisiin lakiin.<\/p>\n<p class=\"article-body mb-nof-24 px-nof-16\">IS:n tietojen mukaan parlamentaariselle prosessille on kannatusta sek\u00e4 oppositiossa ett\u00e4 hallituksessa. Sek\u00e4 oppositiossa ett\u00e4 hallituksessa on halua sitoutua velkasuhteen alentamiseen yli vaalikausien.<\/p>\n<p class=\"article-body mb-nof-24 px-nof-16\">IS kertoi omiin tietoihinsa viitaten <a class=\"article-genericlink\" href=\"https:\/\/www.is.fi\/politiikka\/art-2000011524907.html\" rel=\"nofollow noopener\" target=\"_blank\">aiemmin<\/a> keskiviikkona, ett\u00e4 ty\u00f6ryhm\u00e4ss\u00e4 on jo yhteisymm\u00e4rrys siit\u00e4, ett\u00e4 pitk\u00e4ll\u00e4 aikav\u00e4lill\u00e4 velkasuhdetavoitteeksi asetettaisiin ensin 60 prosenttia ja sitten 40 prosenttia.<\/p>\n<p class=\"article-body mb-nof-24 px-nof-16\">Hallitus esitti alunperin tavoitteeksi 40 prosenttia, mutta hallituspuolueet tulivat viime perjantain kompromissiesityksess\u00e4\u00e4n jo vastaan t\u00e4ss\u00e4 asiassa.<\/p>\n<p class=\"article-body mb-nof-24 px-nof-16\">EU edellytt\u00e4\u00e4, ett\u00e4 uusi laki julkisen talouden hoitamisesta tulee voimaan t\u00e4m\u00e4n vuoden lopussa, joten eduskuntaryhmill\u00e4 on kiire l\u00f6yt\u00e4\u00e4 yhteisymm\u00e4rrys laista.<\/p>\n<p class=\"article-body mb-nof-24 px-nof-16\">Hallituksella on mahdollisuus antaa oma esityksens\u00e4 eduskunnalle ilman parlamentaarista sopua, mutta oppositiopuolueiden sitoutuminen tiukkoihin s\u00e4\u00e4nt\u00f6ihin j\u00e4isi silloin kysymysmerkiksi.<\/p>\n<p class=\"article-body mb-nof-24 px-nof-16\">Parlamentaarisen ty\u00f6ryhm\u00e4n puheenjohtajana toimii perussuomalaisten eduskuntaryhm\u00e4n puheenjohtaja <a class=\"article-personlink\" href=\"https:\/\/www.is.fi\/haku\/?query=Jani%20M%C3%A4kel%C3%A4\" rel=\"nofollow noopener\" target=\"_blank\">Jani M\u00e4kel\u00e4<\/a>.<\/p>\n","protected":false},"excerpt":{"rendered":"Neuvotteluille velkajarrusta on annettu lis\u00e4aikaa ensi viikkoon. Velkajarrusta neuvotteleva parlamentaarinen ty\u00f6ryhm\u00e4 kokoontui keskiviikkoaamuna. IS:n saamien tietojen mukaan varsinaisia&hellip;\n","protected":false},"author":2,"featured_media":50587,"comment_status":"","ping_status":"","sticky":false,"template":"","format":"standard","meta":{"footnotes":""},"categories":[5],"tags":[22,23,26,27,33,31,30,17,34,24,25,28,29,15,18,21,32,19,20,16],"class_list":{"0":"post-50586","1":"post","2":"type-post","3":"status-publish","4":"format-standard","5":"has-post-thumbnail","7":"category-otsikot","8":"tag-breaking-news","9":"tag-breakingnews","10":"tag-featured-news","11":"tag-featurednews","12":"tag-fi","13":"tag-finland","14":"tag-finnish","15":"tag-headlines","16":"tag-ilta-sanomat","17":"tag-latest-news","18":"tag-latestnews","19":"tag-main-news","20":"tag-mainnews","21":"tag-news","22":"tag-otsikot","23":"tag-paauutiset","24":"tag-suomi","25":"tag-top-stories","26":"tag-topstories","27":"tag-uutiset"},"share_on_mastodon":{"url":"","error":""},"_links":{"self":[{"href":"https:\/\/www.europesays.com\/fi\/wp-json\/wp\/v2\/posts\/50586","targetHints":{"allow":["GET"]}}],"collection":[{"href":"https:\/\/www.europesays.com\/fi\/wp-json\/wp\/v2\/posts"}],"about":[{"href":"https:\/\/www.europesays.com\/fi\/wp-json\/wp\/v2\/types\/post"}],"author":[{"embeddable":true,"href":"https:\/\/www.europesays.com\/fi\/wp-json\/wp\/v2\/users\/2"}],"replies":[{"embeddable":true,"href":"https:\/\/www.europesays.com\/fi\/wp-json\/wp\/v2\/comments?post=50586"}],"version-history":[{"count":0,"href":"https:\/\/www.europesays.com\/fi\/wp-json\/wp\/v2\/posts\/50586\/revisions"}],"wp:featuredmedia":[{"embeddable":true,"href":"https:\/\/www.europesays.com\/fi\/wp-json\/wp\/v2\/media\/50587"}],"wp:attachment":[{"href":"https:\/\/www.europesays.com\/fi\/wp-json\/wp\/v2\/media?parent=50586"}],"wp:term":[{"taxonomy":"category","embeddable":true,"href":"https:\/\/www.europesays.com\/fi\/wp-json\/wp\/v2\/categories?post=50586"},{"taxonomy":"post_tag","embeddable":true,"href":"https:\/\/www.europesays.com\/fi\/wp-json\/wp\/v2\/tags?post=50586"}],"curies":[{"name":"wp","href":"https:\/\/api.w.org\/{rel}","templated":true}]}}