{"id":50590,"date":"2025-10-01T14:15:08","date_gmt":"2025-10-01T14:15:08","guid":{"rendered":"https:\/\/www.europesays.com\/fi\/50590\/"},"modified":"2025-10-01T14:15:08","modified_gmt":"2025-10-01T14:15:08","slug":"eniten-ahdistaa-kaikki-mita-nuoren-pahasta-olosta-pitaisi-ymmartaa-18-11-2025-klo-18-19","status":"publish","type":"post","link":"https:\/\/www.europesays.com\/fi\/50590\/","title":{"rendered":"Eniten ahdistaa kaikki \u2013 mit\u00e4 nuoren pahasta olosta pit\u00e4isi ymm\u00e4rt\u00e4\u00e4? 18.11.2025 klo 18-19"},"content":{"rendered":"<dl>\n<p><dt class=\"event-details__label\"><strong>Aika:<\/strong><\/dt>\n<dd class=\"event-details__value\">18.11.2025 klo 18:00 \u2013 19:00<\/dd>\n<\/p>\n<p><dt class=\"event-details__label\"><strong>Paikka:<\/strong><\/dt>\n<dd class=\"event-details__value\">Microsoft Teams (linkki alempana)<\/dd>\n<\/p>\n<p><dt class=\"event-details__label\"><strong>Hinta:<\/strong><\/dt>\n<dd class=\"event-details__value\">Maksuton<\/dd>\n<\/p>\n<p><dt class=\"event-details__label\"><strong>Lis\u00e4tiedot:<\/strong><\/dt>\n<dd class=\"event-details__value\">Ei ennakkoilmoittautumista. Otathan huomioon, ett\u00e4 muut tilaisuuteen osallistuvat n\u00e4kev\u00e4t kirjautumistietosi (s\u00e4hk\u00f6posti, nimi\/nimimerkki) Teamsissa. Tilaisuutta ei tallennetta. Osallistujien mikrofonit, kamerat ja chat \u2013keskustelu on etuk\u00e4teen suljettu j\u00e4rjest\u00e4jien toimesta. Tilaisuuteen voi tulla klo 17.50 alkaen.&#13;<br \/>\n&#13;<br \/>\nTilaisuus toistetaan samansis\u00e4lt\u00f6isen\u00e4 kuin 10.9.2025 tilaisuus.  <\/dd>\n<\/p>\n<\/dl>\n<p>Kenelle?<\/p>\n<p>Tilaisuus on tarkoitettu kaikille noin 12\u201319-vuotiaiden nuorten vanhemmille ja perheen aikuisille, jotka haluavat ymm\u00e4rt\u00e4\u00e4 nuoren ahdistuneisuutta tai pahaa oloa sek\u00e4 saada k\u00e4yt\u00e4nn\u00f6n keinoja ahdistuksen s\u00e4\u00e4telyyn. Saat tietoa siit\u00e4, mit\u00e4 ahdistus tarkoittaa, mik\u00e4 on normaalia nuoruuteen kuuluvaa kipuilua ja milloin nuoren pahaan oloon kannattaisi hakea ulkopuolista apua.<\/p>\n<p><strong><strong>Tilaisuudessa vastataan kysymyksiin<\/strong><\/strong><\/p>\n<ul class=\"wp-block-list\">\n<li>Mit\u00e4 ahdistus tarkoittaa?<\/li>\n<li>Mik\u00e4 on normaalia nuoruuteen kuuluvaa myrsky\u00e4 ja tunneaaltoilua?<\/li>\n<li>Milloin ja mist\u00e4 apua?<\/li>\n<li>Arkisia keinoja ahdistuksen lievitt\u00e4miseen ja s\u00e4\u00e4telyyn.<\/li>\n<\/ul>\n<p>Linkki tilaisuuteen<\/p>\n<p>Klikkaamalla alla olevaa linkki\u00e4, avautuu Microsoft Teams, josta p\u00e4\u00e4set liittym\u00e4\u00e4n tilaisuuteen. <\/p>\n<p>Haluatko linkin s\u00e4hk\u00f6postiisi?<\/p>\n<p>J\u00e4t\u00e4 etuk\u00e4teen kysymys<\/p>\n<p>Voit halutessasi j\u00e4tt\u00e4\u00e4 kysymyksen tilaisuuden asiantuntijalle 16.11.2025 menness\u00e4.<\/p>\n","protected":false},"excerpt":{"rendered":"Aika: 18.11.2025 klo 18:00 \u2013 19:00 Paikka: Microsoft Teams (linkki alempana) Hinta: Maksuton Lis\u00e4tiedot: Ei ennakkoilmoittautumista. Otathan huomioon,&hellip;\n","protected":false},"author":2,"featured_media":50591,"comment_status":"","ping_status":"","sticky":false,"template":"","format":"standard","meta":{"footnotes":""},"categories":[165],"tags":[33,31,30,166,32,167],"class_list":{"0":"post-50590","1":"post","2":"type-post","3":"status-publish","4":"format-standard","5":"has-post-thumbnail","7":"category-terveys","8":"tag-fi","9":"tag-finland","10":"tag-finnish","11":"tag-health","12":"tag-suomi","13":"tag-terveys"},"share_on_mastodon":{"url":"","error":""},"_links":{"self":[{"href":"https:\/\/www.europesays.com\/fi\/wp-json\/wp\/v2\/posts\/50590","targetHints":{"allow":["GET"]}}],"collection":[{"href":"https:\/\/www.europesays.com\/fi\/wp-json\/wp\/v2\/posts"}],"about":[{"href":"https:\/\/www.europesays.com\/fi\/wp-json\/wp\/v2\/types\/post"}],"author":[{"embeddable":true,"href":"https:\/\/www.europesays.com\/fi\/wp-json\/wp\/v2\/users\/2"}],"replies":[{"embeddable":true,"href":"https:\/\/www.europesays.com\/fi\/wp-json\/wp\/v2\/comments?post=50590"}],"version-history":[{"count":0,"href":"https:\/\/www.europesays.com\/fi\/wp-json\/wp\/v2\/posts\/50590\/revisions"}],"wp:featuredmedia":[{"embeddable":true,"href":"https:\/\/www.europesays.com\/fi\/wp-json\/wp\/v2\/media\/50591"}],"wp:attachment":[{"href":"https:\/\/www.europesays.com\/fi\/wp-json\/wp\/v2\/media?parent=50590"}],"wp:term":[{"taxonomy":"category","embeddable":true,"href":"https:\/\/www.europesays.com\/fi\/wp-json\/wp\/v2\/categories?post=50590"},{"taxonomy":"post_tag","embeddable":true,"href":"https:\/\/www.europesays.com\/fi\/wp-json\/wp\/v2\/tags?post=50590"}],"curies":[{"name":"wp","href":"https:\/\/api.w.org\/{rel}","templated":true}]}}