{"id":50601,"date":"2025-10-01T14:22:07","date_gmt":"2025-10-01T14:22:07","guid":{"rendered":"https:\/\/www.europesays.com\/fi\/50601\/"},"modified":"2025-10-01T14:22:07","modified_gmt":"2025-10-01T14:22:07","slug":"tampereen-juhlaviikonloppu-on-taynna-ihmeita-ja-ilmaisia-tapahtumia","status":"publish","type":"post","link":"https:\/\/www.europesays.com\/fi\/50601\/","title":{"rendered":"Tampereen juhlaviikonloppu on t\u00e4ynn\u00e4 ihmeit\u00e4 ja ilmaisia tapahtumia"},"content":{"rendered":"<p>Koko viikonlopun kest\u00e4v\u00e4 Tampere-p\u00e4iv\u00e4 kutsuu ihmisi\u00e4 ilmaistapahtumiin eri puolille kaupunkia.<\/p>\n<p class=\"article-body mb-nof-24 px-nof-16\">Aamulehti<\/p>\n<p>1. Hyv\u00e4\u00e4 syntym\u00e4p\u00e4iv\u00e4\u00e4!<\/p>\n<p class=\"article-body mb-nof-24 px-nof-16\">T\u00e4n\u00e4 syksyn\u00e4 246 vuotta t\u00e4ytt\u00e4v\u00e4 Tampereen kaupunki tarjoaa perinteisen Tampere-p\u00e4iv\u00e4n kunniaksi taas runsaasti tapahtumia. Ohjelmassa on opastuksia, k\u00e4velykierroksia, miniristeilyit\u00e4, avoimia ovia museoihin ja ty\u00f6pajoihin sek\u00e4 esittelyj\u00e4 ajankohtaisesta kaupunkisuunnittelusta.<\/p>\n<p class=\"article-body nof-ui-body-medium mb-nof-24 px-nof-16\">Tampere-p\u00e4iv\u00e4n ohjelmisto 3.\u20135. lokakuuta eri puolilla kaupunkia.<\/p>\n<p>2. Raskaita koneita<\/p>\n<p class=\"article-body mb-nof-24 px-nof-16\">Tampereen p\u00e4iv\u00e4n ehk\u00e4 n\u00e4kyvin tapahtuma on lauantaina Keskustorilla, miss\u00e4 paikalliset teollisuusyritykset esittelev\u00e4t valtavia koneitaan. Esill\u00e4 on niin tulevaisuuden tekniikkaa kuin kiehtovia, liikkuvia ty\u00f6koneita. Koko perheen tapahtumassa on mukana my\u00f6s Pikku Myy, Muumipeikko ja Nipsu.<\/p>\n<p class=\"article-body nof-ui-body-medium mb-nof-24 px-nof-16\">Isot koneet Keskustorilla 4. lokakuuta alkaen kello 10.<\/p>\n<p>3. Kummitusten karnevaali<\/p>\n<p class=\"article-body mb-nof-24 px-nof-16\">S\u00e4rk\u00e4nniemen huvipuistossa alkaa jokasyksyinen kummittelu Karmivan karnevaalin muodossa. T\u00e4n\u00e4 vuonna tarjolla on muun muassa Kepposten keidas, Hehkumahkun teatteriseurue, ennustajia ja paljon muuta. Pime\u00e4n laskeuduttua hyyt\u00e4v\u00e4t kauhukohteet her\u00e4\u00e4v\u00e4t eloon.<\/p>\n<p class=\"article-body nof-ui-body-medium mb-nof-24 px-nof-16\">Karmiva karnevaali S\u00e4rk\u00e4nniemess\u00e4 3.\u20135. lokakuuta sek\u00e4 9.\u201318. lokakuuta.<\/p>\n<p>4. Tartu haravaan!<\/p>\n<p class=\"article-body mb-nof-24 px-nof-16\">Arboretumin yst\u00e4v\u00e4t j\u00e4rjest\u00e4v\u00e4t Hatanp\u00e4\u00e4n kartanopuistossa puutarhatalkoot. Talkoiden aikana haravoidaan lehti\u00e4, ker\u00e4t\u00e4\u00e4n risuja ja roskia. Kokoontumispaikka on Boijenkadun p\u00e4\u00e4ss\u00e4 oleva grillauspaikka, jossa osallistujat saavat ty\u00f6v\u00e4lineet ja toimintaohjeet. Paikalla on mahdollisuus my\u00f6s omaehtoiseen grillaamiseen.<\/p>\n<p class=\"article-body nof-ui-body-medium mb-nof-24 px-nof-16\">Talkoot Hatanp\u00e4\u00e4n puistossa ja Arboretumissa 4. lokakuuta kello 10\u201314.<\/p>\n<p>5. Keskustan korttelijuhla<\/p>\n<p class=\"article-body mb-nof-24 px-nof-16\">Viime vuonna ensi kertaa j\u00e4rjestetty Aleksanterinkadun kivijalkayritysten Block Party j\u00e4rjestet\u00e4\u00e4n taas. Mukana on 31 alueen yrityst\u00e4 erikoisliikkeist\u00e4 ravintoloihin Aleksanterinkadulla ja sen l\u00e4heisyydess\u00e4. Erikoistarjouksia ja ohjelmaa on luvassa aamusta iltaan.<\/p>\n<p class=\"article-body nof-ui-body-medium mb-nof-24 px-nof-16\">Aleksanterinkatu Block Party 4. lokakuuta kello 8\u201323.<\/p>\n","protected":false},"excerpt":{"rendered":"Koko viikonlopun kest\u00e4v\u00e4 Tampere-p\u00e4iv\u00e4 kutsuu ihmisi\u00e4 ilmaistapahtumiin eri puolille kaupunkia. Aamulehti 1. Hyv\u00e4\u00e4 syntym\u00e4p\u00e4iv\u00e4\u00e4! T\u00e4n\u00e4 syksyn\u00e4 246 vuotta&hellip;\n","protected":false},"author":2,"featured_media":50602,"comment_status":"","ping_status":"","sticky":false,"template":"","format":"standard","meta":{"footnotes":""},"categories":[12],"tags":[157,22,23,26,27,33,31,30,17,24,25,28,29,15,18,21,32,19,20,16],"class_list":{"0":"post-50601","1":"post","2":"type-post","3":"status-publish","4":"format-standard","5":"has-post-thumbnail","7":"category-suomi","8":"tag-aamulehti","9":"tag-breaking-news","10":"tag-breakingnews","11":"tag-featured-news","12":"tag-featurednews","13":"tag-fi","14":"tag-finland","15":"tag-finnish","16":"tag-headlines","17":"tag-latest-news","18":"tag-latestnews","19":"tag-main-news","20":"tag-mainnews","21":"tag-news","22":"tag-otsikot","23":"tag-paauutiset","24":"tag-suomi","25":"tag-top-stories","26":"tag-topstories","27":"tag-uutiset"},"share_on_mastodon":{"url":"","error":""},"_links":{"self":[{"href":"https:\/\/www.europesays.com\/fi\/wp-json\/wp\/v2\/posts\/50601","targetHints":{"allow":["GET"]}}],"collection":[{"href":"https:\/\/www.europesays.com\/fi\/wp-json\/wp\/v2\/posts"}],"about":[{"href":"https:\/\/www.europesays.com\/fi\/wp-json\/wp\/v2\/types\/post"}],"author":[{"embeddable":true,"href":"https:\/\/www.europesays.com\/fi\/wp-json\/wp\/v2\/users\/2"}],"replies":[{"embeddable":true,"href":"https:\/\/www.europesays.com\/fi\/wp-json\/wp\/v2\/comments?post=50601"}],"version-history":[{"count":0,"href":"https:\/\/www.europesays.com\/fi\/wp-json\/wp\/v2\/posts\/50601\/revisions"}],"wp:featuredmedia":[{"embeddable":true,"href":"https:\/\/www.europesays.com\/fi\/wp-json\/wp\/v2\/media\/50602"}],"wp:attachment":[{"href":"https:\/\/www.europesays.com\/fi\/wp-json\/wp\/v2\/media?parent=50601"}],"wp:term":[{"taxonomy":"category","embeddable":true,"href":"https:\/\/www.europesays.com\/fi\/wp-json\/wp\/v2\/categories?post=50601"},{"taxonomy":"post_tag","embeddable":true,"href":"https:\/\/www.europesays.com\/fi\/wp-json\/wp\/v2\/tags?post=50601"}],"curies":[{"name":"wp","href":"https:\/\/api.w.org\/{rel}","templated":true}]}}