{"id":50603,"date":"2025-10-01T14:23:08","date_gmt":"2025-10-01T14:23:08","guid":{"rendered":"https:\/\/www.europesays.com\/fi\/50603\/"},"modified":"2025-10-01T14:23:08","modified_gmt":"2025-10-01T14:23:08","slug":"eeva-ella-kanninen-kertoo-lapsistaan","status":"publish","type":"post","link":"https:\/\/www.europesays.com\/fi\/50603\/","title":{"rendered":"Eeva: Ella Kanninen kertoo lapsistaan"},"content":{"rendered":"<p>Kanninen sanoo olevansa tiukka kasvattaja.<\/p>\n<p class=\"article-body mb-nof-24 px-nof-16\">Juontaja <a class=\"article-personlink\" href=\"https:\/\/www.is.fi\/haku\/?query=Ella%20Kanninen\" rel=\"nofollow noopener\" target=\"_blank\">Ella Kanninen<\/a>, 50, kertoo <a class=\"article-genericlink\" href=\"https:\/\/www.eeva.fi\/jutut\/ella-kanninen-emme-ela-enaa-hullaantumisen-aikaa-mutta-suhteemme-toimii\" rel=\"nofollow noopener\" target=\"_blank\">Eeva-lehden<\/a> haastattelussa olevansa tyytym\u00e4t\u00f6n itsess\u00e4\u00e4n siihen, ett\u00e4 v\u00e4lill\u00e4 pinna palaa teini-ik\u00e4isten lasten edess\u00e4. Kannisella on kaksi teini-ik\u00e4ist\u00e4 lasta puolisonsa kanssa.<\/p>\n<p class=\"article-body mb-nof-24 px-nof-16\">\u2013 Kun minulla menee hermot, se kuuluu ja n\u00e4kyy. Kasvatusoppaat toitottavat, ettei raivoa saa n\u00e4ytt\u00e4\u00e4 lasten edess\u00e4. Min\u00e4 raivoan, varsinkin, kun tunnen ep\u00e4oikeudenmukaisuutta.<\/p>\n<p class=\"article-body mb-nof-24 px-nof-16\">\u2013 Olisi tarpeellinen taito osata laskea kymmeneen, j\u00e4tt\u00e4\u00e4 tilanne sikseen ja palata asiaan my\u00f6hemmin. Olen tiukka kasvattaja mit\u00e4 tulee kotiintuloaikoihin, kiitt\u00e4miseen ja lupausten pit\u00e4miseen. Mutta tiedostan, ettei karjuminen ole paras tapa ratkaista asioita, Kanninen sanoo lehdess\u00e4.<\/p>\n<p class=\"article-body mb-nof-24 px-nof-16\">Lehdess\u00e4 h\u00e4n kertoo my\u00f6s, ett\u00e4 italialainen puoliso rauhoittelee silloin, kun h\u00e4n alkaa k\u00e4yd\u00e4 kierroksilla.<\/p>\n<p class=\"article-body mb-nof-24 px-nof-16\">Kanninen kertoi IS:lle vuonna 2024 Suomen ja Italian kulttuurieroista. Yksi iso ero on ruokarytmiss\u00e4.<\/p>\n<p class=\"article-body mb-nof-24 px-nof-16\">\u2013 Italialaisten el\u00e4m\u00e4\u00e4 rytmitt\u00e4\u00e4 s\u00e4\u00e4nn\u00f6llinen sy\u00f6minen, heh\u00e4n ovat suorastaan vihkiytyneit\u00e4 siihen.<\/p>\n<p class=\"article-body mb-nof-24 px-nof-16\">Kanninen pit\u00e4\u00e4 samasta ruokarytmist\u00e4 kiinni my\u00f6s ollessaan Suomessa. Lounas on kello 12.30 ja p\u00e4iv\u00e4llinen 19.30.<\/p>\n<p class=\"article-body mb-nof-24 px-nof-16\">\u2013 Siit\u00e4 on tullut tapa, josta on my\u00f6s terveydellist\u00e4 hy\u00f6ty\u00e4 esimerkiksi painonhallinnan suhteen.<\/p>\n<p class=\"article-body mb-nof-24 px-nof-16\">Kanninen tiet\u00e4\u00e4, ett\u00e4 Suomessa on viime vuosina ohjeistettu sy\u00f6m\u00e4\u00e4n muutaman tunnin v\u00e4lein pieni\u00e4 aterioita.<\/p>\n<p class=\"article-body mb-nof-24 px-nof-16\">\u2013 T\u00e4m\u00e4 on t\u00e4ysin yksil\u00f6llist\u00e4. Minulle on kolahtanut ja my\u00f6s selv\u00e4sti sopii, ett\u00e4 p\u00e4iv\u00e4ss\u00e4 on pari p\u00e4\u00e4ateriaa. Jollekin muulle k\u00e4y toinen tapa.<\/p>\n<p class=\"article-body mb-nof-24 px-nof-16\">Ruokarytmin lis\u00e4ksi tulee muistaa annoskoot.<\/p>\n<p class=\"article-body mb-nof-24 px-nof-16\">\u2013 Lautaselle ei m\u00e4tet\u00e4 j\u00e4rjet\u00f6nt\u00e4 annosta eik\u00e4 aterioiden v\u00e4liss\u00e4 napostella. Ei m\u00e4ssytet\u00e4 sipsej\u00e4 ja karkkeja eik\u00e4 juoda limuja kuten Suomessa, jossa niit\u00e4 k\u00e4ytet\u00e4\u00e4n aivan hirveit\u00e4 m\u00e4\u00e4ri\u00e4.<\/p>\n<p class=\"article-body mb-nof-24 px-nof-16\">Kanninen perheineen on viett\u00e4nyt viime vuosina tavallista enemm\u00e4n aikaa Suomessa. Perheen kaksi poikaa ovat t\u00e4\u00e4ll\u00e4 oppineet suomalaisen tavan: kavereiden kanssa haetaan kaupasta jotain naposteltavaa.<\/p>\n<p class=\"article-body mb-nof-24 px-nof-16\">\u2013 Ero Italiaan on kuin p\u00e4iv\u00e4 ja y\u00f6. Italiassa karkit ja sipsit kuuluvat lasten syntym\u00e4p\u00e4iv\u00e4juhliin ja vastaaviin tilaisuuksiin. Niit\u00e4 ei mussuteta p\u00e4ivitt\u00e4in kuten Suomessa.<\/p>\n","protected":false},"excerpt":{"rendered":"Kanninen sanoo olevansa tiukka kasvattaja. Juontaja Ella Kanninen, 50, kertoo Eeva-lehden haastattelussa olevansa tyytym\u00e4t\u00f6n itsess\u00e4\u00e4n siihen, ett\u00e4 v\u00e4lill\u00e4&hellip;\n","protected":false},"author":2,"featured_media":50604,"comment_status":"","ping_status":"","sticky":false,"template":"","format":"standard","meta":{"footnotes":""},"categories":[5],"tags":[22,23,26,27,33,31,30,17,34,24,25,28,29,15,18,21,32,19,20,16],"class_list":{"0":"post-50603","1":"post","2":"type-post","3":"status-publish","4":"format-standard","5":"has-post-thumbnail","7":"category-otsikot","8":"tag-breaking-news","9":"tag-breakingnews","10":"tag-featured-news","11":"tag-featurednews","12":"tag-fi","13":"tag-finland","14":"tag-finnish","15":"tag-headlines","16":"tag-ilta-sanomat","17":"tag-latest-news","18":"tag-latestnews","19":"tag-main-news","20":"tag-mainnews","21":"tag-news","22":"tag-otsikot","23":"tag-paauutiset","24":"tag-suomi","25":"tag-top-stories","26":"tag-topstories","27":"tag-uutiset"},"share_on_mastodon":{"url":"","error":""},"_links":{"self":[{"href":"https:\/\/www.europesays.com\/fi\/wp-json\/wp\/v2\/posts\/50603","targetHints":{"allow":["GET"]}}],"collection":[{"href":"https:\/\/www.europesays.com\/fi\/wp-json\/wp\/v2\/posts"}],"about":[{"href":"https:\/\/www.europesays.com\/fi\/wp-json\/wp\/v2\/types\/post"}],"author":[{"embeddable":true,"href":"https:\/\/www.europesays.com\/fi\/wp-json\/wp\/v2\/users\/2"}],"replies":[{"embeddable":true,"href":"https:\/\/www.europesays.com\/fi\/wp-json\/wp\/v2\/comments?post=50603"}],"version-history":[{"count":0,"href":"https:\/\/www.europesays.com\/fi\/wp-json\/wp\/v2\/posts\/50603\/revisions"}],"wp:featuredmedia":[{"embeddable":true,"href":"https:\/\/www.europesays.com\/fi\/wp-json\/wp\/v2\/media\/50604"}],"wp:attachment":[{"href":"https:\/\/www.europesays.com\/fi\/wp-json\/wp\/v2\/media?parent=50603"}],"wp:term":[{"taxonomy":"category","embeddable":true,"href":"https:\/\/www.europesays.com\/fi\/wp-json\/wp\/v2\/categories?post=50603"},{"taxonomy":"post_tag","embeddable":true,"href":"https:\/\/www.europesays.com\/fi\/wp-json\/wp\/v2\/tags?post=50603"}],"curies":[{"name":"wp","href":"https:\/\/api.w.org\/{rel}","templated":true}]}}