{"id":50605,"date":"2025-10-01T14:24:14","date_gmt":"2025-10-01T14:24:14","guid":{"rendered":"https:\/\/www.europesays.com\/fi\/50605\/"},"modified":"2025-10-01T14:24:14","modified_gmt":"2025-10-01T14:24:14","slug":"minkki-ilmestyi-omakotitalon-vessaan-kurkelantiella-nakkilassa-2","status":"publish","type":"post","link":"https:\/\/www.europesays.com\/fi\/50605\/","title":{"rendered":"Minkki ilmestyi omakotitalon vessaan Kurkelantiell\u00e4 Nakkilassa"},"content":{"rendered":"<p>Satakunnan pelastuslaitos sai h\u00e4lytyksen el\u00e4imen pelastamisteht\u00e4v\u00e4\u00e4n tiistaina aamulla.<\/p>\n<p>30.9. 7:57<\/p>\n<p class=\"article-body mb-nof-24 px-nof-16\">Nakkila<\/p>\n<p class=\"article-body mb-nof-24 px-nof-16\">Omakotitalon asukkaat havahtuivat vessasta kuuluvaan voimakkaaseen rapinaan Kurkelantiell\u00e4 Nakkilassa tiistaina aamulla. Ovesta kurkistettuaan he p\u00e4\u00e4ttiv\u00e4t h\u00e4lytt\u00e4\u00e4 Satakunnan pelastuslaitoksen paikalle hieman ennen seitsem\u00e4\u00e4.<\/p>\n<p class=\"article-body mb-nof-24 px-nof-16\">\u201dSaimme etuk\u00e4teen tiedon, mink\u00e4 kokoisesta el\u00e4imest\u00e4 oli kyse. Kun menimme paikalle, vierailija tunnistettiin minkiksi. Saimme sen ohjattua ulos talosta, ja se jatkoi matkaansa luontoon vahingoittumattomana\u201d, kuvaili p\u00e4ivyst\u00e4v\u00e4 palomestari <a class=\"article-personlink\" href=\"https:\/\/www.satakunnankansa.fi\/haku\/?query=Tuomas%20Kiskola\" rel=\"nofollow noopener\" target=\"_blank\">Tuomas Kiskola<\/a>.<\/p>\n<p class=\"article-body mb-nof-24 px-nof-16\">H\u00e4n arvelee el\u00e4imen p\u00e4\u00e4sseen vessan viem\u00e4rin kautta.<\/p>\n<p class=\"article-body mb-nof-24 px-nof-16\">\u201dEi siell\u00e4 oikein ollut muuta vaihtoehtoa.\u201d<\/p>\n","protected":false},"excerpt":{"rendered":"Satakunnan pelastuslaitos sai h\u00e4lytyksen el\u00e4imen pelastamisteht\u00e4v\u00e4\u00e4n tiistaina aamulla. 30.9. 7:57 Nakkila Omakotitalon asukkaat havahtuivat vessasta kuuluvaan voimakkaaseen rapinaan&hellip;\n","protected":false},"author":2,"featured_media":50606,"comment_status":"","ping_status":"","sticky":false,"template":"","format":"standard","meta":{"footnotes":""},"categories":[117],"tags":[33,31,30,72,476,80,118,32,119,477],"class_list":{"0":"post-50605","1":"post","2":"type-post","3":"status-publish","4":"format-standard","5":"has-post-thumbnail","7":"category-luonto","8":"tag-fi","9":"tag-finland","10":"tag-finnish","11":"tag-luonto","12":"tag-nature","13":"tag-satakunnan-kansa","14":"tag-science","15":"tag-suomi","16":"tag-tiede","17":"tag-wildlife"},"share_on_mastodon":{"url":"","error":""},"_links":{"self":[{"href":"https:\/\/www.europesays.com\/fi\/wp-json\/wp\/v2\/posts\/50605","targetHints":{"allow":["GET"]}}],"collection":[{"href":"https:\/\/www.europesays.com\/fi\/wp-json\/wp\/v2\/posts"}],"about":[{"href":"https:\/\/www.europesays.com\/fi\/wp-json\/wp\/v2\/types\/post"}],"author":[{"embeddable":true,"href":"https:\/\/www.europesays.com\/fi\/wp-json\/wp\/v2\/users\/2"}],"replies":[{"embeddable":true,"href":"https:\/\/www.europesays.com\/fi\/wp-json\/wp\/v2\/comments?post=50605"}],"version-history":[{"count":0,"href":"https:\/\/www.europesays.com\/fi\/wp-json\/wp\/v2\/posts\/50605\/revisions"}],"wp:featuredmedia":[{"embeddable":true,"href":"https:\/\/www.europesays.com\/fi\/wp-json\/wp\/v2\/media\/50606"}],"wp:attachment":[{"href":"https:\/\/www.europesays.com\/fi\/wp-json\/wp\/v2\/media?parent=50605"}],"wp:term":[{"taxonomy":"category","embeddable":true,"href":"https:\/\/www.europesays.com\/fi\/wp-json\/wp\/v2\/categories?post=50605"},{"taxonomy":"post_tag","embeddable":true,"href":"https:\/\/www.europesays.com\/fi\/wp-json\/wp\/v2\/tags?post=50605"}],"curies":[{"name":"wp","href":"https:\/\/api.w.org\/{rel}","templated":true}]}}