{"id":5061,"date":"2025-08-14T02:04:29","date_gmt":"2025-08-14T02:04:29","guid":{"rendered":"https:\/\/www.europesays.com\/fi\/5061\/"},"modified":"2025-08-14T02:04:29","modified_gmt":"2025-08-14T02:04:29","slug":"maailma-on-muuttunut-nain-mikkelin-kehitysjohtaja-perustelee-kohupaatosta-jota-kritisoi-ministerikin","status":"publish","type":"post","link":"https:\/\/www.europesays.com\/fi\/5061\/","title":{"rendered":"\u201dMaailma on muuttunut\u201d \u2013 N\u00e4in Mikkelin kehitysjohtaja perustelee kohup\u00e4\u00e4t\u00f6st\u00e4, jota kritisoi ministerikin"},"content":{"rendered":"<p>Mikkelin kaupunkikehitysjohtaja Jouni Riihel\u00e4 kertoo ymm\u00e4rt\u00e4v\u00e4ns\u00e4 muuttamaan joutuvien nykyisten asukkaiden harmituksen.<\/p>\n<p><img decoding=\"async\" class=\"image image-show image-preview\" src=\"https:\/\/www.europesays.com\/fi\/wp-content\/uploads\/2025\/08\/24c562de150307efbabfdda5c5b086c27b71f447d286e4ff48cc9b599b319e88.jpg\" alt=\"\"\/><img decoding=\"async\" class=\"image image-show\" src=\"https:\/\/www.europesays.com\/fi\/wp-content\/uploads\/2025\/08\/1755137069_764_24c562de150307efbabfdda5c5b086c27b71f447d286e4ff48cc9b599b319e88.jpg\" alt=\"\"\/><\/p>\n<p>Suonsaarentien 31:n nykyisten asukkaiden vuokrasopimukset irtisanottiin kes\u00e4kuun lopulla. Ari Manninen<\/p>\n<ul>\n<li>Mikkelin kaupunki on irtisanonut rivitaloistaan yhdeks\u00e4n vuokrasopimusta tehd\u00e4kseen tilaa vastaanottokeskukselle.<\/li>\n<li>Mikkelin kaupunkikehitysjohtajan mukaan ratkaisu oli vaihtoehdoista v\u00e4hiten harmia aiheuttava.<\/li>\n<li>Vastaanottokeskusta perustellaan taloudellisin syin sek\u00e4 kansainv\u00e4lisell\u00e4 solidaarisuudella.<\/li>\n<\/ul>\n<p class=\"paragraph\">Mikkeliss\u00e4 kaupungin rivitalon asukkaat joutuvat muuttamaan tehd\u00e4kseen tilaa vastaanottokeskuksen asiakkaille. Kaupunki vuokraa Suonsaarentie 31:n rivitalot jatkossa vastaanottokeskuspalveluita tarjoavalle Luona oy:lle.<\/p>\n<p class=\"paragraph\">\u2013 T\u00e4m\u00e4 oli ehk\u00e4 sitten loppupeleiss\u00e4 konkreettisista vaihtoehdoista se, joka tuntui aiheuttavan alueella, asukkaille ja muillekin, v\u00e4hiten harmia. Ei ollut olemassa ratkaisua, joka ei aiheuttaisi kenellek\u00e4\u00e4n harmia, Mikkelin kaupunkikehitysjohtaja <strong>Jouni Riihel\u00e4<\/strong> perustelee p\u00e4\u00e4t\u00f6st\u00e4.<\/p>\n<p class=\"paragraph\">Riihel\u00e4n mukaan my\u00f6s muut vaihtoehdot olivat sellaisia, ett\u00e4 joku olisi joutunut j\u00e4tt\u00e4m\u00e4\u00e4n kotinsa.<\/p>\n<p class=\"paragraph\">Suonsaarentie 31:n rivitalojen vieress\u00e4 on toiminut vastaanottokeskus vuodesta 2015 l\u00e4htien.<\/p>\n<p class=\"paragraph\">Uusimmassa vastaanottokeskusta koskevassa kilpailutuksessa maahanmuuttovirasto Migri vaati, ett\u00e4 keskuksessa on oltava 300 asukaspaikkaa. Vastaanottokeskuksen p\u00e4\u00e4rakennuksessa ei ole riitt\u00e4v\u00e4sti tilaa, ja siksi osa keskuksen asukkaista aiotaan nyt majoittaa kolmeen Suonsaarentie 31:n rivitaloon.<\/p>\n<p>Remontin tarpeessa<\/p>\n<p class=\"paragraph\">Riihel\u00e4 kertoo, ett\u00e4 remontoidussa vastaanottokeskuksen p\u00e4\u00e4rakennuksessa on nyt noin 200 asiakaspaikkaa. Loput asukkaista on Riihel\u00e4n k\u00e4sityksen mukaan tarkoitus sijoittaa rivitaloihin.<\/p>\n<p class=\"paragraph\">K\u00e4yt\u00e4nn\u00f6ss\u00e4 vastaanottokeskuksen j\u00e4rjestelyist\u00e4 vastaa Migrin kanssa vastaanottopalveluiden tuottamista koskevan sopimuksen tehnyt Luona oy. Iltalehti ei tavoittanut Luonan vastaanottopalveluiden johtajaa <strong>Mari Saarta<\/strong> kommentoimaan asiaa.<\/p>\n<p class=\"paragraph\">Vastaanottokeskuksen k\u00e4ytt\u00f6\u00f6n vuokrattavissa kolmessa rivitalossa on yhteens\u00e4 18 asuntoa. T\u00e4ll\u00e4 hetkell\u00e4 vuokrasopimus on voimassa niist\u00e4 yhdeks\u00e4ss\u00e4, ja Riihel\u00e4n k\u00e4sityksen mukaan asukkaita on yhteens\u00e4 13.<\/p>\n<p class=\"paragraph\">Kes\u00e4kuun alussa Mikkelin kaupunginvaltuusto my\u00f6nsi 180\u202f000 euron m\u00e4\u00e4r\u00e4rahan vastaanottokeskuksen p\u00e4\u00e4rakennuksen sek\u00e4 rivitalojen remontointiin.<\/p>\n<p class=\"paragraph\">Riihel\u00e4n mukaan p\u00e4\u00e4rakennuksen remontti on p\u00e4\u00e4piirteitt\u00e4in valmis, ja rivitalojen remontointi aloitetaan niiden tyhjentyess\u00e4. P\u00e4\u00e4asiassa remontointi on korjausvelan lyhent\u00e4mist\u00e4.<\/p>\n<p class=\"paragraph\">Juttu jatkuu kuvan j\u00e4lkeen.<\/p>\n<p>Mikkelin kaupunkikehitysjohtaja Jouni Riihel\u00e4. Mikkelin kaupunki<\/p>\n<p>Vaihtoehtoisia asuntoja<\/p>\n<p class=\"paragraph\">Kaupunki irtisanoi rivitalojen nykyisten asukkaiden vuokrasopimukset kes\u00e4kuun lopulla. Riihel\u00e4n mukaan sopimusten irtisanomisaika on p\u00e4\u00e4s\u00e4\u00e4nt\u00f6isesti kuusi kuukautta, jolloin vuokrasopimus p\u00e4\u00e4ttyy joulukuun lopussa.<\/p>\n<p class=\"paragraph\">Riihel\u00e4 kertoo, ett\u00e4 kaupunki j\u00e4rjesti kes\u00e4kuussa Suonsaarentie 31:n nykyisille asukkaille asukasillan, jossa irtisanomisista ilmoitettiin.<\/p>\n<p class=\"paragraph\">Mikkelin kaupunki on tarjonnut muuttamaan joutuville asukkaille muita vuokra-asuntojaan. Sijainniltaan ja vuokratasoltaan aivan vastaavia asuntoja kaupungilla ei kuitenkaan ole Suonsaarentien asukkaille tarjota, Riihel\u00e4 arvelee.<\/p>\n<p class=\"paragraph\">\u2013 Kyll\u00e4 sielt\u00e4 kaiken kaikkiaan l\u00f6ytyi niit\u00e4 vaihtoehtoja. Mutta me emme voi asuttaa ket\u00e4\u00e4n, vaan ihminen itse valitsee sen asumisen mahdollisuuden.<\/p>\n<p>Kaksi miljoonaa kaupungille<\/p>\n<p class=\"paragraph\">Riihel\u00e4n mukaan vastaanottokeskus on kaupungille merkityksellinen monessakin mieless\u00e4.<\/p>\n<p class=\"paragraph\">\u2013 En v\u00e4h\u00e4ttele sit\u00e4 arvoketjun merkityst\u00e4. Siell\u00e4 on t\u00e4ll\u00e4 hetkell\u00e4 ty\u00f6paikkoja, ja totta kai jos heill\u00e4 ei olisi ty\u00f6t\u00e4, niin se olisi my\u00f6s perhetragedia, Riihel\u00e4 huomauttaa.<\/p>\n<p class=\"paragraph\">\u2013 Ja toisaalta kyse on my\u00f6s kansainv\u00e4lisyydest\u00e4 ja solidaarisuudesta. Maailmalla on paljon kriisipes\u00e4kkeit\u00e4.<\/p>\n<p class=\"paragraph\">Toukokuisessa kaupunginhallituksen kokouksessa asiaa valmistellut Riihel\u00e4 kertoi, ett\u00e4 vastaanottokeskuksesta arvioidaan kanavoituvan vuosittain noin kaksi miljoonaa euroa kaupungille ja sen talousalueelle esimerkiksi vuokratuloina ja paikallisilta yrityksilt\u00e4 teht\u00e4vin\u00e4 ostoina.<\/p>\n<p class=\"paragraph\">Mikkelin toiminta on her\u00e4tt\u00e4nyt kritiikki\u00e4 <a href=\"https:\/\/www.iltalehti.fi\/politiikka\/2e237b9c-24ee-4dfb-bb1f-8cf4d74f363c\" rel=\"nofollow noopener\" target=\"_blank\">ministeritasolla<\/a> asti. Kaupunkikehitysjohtaja ei kuitenkaan usko, ett\u00e4 kaupunki harkitsisi asiaa viel\u00e4 uudelleen.<\/p>\n<p class=\"paragraph\">\u2013 Meill\u00e4 on lainvoimaiset p\u00e4\u00e4t\u00f6kset investoinneista ja aika selke\u00e4 polku. T\u00e4ll\u00e4 hetkell\u00e4 olemme kyll\u00e4 etenem\u00e4ss\u00e4 sit\u00e4 polkua.<\/p>\n<p>Suonsaarentien rivitaloissa on 18 asuntoa ja 13 asukasta. Ari Manninen<\/p>\n<p>\u201dMaailma on muuttunut\u201d<\/p>\n<p class=\"paragraph\">Riihel\u00e4 kertoo ymm\u00e4rt\u00e4v\u00e4ns\u00e4 rivitalon nykyisten asukkaiden kokeman mielipahan.<\/p>\n<p class=\"paragraph\">\u2013 T\u00e4ysin ymm\u00e4rr\u00e4n kyll\u00e4 asukkaiden harmituksen, enk\u00e4 miss\u00e4\u00e4n tapauksessa halua sit\u00e4 v\u00e4h\u00e4tell\u00e4. Niit\u00e4 tunteita k\u00e4ytiin my\u00f6s l\u00e4pi silloin kes\u00e4kuussa, kun vietettiin sit\u00e4 asukasiltaa ja k\u00e4ytiin asioita l\u00e4pi. Kyll\u00e4 ne tunteet tulivat l\u00e4pi, ja minun mielest\u00e4ni se on ihan ymm\u00e4rrett\u00e4v\u00e4\u00e4.<\/p>\n<p class=\"paragraph\">Riihel\u00e4n mukaan kaupunki ei ole toiminnallaan asettamassa ulkomaalaisia suomalaisten edelle. H\u00e4n kuitenkin kertoo ymm\u00e4rt\u00e4v\u00e4ns\u00e4, jos joku asian niin n\u00e4kee.<\/p>\n<p class=\"paragraph\">\u2013 Tietyll\u00e4 tavalla ymm\u00e4rr\u00e4n sen asian oikein hyvin, mutta siit\u00e4 huolimatta t\u00e4ytyy ik\u00e4\u00e4n kuin n\u00e4hd\u00e4 vastarannalle yli aaltojen. Maailma on muuttunut, ja t\u00e4ytyy l\u00f6yt\u00e4\u00e4 ratkaisuja, joilla t\u00e4m\u00e4ntyyppiset asiat voidaan hyv\u00e4ksytt\u00e4v\u00e4sti ratkaista.<\/p>\n","protected":false},"excerpt":{"rendered":"Mikkelin kaupunkikehitysjohtaja Jouni Riihel\u00e4 kertoo ymm\u00e4rt\u00e4v\u00e4ns\u00e4 muuttamaan joutuvien nykyisten asukkaiden harmituksen. Suonsaarentien 31:n nykyisten asukkaiden vuokrasopimukset irtisanottiin kes\u00e4kuun&hellip;\n","protected":false},"author":2,"featured_media":5062,"comment_status":"","ping_status":"","sticky":false,"template":"","format":"standard","meta":{"footnotes":""},"categories":[12],"tags":[35,681,36,542,22,23,26,27,33,31,30,17,3081,1833,24,25,28,29,15,18,21,32,19,20,16],"class_list":{"0":"post-5061","1":"post","2":"type-post","3":"status-publish","4":"format-standard","5":"has-post-thumbnail","7":"category-suomi","8":"tag-24h","9":"tag-alue-ja-paikallishallinto","10":"tag-asuintalot-ja-asunnot","11":"tag-asuminen","12":"tag-breaking-news","13":"tag-breakingnews","14":"tag-featured-news","15":"tag-featurednews","16":"tag-fi","17":"tag-finland","18":"tag-finnish","19":"tag-headlines","20":"tag-kiinteistot","21":"tag-kunnat","22":"tag-latest-news","23":"tag-latestnews","24":"tag-main-news","25":"tag-mainnews","26":"tag-news","27":"tag-otsikot","28":"tag-paauutiset","29":"tag-suomi","30":"tag-top-stories","31":"tag-topstories","32":"tag-uutiset"},"share_on_mastodon":{"url":"","error":""},"_links":{"self":[{"href":"https:\/\/www.europesays.com\/fi\/wp-json\/wp\/v2\/posts\/5061","targetHints":{"allow":["GET"]}}],"collection":[{"href":"https:\/\/www.europesays.com\/fi\/wp-json\/wp\/v2\/posts"}],"about":[{"href":"https:\/\/www.europesays.com\/fi\/wp-json\/wp\/v2\/types\/post"}],"author":[{"embeddable":true,"href":"https:\/\/www.europesays.com\/fi\/wp-json\/wp\/v2\/users\/2"}],"replies":[{"embeddable":true,"href":"https:\/\/www.europesays.com\/fi\/wp-json\/wp\/v2\/comments?post=5061"}],"version-history":[{"count":0,"href":"https:\/\/www.europesays.com\/fi\/wp-json\/wp\/v2\/posts\/5061\/revisions"}],"wp:featuredmedia":[{"embeddable":true,"href":"https:\/\/www.europesays.com\/fi\/wp-json\/wp\/v2\/media\/5062"}],"wp:attachment":[{"href":"https:\/\/www.europesays.com\/fi\/wp-json\/wp\/v2\/media?parent=5061"}],"wp:term":[{"taxonomy":"category","embeddable":true,"href":"https:\/\/www.europesays.com\/fi\/wp-json\/wp\/v2\/categories?post=5061"},{"taxonomy":"post_tag","embeddable":true,"href":"https:\/\/www.europesays.com\/fi\/wp-json\/wp\/v2\/tags?post=5061"}],"curies":[{"name":"wp","href":"https:\/\/api.w.org\/{rel}","templated":true}]}}