{"id":50611,"date":"2025-10-01T14:40:09","date_gmt":"2025-10-01T14:40:09","guid":{"rendered":"https:\/\/www.europesays.com\/fi\/50611\/"},"modified":"2025-10-01T14:40:09","modified_gmt":"2025-10-01T14:40:09","slug":"guillermo-del-toron-frankenstein-sai-uuden-trailerin-nayttaa-jarisyttavan-upealta","status":"publish","type":"post","link":"https:\/\/www.europesays.com\/fi\/50611\/","title":{"rendered":"Guillermo del Toron Frankenstein sai uuden trailerin \u2013 n\u00e4ytt\u00e4\u00e4 j\u00e4risytt\u00e4v\u00e4n upealta"},"content":{"rendered":"<p>Netflix on julkaissut <strong>Guillermo del Toron <\/strong>Frankensteinin uuden trailerin.<\/p>\n<p><strong>Jacob Elordin<\/strong> ja <strong>Oscar Isaacin <\/strong>t\u00e4hditt\u00e4m\u00e4 elokuva n\u00e4hd\u00e4\u00e4n suoratoistopalvelussa 17. lokakuuta alkaen.<\/p>\n<p>Lue my\u00f6s: <a href=\"https:\/\/www.episodi.fi\/uutiset\/talta-nayttaa-maggie-gyllenhaalin-ja-christian-balen-frankenstein-leffa-katso-the-briden-traileri\/\" title=\"T\u00e4lt\u00e4 n\u00e4ytt\u00e4\u00e4 Maggie Gyllenhaalin ja Christian Balen Frankenstein-leffa \u2013 katso The Briden traileri\" class=\"underline-custom !font-montserrat !font-bold !underline-offset-4 !decoration-4 !decoration-episodi-blue !text-md\" rel=\"nofollow noopener\" target=\"_blank\">T\u00e4lt\u00e4 n\u00e4ytt\u00e4\u00e4 Maggie Gyllenhaalin ja Christian Balen Frankenstein-leffa \u2013 katso The Briden traileri<\/a><\/p>\n<p>Lue my\u00f6s: <a href=\"https:\/\/www.episodi.fi\/uutiset\/guillermo-del-toro-ei-saastellyt-sanoja-ylistaessaan-korealaisia-huippuohjaajia\/\" title=\"Guillermo del Toro ei s\u00e4\u00e4stellyt sanoja ylist\u00e4ess\u00e4\u00e4n korealaisia huippuohjaajia\" class=\"underline-custom !font-montserrat !font-bold !underline-offset-4 !decoration-4 !decoration-episodi-blue !text-md\" rel=\"nofollow noopener\" target=\"_blank\">Guillermo del Toro ei s\u00e4\u00e4stellyt sanoja ylist\u00e4ess\u00e4\u00e4n korealaisia huippuohjaajia<\/a><\/p>\n<p>Virallinen juonikuvaus on seuraavanlainen:<\/p>\n<p>Oscar-palkittu ohjaaja Guillermo del Toro (Pinocchio, Cabinet of Curiosities, The Shape of Water) sovittaa <strong>Mary Shelleyn<\/strong> klassisen kertomuksen Victor Frankensteinista, nerokkaasta mutta itsekeskeisest\u00e4 tiedemiehest\u00e4, joka her\u00e4tt\u00e4\u00e4 olennon eloon hirvitt\u00e4v\u00e4ss\u00e4 kokeessa \u2013 kokeessa, joka lopulta johtaa sek\u00e4 luojan ett\u00e4 h\u00e4nen traagisen luomuksensa tuhoon.<\/p>\n<p>Mukana ovat my\u00f6s <strong>Mia Goth, Felix Kammerer, David Bradley, Lars Mikkelsen, Christian Convery, Charles Dance <\/strong>ja <strong>Christoph Waltz.<\/strong><\/p>\n<p>Hurja n\u00e4yttelij\u00e4porukka!<\/p>\n<p>Alla traileri.<\/p>\n<p><img loading=\"lazy\" decoding=\"async\" alt=\"YouTube video\" width=\"480\" height=\"360\" data-pin-nopin=\"true\" nopin=\"nopin\" class=\"perfmatters-lazy\" src=\"https:\/\/www.europesays.com\/fi\/wp-content\/uploads\/2025\/10\/1759329609_387_hqdefault.jpg\"\/><\/p>\n<p>Lue my\u00f6s: <a href=\"https:\/\/www.episodi.fi\/uutiskirje\/?uutiskirjemainos=tekstilinkkimainos\" title=\"Tilaa Episodin uutiskirje ja voit voittaa leffalippuja! Nappaa tv-vinkit suoraan s\u00e4hk\u00f6postiin t\u00e4st\u00e4.\" class=\"underline-custom !font-montserrat !font-bold !underline-offset-4 !decoration-4 !decoration-episodi-blue !text-md\" rel=\"nofollow noopener\" target=\"_blank\">Tilaa Episodin uutiskirje ja voit voittaa leffalippuja! Nappaa katseluvinkit suoraan s\u00e4hk\u00f6postiin t\u00e4st\u00e4.<\/a><\/p>\n","protected":false},"excerpt":{"rendered":"Netflix on julkaissut Guillermo del Toron Frankensteinin uuden trailerin. Jacob Elordin ja Oscar Isaacin t\u00e4hditt\u00e4m\u00e4 elokuva n\u00e4hd\u00e4\u00e4n suoratoistopalvelussa&hellip;\n","protected":false},"author":2,"featured_media":50612,"comment_status":"","ping_status":"","sticky":false,"template":"","format":"standard","meta":{"footnotes":""},"categories":[131],"tags":[155,137,33,173,31,30,7244,7245,774,3057,172,217,12551,32,109],"class_list":{"0":"post-50611","1":"post","2":"type-post","3":"status-publish","4":"format-standard","5":"has-post-thumbnail","7":"category-elokuvat","8":"tag-elokuvat","9":"tag-entertainment","10":"tag-fi","11":"tag-film","12":"tag-finland","13":"tag-finnish","14":"tag-frankenstein","15":"tag-guillermo-del-toro","16":"tag-jacob-elordi","17":"tag-kauhu","18":"tag-movies","19":"tag-netflix","20":"tag-oscar-isaac","21":"tag-suomi","22":"tag-viihde"},"share_on_mastodon":{"url":"","error":""},"_links":{"self":[{"href":"https:\/\/www.europesays.com\/fi\/wp-json\/wp\/v2\/posts\/50611","targetHints":{"allow":["GET"]}}],"collection":[{"href":"https:\/\/www.europesays.com\/fi\/wp-json\/wp\/v2\/posts"}],"about":[{"href":"https:\/\/www.europesays.com\/fi\/wp-json\/wp\/v2\/types\/post"}],"author":[{"embeddable":true,"href":"https:\/\/www.europesays.com\/fi\/wp-json\/wp\/v2\/users\/2"}],"replies":[{"embeddable":true,"href":"https:\/\/www.europesays.com\/fi\/wp-json\/wp\/v2\/comments?post=50611"}],"version-history":[{"count":0,"href":"https:\/\/www.europesays.com\/fi\/wp-json\/wp\/v2\/posts\/50611\/revisions"}],"wp:featuredmedia":[{"embeddable":true,"href":"https:\/\/www.europesays.com\/fi\/wp-json\/wp\/v2\/media\/50612"}],"wp:attachment":[{"href":"https:\/\/www.europesays.com\/fi\/wp-json\/wp\/v2\/media?parent=50611"}],"wp:term":[{"taxonomy":"category","embeddable":true,"href":"https:\/\/www.europesays.com\/fi\/wp-json\/wp\/v2\/categories?post=50611"},{"taxonomy":"post_tag","embeddable":true,"href":"https:\/\/www.europesays.com\/fi\/wp-json\/wp\/v2\/tags?post=50611"}],"curies":[{"name":"wp","href":"https:\/\/api.w.org\/{rel}","templated":true}]}}