{"id":50613,"date":"2025-10-01T14:41:07","date_gmt":"2025-10-01T14:41:07","guid":{"rendered":"https:\/\/www.europesays.com\/fi\/50613\/"},"modified":"2025-10-01T14:41:07","modified_gmt":"2025-10-01T14:41:07","slug":"uusi-menetelma-havaitsee-nivelveuman-vuosia-ennen-kipuja","status":"publish","type":"post","link":"https:\/\/www.europesays.com\/fi\/50613\/","title":{"rendered":"Uusi menetelm\u00e4 havaitsee nivelveuman vuosia ennen kipuja"},"content":{"rendered":"<p>Tutkijat ovat saaneet selville, ett\u00e4 immuunij\u00e4rjestelm\u00e4ss\u00e4 tapahtuu merkitt\u00e4vi\u00e4 muutoksia ennen kipujen ilmaantumista, ja siksi he toivovat voivansa tulevaisuudessa l\u00f6yt\u00e4\u00e4 nivelreumapotilaat paljon aikaisemmin kuin nyky\u00e4\u00e4n, kerrotaan <a href=\"https:\/\/alleninstitute.org\/news\/new-study-reveals-rheumatoid-arthritis-begins-long-before-symptoms-opening-door-to-prevention\/\" target=\"_blank\" class=\"hover:font-bold\" rel=\"nofollow noopener\">lehdist\u00f6tiedotteessa<\/a>.<\/p>\n<p>N\u00e4kym\u00e4t\u00f6n taistelu<\/p>\n<p>Tutkijat sanovat, ett\u00e4 taudin varhaiset merkit voidaan j\u00e4ljitt\u00e4\u00e4 immuunij\u00e4rjestelm\u00e4ss\u00e4 er\u00e4\u00e4nlaisena ellimist\u00f6n n\u00e4kym\u00e4tt\u00f6m\u00e4n\u00e4 taisteluna.<\/p>\n<p>He l\u00f6ysiv\u00e4t esimerkiksi verenkierrosta tiettyj\u00e4 valkosolutyyppej\u00e4, jotka tuottivat suuria m\u00e4\u00e4ri\u00e4 tulehdusmolekyylej\u00e4.<\/p>\n<p>Mielenkiintoista on, ett\u00e4 valkosolut muistuttivat immuunisolutyyppi\u00e4, jota esiintyy nivelreumapotilaiden kudoksissa. Tutkijoiden mukaan t\u00e4m\u00e4 viittaa siihen, ett\u00e4 keho on alkanut valmistautua tautiin.<\/p>\n","protected":false},"excerpt":{"rendered":"Tutkijat ovat saaneet selville, ett\u00e4 immuunij\u00e4rjestelm\u00e4ss\u00e4 tapahtuu merkitt\u00e4vi\u00e4 muutoksia ennen kipujen ilmaantumista, ja siksi he toivovat voivansa tulevaisuudessa&hellip;\n","protected":false},"author":2,"featured_media":50614,"comment_status":"","ping_status":"","sticky":false,"template":"","format":"standard","meta":{"footnotes":""},"categories":[165],"tags":[33,31,30,166,32,167],"class_list":{"0":"post-50613","1":"post","2":"type-post","3":"status-publish","4":"format-standard","5":"has-post-thumbnail","7":"category-terveys","8":"tag-fi","9":"tag-finland","10":"tag-finnish","11":"tag-health","12":"tag-suomi","13":"tag-terveys"},"share_on_mastodon":{"url":"","error":""},"_links":{"self":[{"href":"https:\/\/www.europesays.com\/fi\/wp-json\/wp\/v2\/posts\/50613","targetHints":{"allow":["GET"]}}],"collection":[{"href":"https:\/\/www.europesays.com\/fi\/wp-json\/wp\/v2\/posts"}],"about":[{"href":"https:\/\/www.europesays.com\/fi\/wp-json\/wp\/v2\/types\/post"}],"author":[{"embeddable":true,"href":"https:\/\/www.europesays.com\/fi\/wp-json\/wp\/v2\/users\/2"}],"replies":[{"embeddable":true,"href":"https:\/\/www.europesays.com\/fi\/wp-json\/wp\/v2\/comments?post=50613"}],"version-history":[{"count":0,"href":"https:\/\/www.europesays.com\/fi\/wp-json\/wp\/v2\/posts\/50613\/revisions"}],"wp:featuredmedia":[{"embeddable":true,"href":"https:\/\/www.europesays.com\/fi\/wp-json\/wp\/v2\/media\/50614"}],"wp:attachment":[{"href":"https:\/\/www.europesays.com\/fi\/wp-json\/wp\/v2\/media?parent=50613"}],"wp:term":[{"taxonomy":"category","embeddable":true,"href":"https:\/\/www.europesays.com\/fi\/wp-json\/wp\/v2\/categories?post=50613"},{"taxonomy":"post_tag","embeddable":true,"href":"https:\/\/www.europesays.com\/fi\/wp-json\/wp\/v2\/tags?post=50613"}],"curies":[{"name":"wp","href":"https:\/\/api.w.org\/{rel}","templated":true}]}}