{"id":50621,"date":"2025-10-01T14:47:08","date_gmt":"2025-10-01T14:47:08","guid":{"rendered":"https:\/\/www.europesays.com\/fi\/50621\/"},"modified":"2025-10-01T14:47:08","modified_gmt":"2025-10-01T14:47:08","slug":"trump-nuiji-lapi-ennennakemattoman-diilin-%e2%88%92-miten-suomen-nyt-kay","status":"publish","type":"post","link":"https:\/\/www.europesays.com\/fi\/50621\/","title":{"rendered":"Trump nuiji l\u00e4pi ennenn\u00e4kem\u00e4tt\u00f6m\u00e4n diilin \u2212 Miten Suomen nyt k\u00e4y?"},"content":{"rendered":"<p>Yhdysvaltain presidentti Donald Trump kertoi tiistaina, ett\u00e4 l\u00e4\u00e4kkeiden hinnat tulevat laskemaan Yhdysvalloissa l\u00e4\u00e4kevalmistaja Pfizerin kanssa solmitun sopimuksen vuoksi. Vaikuttaako t\u00e4m\u00e4 l\u00e4\u00e4kkeiden hintoihin my\u00f6s Suomessa?<\/p>\n<p><img decoding=\"async\" class=\"image image-show image-preview\" src=\"https:\/\/www.europesays.com\/fi\/wp-content\/uploads\/2025\/10\/cefc0bddb0eb0cac627b9a66a5455d5e14deb247a35057da83da349fad87d9b9.jpg\" alt=\"\"\/><img decoding=\"async\" class=\"image image-show\" src=\"https:\/\/www.europesays.com\/fi\/wp-content\/uploads\/2025\/10\/1759330028_462_cefc0bddb0eb0cac627b9a66a5455d5e14deb247a35057da83da349fad87d9b9.jpg\" alt=\"\"\/><\/p>\n<p>Yhdysvaltain presidentti Donald Trump ilmoitti tehneens\u00e4 sopimuksen, jolla l\u00e4\u00e4kkeiden hinnat saadaan laskemaan. Adobe Stock \/ AOP<\/p>\n<p class=\"paragraph\"><a href=\"https:\/\/www.iltalehti.fi\/ulkomaat\/7a31fd54-723a-4fc9-9e14-920182f5dc2a\" rel=\"nofollow noopener\" target=\"_blank\">Kerroimme tiistaina<\/a>, ett\u00e4 Yhdysvallat on presidentti Donald Trumpin mukaan p\u00e4\u00e4ssyt sopimukseen yhden maailman suurimman l\u00e4\u00e4kevalmistajan kanssa.<\/p>\n<p class=\"paragraph\">T\u00e4m\u00e4n seurauksena yksi maailman tunnetuimmista ja suurimmista l\u00e4\u00e4kealan yrityksist\u00e4, Pfizer, aikoo laskea hintojaan Yhdysvalloissa jopa 50\u2013100 prosentilla, Trump kertoi.<\/p>\n<p class=\"paragraph\"><a href=\"https:\/\/www.bbc.com\/news\/articles\/cgmze0pe8vxo\" target=\"_blank\" rel=\"noopener nofollow\">BBC:n artikkelissa<\/a> kerrotaan, ett\u00e4 Trump on my\u00f6nt\u00e4nyt hintojen voivan nousta Yhdysvaltojen ulkopuolella h\u00e4nen toimiensa takia. Esimerkiksi l\u00e4\u00e4keyhti\u00f6 Lilly on sanonut nostavansa l\u00e4\u00e4kkeiden hintoja Euroopassa.<\/p>\n<p class=\"paragraph\">Suomea koskevia avoimia kysymyksi\u00e4 on monta: voivatko Trumpin lupaamat l\u00e4\u00e4kkeiden hinnan alennukset n\u00e4ky\u00e4 my\u00f6s Suomessa ja mill\u00e4 aikataululla? Mitk\u00e4 ovat vaikutukset: tuleeko l\u00e4\u00e4kkeist\u00e4 jatkossa kalliimpia suomalaisille?<\/p>\n<p class=\"paragraph\">Kysyimme asiaa usealta taholta.<\/p>\n<p class=\"paragraph\">Analyytikko <strong>Antti Siltanen<\/strong> Inderes-osaketutkimusyhti\u00f6st\u00e4 kertoo, ett\u00e4 t\u00e4ss\u00e4 vaiheessa asiasta on mahdotonta sanoa mit\u00e4\u00e4n varmaa.<\/p>\n<p class=\"paragraph\">\u2013 Konkretiaa on viel\u00e4 varsin v\u00e4h\u00e4n, joten uutisten k\u00e4yt\u00e4nn\u00f6n vaikutus Pfizeriin, muihin l\u00e4\u00e4keyhti\u00f6ihin tai Yhdysvaltojen ja muun maailman l\u00e4\u00e4kkeiden hinnoitteluun on viel\u00e4 varsin ep\u00e4selv\u00e4\u00e4, Siltanen kertoo.<\/p>\n<p class=\"paragraph\">Poliittista painetta on Siltasen mukaan n\u00e4ht\u00e4viss\u00e4, ja sen tavoitteena on hintojen lasku Yhdysvalloissa ja nousu muualla maailmassa.<\/p>\n<p class=\"paragraph\">\u2013 Ainakaan osakemarkkinat eiv\u00e4t ole t\u00e4h\u00e4n menness\u00e4 hinnoitelleet erityisen negatiivisia vaikutuksia l\u00e4\u00e4kealalle.<\/p>\n<p class=\"paragraph\">Siltanen huomauttaa, ett\u00e4 jo Trumpin ensimm\u00e4inen hallinto pyrki l\u00e4\u00e4kkeiden hintojen laskuun.<\/p>\n<p class=\"paragraph\">\u2013 Silloin yritys pys\u00e4htyi oikeuden p\u00e4\u00e4t\u00f6kseen ja nyt uusi yritys on k\u00e4ynniss\u00e4 uusin keinoin. Hintoihin vaikuttaminen laaja-alaisesti ei ole yksinkertaista ja hallinto saattaakin pyrki\u00e4 edist\u00e4m\u00e4\u00e4n muuten vaikeaa asiaa tekem\u00e4ll\u00e4 yksitt\u00e4isi\u00e4 sopimuksia l\u00e4\u00e4keyhti\u00f6iden kanssa.<\/p>\n<p class=\"paragraph\">Toinen keino edist\u00e4\u00e4 asiaa on Siltasen mukaan suoramyynti kuluttajille.<\/p>\n<p class=\"paragraph\">\u2013 Se on muutenkin on yleistynyt Yhdysvalloissa Trumpista riippumatta viime vuosina.<\/p>\n<p>\u201dLiian v\u00e4h\u00e4n tietoa\u201d<\/p>\n<p class=\"paragraph\">Mahdollisia vaikutuksia ja niiden aikaj\u00e4nnett\u00e4 on vaikea ennustaa, sanoo my\u00f6s johtaja <strong>Reima Palonen<\/strong> L\u00e4\u00e4kkeiden hintalautakunta Hilasta.<\/p>\n<p class=\"paragraph\">\u2013 T\u00e4ss\u00e4 vaiheessa tiedet\u00e4\u00e4n viel\u00e4 liian v\u00e4h\u00e4n tehdyn sopimuksen sis\u00e4ll\u00f6st\u00e4 ja vaikutuksista, Palonen toteaa.<\/p>\n<p class=\"paragraph\">Sosiaali- ja terveysministeri\u00f6n yhteydess\u00e4 toimiva Hila p\u00e4\u00e4tt\u00e4\u00e4 l\u00e4\u00e4kevalmisteiden, perusvoiteiden ja kliinisten ravintovalmisteiden korvattavuudesta Suomessa. Se p\u00e4\u00e4tt\u00e4\u00e4 my\u00f6s l\u00e4\u00e4kkeiden tukkuhinnasta.<\/p>\n<p class=\"paragraph\">\u2013 Viime aikoina keskusteluissa l\u00e4\u00e4keyhti\u00f6iden kanssa on t\u00f6rm\u00e4tty siihen kysymykseen, ett\u00e4 markkinatilanne on muuttunut hintojen osalta. L\u00e4\u00e4keyritykset ovat viime aikoina Euroopassa olleet hyvin varovaisia l\u00e4\u00e4kkeiden hinnoitteluun liittyviss\u00e4 kysymyksiss\u00e4.<\/p>\n<p class=\"paragraph\">Palosen mukaan saatujen tietojen mukaan Suomen l\u00e4\u00e4kehinnat olisivat jatkossa mukana Yhdysvalloissa niin sanotussa hintakorissa, jossa huomioidaan muiden maiden hintoja.<\/p>\n<p class=\"paragraph\">\u2013 Euroopassa n\u00e4m\u00e4 hintakorit ovat yleisempi\u00e4kin eli l\u00e4\u00e4kkeiden hinnat voivat olla niiden kautta kiinnitetty muiden maiden hintatasoon. Suomessakin korvattavuudesta ja kohtuullisesta tukkuhinnasta p\u00e4\u00e4tett\u00e4ess\u00e4 huomioidaan Euroopan talousalueen maiden hinnat. Yhdysvaltojen osalta ilmi\u00f6 on uusi, eik\u00e4 sen tarkemmasta sis\u00e4ll\u00f6st\u00e4 ole viel\u00e4 tietoa.<\/p>\n<p class=\"paragraph\">Palosen mukaan l\u00e4\u00e4kkeiden suhteen pit\u00e4\u00e4 arvioida kahta asiaa: mit\u00e4 tapahtuu jo markkinoilla oleville l\u00e4\u00e4kkeille ja uusille l\u00e4\u00e4kkeille, jotka vasta ovat tulossa markkinoille.<\/p>\n<p class=\"paragraph\">\u2013 Jo markkinoilla oleville l\u00e4\u00e4kkeille lains\u00e4\u00e4d\u00e4nn\u00f6ss\u00e4 on hinnankorotusmahdollisuuksia, mutta se on tiukasti s\u00e4\u00e4delty\u00e4. Yleens\u00e4 kilpailu pit\u00e4\u00e4 hinnat kohtuullisina. Yksitt\u00e4istapauksessa on mahdollista, ett\u00e4 yritys ei katso Suomessa hyv\u00e4ksytty\u00e4 hintaa mahdolliseksi hyv\u00e4ksy\u00e4, vaan irtisanoo l\u00e4\u00e4kkeen korvausj\u00e4rjestelm\u00e4st\u00e4.<\/p>\n<p>Trumpin mukaan h\u00e4nen hallintonsa neuvottelee hintojen alentamisesta my\u00f6s muiden l\u00e4\u00e4kevalmistajien kanssa t\u00e4m\u00e4n viikon aikana. Kuvassa Trumpin kanssa Valkoisessa talossa Pfizerin toimitusjohtaja Albert Bourla. EPA \/ AOP<\/p>\n<p>Uudet l\u00e4\u00e4kkeet<\/p>\n<p class=\"paragraph\">Uusien l\u00e4\u00e4kkeiden osalta on Palosen mukaan mahdollista, ett\u00e4 julkiset hinnat Euroopassa nousevat tai ett\u00e4 hintaneuvotteluissa alennukset pienenev\u00e4t.<\/p>\n<p class=\"paragraph\">Suomessa l\u00e4\u00e4keyritykset saavat hinnoitella l\u00e4\u00e4kkeens\u00e4 vapaasti. Jos ne haluavat l\u00e4\u00e4kkeen korvausj\u00e4rjestelm\u00e4\u00e4n, sille tulee hakea korvattavuus. Silloin l\u00e4\u00e4kkeiden hintalautakunta arvioi, ett\u00e4 hinta on kohtuullinen.<\/p>\n<p class=\"paragraph\">\u2013 Mit\u00e4\u00e4n yhti\u00f6kohtaisia diilej\u00e4 ei Suomessa tehd\u00e4, vaan kunkin valmisteen korvattavuus arvioidaan yksil\u00f6llisesti sairausvakuutuslaissa olevien perusteiden mukaan.<\/p>\n<p class=\"paragraph\">Kysyimme my\u00f6s L\u00e4\u00e4keteollisuus ry:n kommentteja aiheesta. Sen mukaan Pfizer on yksi L\u00e4\u00e4keteollisuus ry:n j\u00e4senyrityksist\u00e4 eik\u00e4 j\u00e4rjest\u00f6 kommentoi yksitt\u00e4isiin j\u00e4seniin liittyvi\u00e4 asioita.<\/p>\n<p class=\"paragraph\">\u2013Pid\u00e4tt\u00e4ydymme my\u00f6s t\u00e4ss\u00e4 vaiheessa kommentoimasta tapahtuneen mahdollisia vaikutuksia muiden yritysten toimintaan, j\u00e4rjest\u00f6st\u00e4 kerrottiin Iltalehdelle.<\/p>\n<p>LUE MY\u00d6SMik\u00e4 diili<\/p>\n<p class=\"paragraph\">Trumpin mukaan Pfizerin kanssa solmittu diili s\u00e4\u00e4st\u00e4\u00e4 yhdysvaltalaisilta veronmaksajilta miljoonia dollareita vuosittain.<\/p>\n<p class=\"paragraph\">Trumpin mukaan yhdysvaltalaiset ovat jo vuosia maksaneet l\u00e4\u00e4kkeist\u00e4\u00e4n korkeampia hintoja kuin muiden maiden kansalaiset.<\/p>\n<p class=\"paragraph\">N\u00e4in ollen he ovat h\u00e4nen mukaansa kantaneet suuremman vastuun uusien l\u00e4\u00e4kkeiden tutkimus- ja kehityskulujen maksamisesta.<\/p>\n","protected":false},"excerpt":{"rendered":"Yhdysvaltain presidentti Donald Trump kertoi tiistaina, ett\u00e4 l\u00e4\u00e4kkeiden hinnat tulevat laskemaan Yhdysvalloissa l\u00e4\u00e4kevalmistaja Pfizerin kanssa solmitun sopimuksen vuoksi.&hellip;\n","protected":false},"author":2,"featured_media":50622,"comment_status":"","ping_status":"","sticky":false,"template":"","format":"standard","meta":{"footnotes":""},"categories":[14],"tags":[35,22,23,26,27,33,31,30,17,10705,1978,1977,24,25,28,29,15,18,21,32,502,516,19,20,56,16,59,60,61],"class_list":{"0":"post-50621","1":"post","2":"type-post","3":"status-publish","4":"format-standard","5":"has-post-thumbnail","7":"category-ulkomaat","8":"tag-24h","9":"tag-breaking-news","10":"tag-breakingnews","11":"tag-featured-news","12":"tag-featurednews","13":"tag-fi","14":"tag-finland","15":"tag-finnish","16":"tag-headlines","17":"tag-kemianteollisuus","18":"tag-laaketeollisuus","19":"tag-laakkeet","20":"tag-latest-news","21":"tag-latestnews","22":"tag-main-news","23":"tag-mainnews","24":"tag-news","25":"tag-otsikot","26":"tag-paauutiset","27":"tag-suomi","28":"tag-terveydenhoito","29":"tag-terveydenhoitoala","30":"tag-top-stories","31":"tag-topstories","32":"tag-ulkomaat","33":"tag-uutiset","34":"tag-world","35":"tag-world-news","36":"tag-worldnews"},"share_on_mastodon":{"url":"","error":""},"_links":{"self":[{"href":"https:\/\/www.europesays.com\/fi\/wp-json\/wp\/v2\/posts\/50621","targetHints":{"allow":["GET"]}}],"collection":[{"href":"https:\/\/www.europesays.com\/fi\/wp-json\/wp\/v2\/posts"}],"about":[{"href":"https:\/\/www.europesays.com\/fi\/wp-json\/wp\/v2\/types\/post"}],"author":[{"embeddable":true,"href":"https:\/\/www.europesays.com\/fi\/wp-json\/wp\/v2\/users\/2"}],"replies":[{"embeddable":true,"href":"https:\/\/www.europesays.com\/fi\/wp-json\/wp\/v2\/comments?post=50621"}],"version-history":[{"count":0,"href":"https:\/\/www.europesays.com\/fi\/wp-json\/wp\/v2\/posts\/50621\/revisions"}],"wp:featuredmedia":[{"embeddable":true,"href":"https:\/\/www.europesays.com\/fi\/wp-json\/wp\/v2\/media\/50622"}],"wp:attachment":[{"href":"https:\/\/www.europesays.com\/fi\/wp-json\/wp\/v2\/media?parent=50621"}],"wp:term":[{"taxonomy":"category","embeddable":true,"href":"https:\/\/www.europesays.com\/fi\/wp-json\/wp\/v2\/categories?post=50621"},{"taxonomy":"post_tag","embeddable":true,"href":"https:\/\/www.europesays.com\/fi\/wp-json\/wp\/v2\/tags?post=50621"}],"curies":[{"name":"wp","href":"https:\/\/api.w.org\/{rel}","templated":true}]}}