{"id":50623,"date":"2025-10-01T14:48:07","date_gmt":"2025-10-01T14:48:07","guid":{"rendered":"https:\/\/www.europesays.com\/fi\/50623\/"},"modified":"2025-10-01T14:48:07","modified_gmt":"2025-10-01T14:48:07","slug":"mechelininkadun-ampuja-yha-karkuteilla-poliisin-mukaan-kyseessa-oli-mahdollisesti-vaijytys","status":"publish","type":"post","link":"https:\/\/www.europesays.com\/fi\/50623\/","title":{"rendered":"Mechelininkadun ampuja yh\u00e4 karkuteill\u00e4, poliisin mukaan kyseess\u00e4 oli mahdollisesti v\u00e4ijytys"},"content":{"rendered":"<p>T\u00f6\u00f6l\u00f6n ampuminen|Poliisin mukaan teon motiivista alkaa olla jonkinlainen k\u00e4sitys.<\/p>\n<p class=\"article-body mb-nof-24 px-nof-16\">Ket\u00e4\u00e4n ei ole otettu kiinni Helsingin Mechelininkadun ampumiseen liittyen, kertoo tutkinnanjohtaja, Helsingin poliisin rikoskomisario <a class=\"article-personlink\" href=\"https:\/\/www.hs.fi\/haku\/?query=Tuomas%20Lindholm\" rel=\"nofollow noopener\" target=\"_blank\">Tuomas Lindholm<\/a>.<\/p>\n<p class=\"article-body mb-nof-24 px-nof-16\">16-vuotiasta poikaa ammuttiin maanantai-iltana Mechelininkatu 15:ss\u00e4. H\u00e4net vietiin sairaalahoitoon, josta h\u00e4n oli jo tiistai-iltap\u00e4iv\u00e4\u00e4n menness\u00e4 p\u00e4\u00e4ssyt pois.<\/p>\n<p class=\"article-body mb-nof-24 px-nof-16\">Aiemmin Lindholm kertoi HS:lle, ett\u00e4 poliisi etsii miespuolista henkil\u00f6\u00e4 ampumisesta ep\u00e4iltyn\u00e4. H\u00e4n oli pukeutunut tummiin vaatteisiin ja ilmeisesti kasvomaskiin ja poistunut Mechelininkatua pitkin pohjoiseen.<\/p>\n<p class=\"article-body mb-nof-24 px-nof-16\">Lindholmin mukaan poliisi on saanut tapahtumista vihjeit\u00e4, joista osa on \u201dihan hyvi\u00e4kin havaintoja\u201d.<\/p>\n<p class=\"article-body mb-nof-24 px-nof-16\">Ampumisen motiivia selvitet\u00e4\u00e4n yh\u00e4, h\u00e4n kertoo. H\u00e4nen mukaansa poliisilla alkaa olla siit\u00e4 kuitenkin jonkinlainen k\u00e4sitys, jota h\u00e4n ei paljasta.<\/p>\n<p class=\"article-body mb-nof-24 px-nof-16\">H\u00e4n ei kommentoi, tunsiko uhri ep\u00e4ilty\u00e4 tai anna muitakaan tietoja ep\u00e4illyst\u00e4.<\/p>\n<p class=\"article-body mb-nof-24 px-nof-16\">Ampuminen tapahtui kerrostalon porrask\u00e4yt\u00e4v\u00e4ss\u00e4. Poliisi kertoi aiemmin, ett\u00e4 poika oli l\u00e4htenyt asunnosta hakemaan tuttaviaan kerrostalon alaovelta ja kohdannut matkalla ep\u00e4illyn ampujan.<\/p>\n<p class=\"article-body mb-nof-24 px-nof-16\">Lindholmin mukaan on mahdollista, ett\u00e4 kyseess\u00e4 on ollut v\u00e4ijytys.<\/p>\n<p class=\"article-body mb-nof-24 px-nof-16\">\u201dMahdollisesti uhria on jollain tapaa odotettu rappuk\u00e4yt\u00e4v\u00e4ss\u00e4\u201d, h\u00e4n sanoo.<\/p>\n<p class=\"article-body mb-nof-24 px-nof-16\">H\u00e4n ei ota kantaa, kuinka monta kertaa uhriin osui ampumisessa. H\u00e4nen mukaansa ep\u00e4ilty ampui k\u00e4siaseella, mutta ei kommentoi, millainen ase on kyseess\u00e4.<\/p>\n<p class=\"article-body mb-nof-24 px-nof-16\">H\u00e4nen mukaansa on mahdollista, ett\u00e4 tekij\u00e4 on yh\u00e4 aseistautunut.<\/p>\n<p class=\"article-body mb-nof-24 px-nof-16\">Uhrin lis\u00e4ksi laukauksia osui porrask\u00e4yt\u00e4v\u00e4ss\u00e4 sein\u00e4rakenteisiin ja asunnon oveen. Yksi laukauksista meni oven l\u00e4pi asuntoon, jossa uhri oli.<\/p>\n<p class=\"article-body mb-nof-24 px-nof-16\">Asunnossa oli paikalla useita nuoria henkil\u00f6it\u00e4.<\/p>\n","protected":false},"excerpt":{"rendered":"T\u00f6\u00f6l\u00f6n ampuminen|Poliisin mukaan teon motiivista alkaa olla jonkinlainen k\u00e4sitys. Ket\u00e4\u00e4n ei ole otettu kiinni Helsingin Mechelininkadun ampumiseen liittyen,&hellip;\n","protected":false},"author":2,"featured_media":50624,"comment_status":"","ping_status":"","sticky":false,"template":"","format":"standard","meta":{"footnotes":""},"categories":[12],"tags":[22,23,26,27,33,31,30,17,46,24,25,28,29,15,18,21,32,19,20,16],"class_list":{"0":"post-50623","1":"post","2":"type-post","3":"status-publish","4":"format-standard","5":"has-post-thumbnail","7":"category-suomi","8":"tag-breaking-news","9":"tag-breakingnews","10":"tag-featured-news","11":"tag-featurednews","12":"tag-fi","13":"tag-finland","14":"tag-finnish","15":"tag-headlines","16":"tag-helsingin-sanomat","17":"tag-latest-news","18":"tag-latestnews","19":"tag-main-news","20":"tag-mainnews","21":"tag-news","22":"tag-otsikot","23":"tag-paauutiset","24":"tag-suomi","25":"tag-top-stories","26":"tag-topstories","27":"tag-uutiset"},"share_on_mastodon":{"url":"","error":""},"_links":{"self":[{"href":"https:\/\/www.europesays.com\/fi\/wp-json\/wp\/v2\/posts\/50623","targetHints":{"allow":["GET"]}}],"collection":[{"href":"https:\/\/www.europesays.com\/fi\/wp-json\/wp\/v2\/posts"}],"about":[{"href":"https:\/\/www.europesays.com\/fi\/wp-json\/wp\/v2\/types\/post"}],"author":[{"embeddable":true,"href":"https:\/\/www.europesays.com\/fi\/wp-json\/wp\/v2\/users\/2"}],"replies":[{"embeddable":true,"href":"https:\/\/www.europesays.com\/fi\/wp-json\/wp\/v2\/comments?post=50623"}],"version-history":[{"count":0,"href":"https:\/\/www.europesays.com\/fi\/wp-json\/wp\/v2\/posts\/50623\/revisions"}],"wp:featuredmedia":[{"embeddable":true,"href":"https:\/\/www.europesays.com\/fi\/wp-json\/wp\/v2\/media\/50624"}],"wp:attachment":[{"href":"https:\/\/www.europesays.com\/fi\/wp-json\/wp\/v2\/media?parent=50623"}],"wp:term":[{"taxonomy":"category","embeddable":true,"href":"https:\/\/www.europesays.com\/fi\/wp-json\/wp\/v2\/categories?post=50623"},{"taxonomy":"post_tag","embeddable":true,"href":"https:\/\/www.europesays.com\/fi\/wp-json\/wp\/v2\/tags?post=50623"}],"curies":[{"name":"wp","href":"https:\/\/api.w.org\/{rel}","templated":true}]}}