{"id":50625,"date":"2025-10-01T14:49:07","date_gmt":"2025-10-01T14:49:07","guid":{"rendered":"https:\/\/www.europesays.com\/fi\/50625\/"},"modified":"2025-10-01T14:49:07","modified_gmt":"2025-10-01T14:49:07","slug":"jalkapallo-eero-markkaselta-iso-ilmoitus","status":"publish","type":"post","link":"https:\/\/www.europesays.com\/fi\/50625\/","title":{"rendered":"Jalkapallo: Eero Markkaselta iso ilmoitus"},"content":{"rendered":"<p>Eero Markkasesta saatiin uutisia.<\/p>\n<p class=\"article-body mb-nof-24 px-nof-16\">Suomen miesten jalkapallomaajoukkueessakin pelannut <a class=\"article-personlink\" href=\"https:\/\/www.is.fi\/haku\/?query=Eero%20Markkanen\" rel=\"nofollow noopener\" target=\"_blank\">Eero Markkanen<\/a> lopettaa ammattipelaajan uransa t\u00e4n\u00e4 syksyn\u00e4.<\/p>\n<p class=\"article-body mb-nof-24 px-nof-16\">Markkanen, 34, kertoo p\u00e4\u00e4t\u00f6ksest\u00e4\u00e4n Instagramissa. Markkanen edustaa nykyisin Ykk\u00f6sliigassa pelaavaa PK-35 -seuraa.<\/p>\n<p class=\"article-body mb-nof-24 px-nof-16\">Markkanen on pelannut urallaan p\u00e4\u00e4osin hy\u00f6kk\u00e4\u00e4j\u00e4n\u00e4. H\u00e4n pelasi ammattilaisena muun muassa Ruotsissa ja Espanjassa Real Madridin kakkosjoukkueessa.<\/p>\n<p class=\"article-body mb-nof-24 px-nof-16\">\u2013 Nyt kun syyskuu on ohi, siirryn virallisesti ammattilaisurani viimeiselle kalenterikuukaudelle, Markkanen kirjoitti Instagramissa julkaisemansa kuvan yhteyteen.<\/p>\n<p class=\"article-body mb-nof-24 px-nof-16\">\u2013\u2009Annoin t\u00e4lle lajille kaiken mit\u00e4 minulla oli, ja sain siit\u00e4 paljon enemm\u00e4n vastineeksi. Mutta nyt haluan keskitty\u00e4 uusiin asioihin ja siirty\u00e4 uusiin haasteisiin, h\u00e4n jatkoi.<\/p>\n<p class=\"article-body mb-nof-24 px-nof-16\">Markkanen kiitteli vuolaasti perhett\u00e4\u00e4n ja l\u00e4heisi\u00e4 sek\u00e4 heit\u00e4, jotka ovat ylip\u00e4\u00e4t\u00e4\u00e4n olleet osa h\u00e4nen jalkapallouraansa. Lis\u00e4ksi h\u00e4n kiitteli nykyist\u00e4 seuraansa<\/p>\n<p class=\"article-body mb-nof-24 px-nof-16\">\u2013 Nyt kahteen viimeiseen otteluun \u2013 lopetetaan t\u00e4m\u00e4 hyv\u00e4ll\u00e4 tavalla, h\u00e4n totesi.<\/p>\n<p class=\"article-body mb-nof-24 px-nof-16\">Eero Markkanen ponnistaa urheiluperheest\u00e4. H\u00e4nen veljens\u00e4 on koripalloilun 28-vuotias NBA-ammattilainen <a class=\"article-personlink\" href=\"https:\/\/www.is.fi\/haku\/?query=Lauri%20Markkanen\" rel=\"nofollow noopener\" target=\"_blank\">Lauri Markkanen<\/a>. Lis\u00e4ksi Eeron ja Laurin <a class=\"article-personlink\" href=\"https:\/\/www.is.fi\/haku\/?query=Miikka\" rel=\"nofollow noopener\" target=\"_blank\">Miikka<\/a>-veli on my\u00f6s pelannut koripalloa.<\/p>\n<p class=\"article-body mb-nof-24 px-nof-16\">Veljesten <a class=\"article-personlink\" href=\"https:\/\/www.is.fi\/haku\/?query=Riikka\" rel=\"nofollow noopener\" target=\"_blank\">Riikka<\/a>-\u00e4iti ja<a class=\"article-personlink\" href=\"https:\/\/www.is.fi\/haku\/?query=%20Pekka\" rel=\"nofollow noopener\" target=\"_blank\"> Pekka<\/a>-is\u00e4 ovat niin ik\u00e4\u00e4n tuttuja koripalloilusta.<\/p>\n","protected":false},"excerpt":{"rendered":"Eero Markkasesta saatiin uutisia. Suomen miesten jalkapallomaajoukkueessakin pelannut Eero Markkanen lopettaa ammattipelaajan uransa t\u00e4n\u00e4 syksyn\u00e4. Markkanen, 34, kertoo&hellip;\n","protected":false},"author":2,"featured_media":50626,"comment_status":"","ping_status":"","sticky":false,"template":"","format":"standard","meta":{"footnotes":""},"categories":[5],"tags":[22,23,26,27,33,31,30,17,34,24,25,28,29,15,18,21,32,19,20,16],"class_list":{"0":"post-50625","1":"post","2":"type-post","3":"status-publish","4":"format-standard","5":"has-post-thumbnail","7":"category-otsikot","8":"tag-breaking-news","9":"tag-breakingnews","10":"tag-featured-news","11":"tag-featurednews","12":"tag-fi","13":"tag-finland","14":"tag-finnish","15":"tag-headlines","16":"tag-ilta-sanomat","17":"tag-latest-news","18":"tag-latestnews","19":"tag-main-news","20":"tag-mainnews","21":"tag-news","22":"tag-otsikot","23":"tag-paauutiset","24":"tag-suomi","25":"tag-top-stories","26":"tag-topstories","27":"tag-uutiset"},"share_on_mastodon":{"url":"","error":""},"_links":{"self":[{"href":"https:\/\/www.europesays.com\/fi\/wp-json\/wp\/v2\/posts\/50625","targetHints":{"allow":["GET"]}}],"collection":[{"href":"https:\/\/www.europesays.com\/fi\/wp-json\/wp\/v2\/posts"}],"about":[{"href":"https:\/\/www.europesays.com\/fi\/wp-json\/wp\/v2\/types\/post"}],"author":[{"embeddable":true,"href":"https:\/\/www.europesays.com\/fi\/wp-json\/wp\/v2\/users\/2"}],"replies":[{"embeddable":true,"href":"https:\/\/www.europesays.com\/fi\/wp-json\/wp\/v2\/comments?post=50625"}],"version-history":[{"count":0,"href":"https:\/\/www.europesays.com\/fi\/wp-json\/wp\/v2\/posts\/50625\/revisions"}],"wp:featuredmedia":[{"embeddable":true,"href":"https:\/\/www.europesays.com\/fi\/wp-json\/wp\/v2\/media\/50626"}],"wp:attachment":[{"href":"https:\/\/www.europesays.com\/fi\/wp-json\/wp\/v2\/media?parent=50625"}],"wp:term":[{"taxonomy":"category","embeddable":true,"href":"https:\/\/www.europesays.com\/fi\/wp-json\/wp\/v2\/categories?post=50625"},{"taxonomy":"post_tag","embeddable":true,"href":"https:\/\/www.europesays.com\/fi\/wp-json\/wp\/v2\/tags?post=50625"}],"curies":[{"name":"wp","href":"https:\/\/api.w.org\/{rel}","templated":true}]}}