{"id":50627,"date":"2025-10-01T15:01:08","date_gmt":"2025-10-01T15:01:08","guid":{"rendered":"https:\/\/www.europesays.com\/fi\/50627\/"},"modified":"2025-10-01T15:01:08","modified_gmt":"2025-10-01T15:01:08","slug":"podcast-harski-paljastus-vintioiden-kulisseista","status":"publish","type":"post","link":"https:\/\/www.europesays.com\/fi\/50627\/","title":{"rendered":"Podcast: H\u00e4rski paljastus Vinti\u00f6iden kulisseista"},"content":{"rendered":"<p>\n            Santeri Kinnunen ja Kari Hietalahti, Vinti\u00f6t &#8211; Ten years after<br \/>\n            MTV3\n        <\/p>\n<p class=\"subtitle \">Santeri Kinnunen ja Kari Hietalahti muistelevat kosteita Vinti\u00f6t-aikoja.<\/p>\n<p class=\"article-content article-content-width !bg-background\">N\u00e4yttelij\u00e4t  ja  kertovat Vinti\u00f6t-ajoistaan tuoreen <a href=\"https:\/\/podme.com\/fi\/jakso\/9100313\/\" target=\"_blank\" rel=\"nofollow noopener\">T\u00e4htitehdas<\/a>-podcastin haastattelussa.<\/p>\n<p class=\"italic m-italic article-content article-content-width !bg-background\">Video: N\u00e4m\u00e4 ovat Kari Hietalahden kolme suosikkielokuvaa.\u00a0<\/p>\n<p class=\"article-content article-content-width !bg-background\">Vuonna 1994 MTV3-kanavalla ilmestyi sketsisarja Vinti\u00f6t, jonka t\u00e4htin\u00e4 n\u00e4htiin Santerin ja Karin lis\u00e4ksi , , ,  ja . Tuottajana toimi .<\/p>\n<p>Oikeuksista luovuttiin<\/p>\n<p class=\"article-content article-content-width !bg-background\">Tuohon aikaan Santeri ja Kari ty\u00f6skenteliv\u00e4t molemmat tahoillaan Vinti\u00f6iden lis\u00e4ksi my\u00f6s teatterissa. Parikymppisten n\u00e4yttelij\u00f6iden ryhm\u00e4 kokoontui kuvauksiin yleens\u00e4 sunnuntaisin, sill\u00e4 se oli ainoa p\u00e4iv\u00e4, kun kaikki p\u00e4\u00e4siv\u00e4t paikalle.<\/p>\n<p class=\"article-content article-content-width !bg-background\">Aina kaikki eiv\u00e4t p\u00e4\u00e4sseet paikalle tuolloinkaan.<\/p>\n<p class=\"article-content article-content-width !bg-background\">\u2013\tPit\u00e4\u00e4 muistaa, ett\u00e4 olimme nuoria miehi\u00e4, ja baarip\u00e4iv\u00e4t sattuivat usein lauantaille. Ne ketk\u00e4 p\u00e4\u00e4siv\u00e4t sunnuntaina kuvauksiin, tulivat, Kari muistelee podcastissa.<\/p>\n<p class=\"article-content article-content-width !bg-background\">Vinti\u00f6t sai alkunsa osaltaan ravintolamaailmassa.\u00a0<\/p>\n<p class=\"article-content article-content-width !bg-background\">Kari tutustui Santeriin ja Samuli Edelmaniin teatterin kautta, muihin Vinti\u00f6iden j\u00e4seniin y\u00f6el\u00e4m\u00e4ss\u00e4. My\u00f6s Markus Selin tuli tutuksi sit\u00e4 kautta.<\/p>\n<p>        <a itemprop=\"url\" href=\"https:\/\/www.seiska.fi\/vain-seiskassa\/salakuvat-nayttelijalegenda-repaisi-helsinkilaisella-terassilla-teki-nayttavan-poistumisen\/1902274\" rel=\"nofollow noopener\" target=\"_blank\"><\/p>\n<p>\nSalakuvat!\n<\/p>\n<p class=\"section-date\">\n        <strong class=\"article-section\" data-section=\"vain seiskassa\"><br \/>\n            vain seiskassa<br \/>\n        <\/strong><br \/>\n        18.8. 16:00\n    <\/p>\n<p>Salakuvat! N\u00e4yttelij\u00e4legenda rep\u00e4isi helsinkil\u00e4isell\u00e4 terassilla \u2013 teki n\u00e4ytt\u00e4v\u00e4n poistumisen\n    <\/p>\n<p itemprop=\"description\" class=\"subtitle \">\n    Vinti\u00f6t-t\u00e4hti n\u00e4htiin kes\u00e4isiss\u00e4 tunnelmissa.\n<\/p>\n<p>        <\/a><\/p>\n<p>                <img decoding=\"async\" src=\"https:\/\/www.europesays.com\/fi\/wp-content\/uploads\/2025\/10\/1947670.webp\" width=\"576\" height=\"274\" title=\"Vinti\u00f6t-sketsisarja oli aikansa ilmi\u00f6 ja se el\u00e4\u00e4 viel\u00e4 nykyp\u00e4iv\u00e4n\u00e4kin.\" alt=\"Vinti\u0161t.MTV3-kanava sunnuntaina 7.7.2002 klo 19.30. Vinti\u0161t n\u0160hd\u0160\u0160n MTV3-kanavalla uusintana sunnuntai-iltaisin. T\u0160lt\u0160 n\u0160yttiv\u0160t Vinti\u0161t kymmenen vuotta sitten. Kuvassa takariviss\u0160 Janus Hanski, Juha Veijonen, Samuli Edelmann, Jussi Chydenius ja eturiviss\u0160 Niko Saarela, Kari Hietalahti ja Santeri Kinnunen.K\u0160ytett\u0160v\u0160ksi vain MTV:t\u0160 koskevan aineiston yhteydess\u0160.\" loading=\"lazy\" \/>            <\/p>\n<p>\n            Vinti\u00f6t-sketsisarja oli aikansa ilmi\u00f6 ja se el\u00e4\u00e4 viel\u00e4 nykyp\u00e4iv\u00e4n\u00e4kin.<br \/>\n            MTV3\n        <\/p>\n<p class=\"article-content article-content-width !bg-background\">Tarkkaa k\u00e4sikirjoitusta sketseiss\u00e4 ei ollut, vaan ideat syntyiv\u00e4t usein kuvauspaikalla tai edellisen\u00e4 iltana. Kyseess\u00e4 ei ollut suuri tuotanto, sill\u00e4 kuvauksissa oli yleens\u00e4 mukana vain kuvaaja ja \u00e4\u00e4nitt\u00e4j\u00e4.<\/p>\n<p class=\"article-content article-content-width !bg-background\">Sketsisarjasta on j\u00e4\u00e4nyt el\u00e4m\u00e4\u00e4n viel\u00e4 vuosikymmenien j\u00e4lkeenkin erilaisia hokemia, kuten Tervasaaren kes\u00e4teatteri -sketsist\u00e4 tuttu\u00a0&#8221;v\u00e4liaika,\u00a0kahvia ja pullaa&#8221;.\u00a0<\/p>\n<p class=\"article-content article-content-width !bg-background\">\u2013\tHuomaan, ett\u00e4 ihmiset puhuvat siit\u00e4 viel\u00e4kin. Joillekin se on ollut ihan sukupolvikokemus. Se on hauskaa, kun tapaan parikymment\u00e4 vuotta nuorempia kollegoita, jotka nauravat niille viel\u00e4kin. Santeri toteaa ja jatkaa:<\/p>\n<p class=\"article-content article-content-width !bg-background\">\u2013\tT\u00e4ytyy my\u00f6nt\u00e4\u00e4, ett\u00e4 jos olisin silloin tiennyt tuon, en olisi myynyt kaikkia oikeuksia.<\/p>\n<p>        <a itemprop=\"url\" href=\"https:\/\/www.seiska.fi\/kotimaa\/muistatko-janus-hanskin-talta-vintiot-tahti-nayttaa-nyt-paivaakaan-en-ole-katunut\/1579062\" rel=\"nofollow noopener\" target=\"_blank\"><\/p>\n<p class=\"section-date\">\n        <strong class=\"article-section\" data-section=\"kotimaa\"><br \/>\n            kotimaa<br \/>\n        <\/strong><br \/>\n        14.1. 11:07\n    <\/p>\n<p>Muistatko Janus Hanskin? T\u00e4lt\u00e4 Vinti\u00f6t-t\u00e4hti n\u00e4ytt\u00e4\u00e4 nyt \u2013 \u201dP\u00e4iv\u00e4\u00e4k\u00e4\u00e4n en ole katunut\u201d\n    <\/p>\n<p itemprop=\"description\" class=\"subtitle \">\n    Janus on kertonut viime vuosina lehdiss\u00e4 alkoholismista, joka v\u00e4ritti h\u00e4nen nuoruuttaan.\n<\/p>\n<p>        <\/a><\/p>\n<p>Tuottaja pihalle<\/p>\n<p class=\"article-content article-content-width !bg-background\">Vuonna 1997 Maikkarilla julkaistiin Trabat Express\u00a0-sketsisarja, jota t\u00e4hdittiv\u00e4t Kari ja Santeri.\u00a0 Sen ohjasi\u00a0. <\/p>\n<p class=\"article-content article-content-width !bg-background\">Markus Selinin mukaan sketsit saivat yleisesti ottaen kest\u00e4\u00e4 vain 20 sekuntia, ja t\u00e4m\u00e4 huomioitiin my\u00f6s sarjan sketsej\u00e4 kuvatessa.\u00a0<\/p>\n<p class=\"article-content article-content-width !bg-background\">Markus oli pelmahtanut yll\u00e4tt\u00e4en studioon sekuntikellon kanssa. H\u00e4n oli pit\u00e4nyt huolen, ettei kohtaukset kest\u00e4neet 20 sekuntia pidemp\u00e4\u00e4n.\u00a0<\/p>\n<p class=\"article-content article-content-width !bg-background\"> \u2013 Kyll\u00e4h\u00e4n me ajoimme h\u00e4net v**tuun sielt\u00e4, Kari tokaisee nauraen ja jatkaa:\u00a0<\/p>\n<p class=\"article-content article-content-width !bg-background\">\u2013\tSanoimme, ett\u00e4 nyt olisi hyv\u00e4 aika l\u00e4hte\u00e4, vaikka n\u00e4in j\u00e4lkeenp\u00e4in ajateltuna h\u00e4n saattoi h\u00e4n olla oikeassakin.<\/p>\n<p>                <img decoding=\"async\" src=\"https:\/\/www.europesays.com\/fi\/wp-content\/uploads\/2025\/10\/1778806.webp\" width=\"576\" height=\"274\" alt=\"Ansioitunut tuottaja Markus Selin sai l\u00e4ht\u00f6passit kuvauksista.\" loading=\"lazy\" \/>            <\/p>\n<p>\n            Ansioitunut tuottaja Markus Selin sai l\u00e4ht\u00f6passit kuvauksista.<br \/>\n            Pasi Murto\n        <\/p>\n<p class=\"article-content article-content-width !bg-background\">Kari ja Santeri toteavat ykskantaan, ett\u00e4 Vinti\u00f6t on aikansa tuote, ja siin\u00e4 on sellaisia sketsej\u00e4, jotka eiv\u00e4t sovi en\u00e4\u00e4 nykyp\u00e4iv\u00e4\u00e4n.<\/p>\n<p class=\"article-content article-content-width !bg-background\">\u2013\tEn kuitenkaan koe, ett\u00e4 olisimme olleet rasistisia, Santeri toteaa.<\/p>\n<p class=\"article-content article-content-width !bg-background\">\u2013\tEi ly\u00f6ty alasp\u00e4in, Kari jatkaa.<\/p>\n<p class=\"article-content article-content-width !bg-background\">Kun Vinti\u00f6t n\u00e4ki p\u00e4iv\u00e4nvalon, oli l\u00e4heisill\u00e4 siit\u00e4 sanottavaa. Yksi heist\u00e4 oli Samuli Edelmanin is\u00e4, edesmennyt .<\/p>\n<p class=\"article-content article-content-width !bg-background\">\u2013\tH\u00e4n sanoi hyvin l\u00e4mpim\u00e4sti Samulille, ett\u00e4 kuulkaa nyt pojat, te olette oikeasti ihan \u00e4lykk\u00e4it\u00e4 ihmisi\u00e4, miksi t\u00e4llaista, Santeri muistelee.<\/p>\n<p class=\"italic m-italic article-content article-content-width !bg-background\">Vinti\u00f6t katsottavissa MTV Katsomossa.\u00a0<\/p>\n<p>        <a itemprop=\"url\" href=\"https:\/\/www.seiska.fi\/katso\/kari-hietalahdella-on-tarkea-viesti-koiranomistajille\/1869200\" rel=\"nofollow noopener\" target=\"_blank\"><\/p>\n<p>\nKari Hietalahti\n<\/p>\n<p class=\"section-date\">\n        <strong class=\"article-section\" data-section=\"katso\"><br \/>\n            katso<br \/>\n        <\/strong><br \/>\n        27.7. 15:15\n    <\/p>\n<p>Kari Hietalahdella on t\u00e4rke\u00e4 viesti koiranomistajille\n    <\/p>\n<p itemprop=\"description\" class=\"subtitle \">\n    N\u00e4yttelij\u00e4n edesmennyt Pancho-koira seikkaili tv:ss\u00e4. Nyt koirakuume on alkanut nousta.\n<\/p>\n<p>        <\/a><\/p>\n","protected":false},"excerpt":{"rendered":"Santeri Kinnunen ja Kari Hietalahti, Vinti\u00f6t &#8211; Ten years after MTV3 Santeri Kinnunen ja Kari Hietalahti muistelevat kosteita&hellip;\n","protected":false},"author":2,"featured_media":50628,"comment_status":"","ping_status":"","sticky":false,"template":"","format":"standard","meta":{"footnotes":""},"categories":[136],"tags":[7188,12559,407,137,33,31,30,9021,7068,408,12557,12556,12555,905,12554,6154,4476,12553,12552,12561,32,12560,109,4473,9275,12558],"class_list":{"0":"post-50627","1":"post","2":"type-post","3":"status-publish","4":"format-standard","5":"has-post-thumbnail","7":"category-julkkikset","8":"tag-90-luku","9":"tag-aleksi-makela","10":"tag-celebrities","11":"tag-entertainment","12":"tag-fi","13":"tag-finland","14":"tag-finnish","15":"tag-janus-hanski","16":"tag-juha-veijonen","17":"tag-julkkikset","18":"tag-jussi-chydenius","19":"tag-kari-hietalahti","20":"tag-markus-selin","21":"tag-mtv3","22":"tag-niko-saarela","23":"tag-samuli-edelmann","24":"tag-santeri-kinnunen","25":"tag-sketsi","26":"tag-sketsihahmo","27":"tag-sketsiohjelma","28":"tag-suomi","29":"tag-trabat-express","30":"tag-viihde","31":"tag-vintiot","32":"tag-ysari","33":"tag-ysari-tv"},"share_on_mastodon":{"url":"","error":""},"_links":{"self":[{"href":"https:\/\/www.europesays.com\/fi\/wp-json\/wp\/v2\/posts\/50627","targetHints":{"allow":["GET"]}}],"collection":[{"href":"https:\/\/www.europesays.com\/fi\/wp-json\/wp\/v2\/posts"}],"about":[{"href":"https:\/\/www.europesays.com\/fi\/wp-json\/wp\/v2\/types\/post"}],"author":[{"embeddable":true,"href":"https:\/\/www.europesays.com\/fi\/wp-json\/wp\/v2\/users\/2"}],"replies":[{"embeddable":true,"href":"https:\/\/www.europesays.com\/fi\/wp-json\/wp\/v2\/comments?post=50627"}],"version-history":[{"count":0,"href":"https:\/\/www.europesays.com\/fi\/wp-json\/wp\/v2\/posts\/50627\/revisions"}],"wp:featuredmedia":[{"embeddable":true,"href":"https:\/\/www.europesays.com\/fi\/wp-json\/wp\/v2\/media\/50628"}],"wp:attachment":[{"href":"https:\/\/www.europesays.com\/fi\/wp-json\/wp\/v2\/media?parent=50627"}],"wp:term":[{"taxonomy":"category","embeddable":true,"href":"https:\/\/www.europesays.com\/fi\/wp-json\/wp\/v2\/categories?post=50627"},{"taxonomy":"post_tag","embeddable":true,"href":"https:\/\/www.europesays.com\/fi\/wp-json\/wp\/v2\/tags?post=50627"}],"curies":[{"name":"wp","href":"https:\/\/api.w.org\/{rel}","templated":true}]}}