{"id":50631,"date":"2025-10-01T15:09:09","date_gmt":"2025-10-01T15:09:09","guid":{"rendered":"https:\/\/www.europesays.com\/fi\/50631\/"},"modified":"2025-10-01T15:09:09","modified_gmt":"2025-10-01T15:09:09","slug":"jestas-tassa-on-savolaisen-povipommi-pashan-pikkusisko-musta-vyo-karatessa","status":"publish","type":"post","link":"https:\/\/www.europesays.com\/fi\/50631\/","title":{"rendered":"Jestas! T\u00e4ss\u00e4 on savolaisen povipommi Pashan pikkusisko \u2013 musta vy\u00f6 karatessa"},"content":{"rendered":"<p>            Taisija Pozdniakova\n        <\/p>\n<p class=\"subtitle \">\u2013 Ulkon\u00e4\u00f6n perusteella kukaan ei uskoisi, Taisija Podzniakova, 20, naurahtaa Seiskalle.<\/p>\n<p class=\"article-content article-content-width !bg-background\">Suomalaisven\u00e4l\u00e4inen povipommi  \u00e4llistytti hiljattain yli 2,6 miljoonaa Instagram-seuraajaansa.<\/p>\n<p class=\"font-weight-bold m-font-weight-bold article-content article-content-width !bg-background\">Videolla Pashan uusi aluevaltaus:<\/p>\n<p class=\"article-content article-content-width !bg-background\">Pietarissa syntynyt mutta Savonlinnassa varttunut Pasha, 26, julkaisi sunnuntaina kuvakarusellin, jossa juhlistaa siskonsa syntt\u00e4reit\u00e4 Helsingiss\u00e4.<\/p>\n<p class=\"article-content article-content-width !bg-background\">Kyseess\u00e4 on Pashan pikkusisko , jolle tuli t\u00e4yteen 20 vuotta.<\/p>\n<p>        <a itemprop=\"url\" href=\"https:\/\/www.seiska.fi\/kotimaa\/savolaisnaisen-kiusallinen-ongelma-haalarin-ylaosa-ei-mene-millaan-kiinni-miksikohan\/1593603\" rel=\"nofollow noopener\" target=\"_blank\"><\/p>\n<p class=\"section-date\">\n        <strong class=\"article-section\" data-section=\"kotimaa\"><br \/>\n            kotimaa<br \/>\n        <\/strong><br \/>\n        29.1. 17:00\n    <\/p>\n<p>Savolaisnaisen kiusallinen ongelma: haalarin yl\u00e4osa ei mene mill\u00e4\u00e4n kiinni \u2013 \u201dMiksik\u00f6h\u00e4n?\u201d\n    <\/p>\n<p itemprop=\"description\" class=\"subtitle \">\n    Seiskan lukijoille hyvinkin tuttu Pasha Pozdniakova on tehnyt yll\u00e4tt\u00e4v\u00e4n aluevaltauksen.\n<\/p>\n<p>        <\/a><\/p>\n<p class=\"article-content article-content-width !bg-background\">\u2013 Oli loistavat syntt\u00e4rijuhlat. L\u00e4hdimme lauantaina isommalla porukalla ravintolaan juhlimaan, Pasha paljastaa Seiskalle.<\/p>\n<p class=\"article-content article-content-width !bg-background\">\u2013 Valitsimme paikaksi totta kai ven\u00e4l\u00e4isravintola Saslikin, jossa vietimme hyvin hauskaa iltaa.<\/p>\n<p>Vauhdikkaat syntt\u00e4rit<\/p>\n<p class=\"article-content article-content-width !bg-background\">Koska Pasha esitteli pikkusiskonsa miljoonille silm\u00e4pareille, Seiska otti asiakseen soitella Taisijalle ja esitell\u00e4 h\u00e4netkin lukijoillemme.<\/p>\n<p class=\"article-content article-content-width !bg-background\">Maanantaina p\u00e4iv\u00e4ll\u00e4 puhelimeen vastaa hyv\u00e4ntuulisen ja pirte\u00e4n oloinen nuori nainen, joka puhuu suomea ilman mink\u00e4\u00e4nlaista aksenttia.<\/p>\n<p>        <a itemprop=\"url\" href=\"https:\/\/www.seiska.fi\/vain-seiskassa\/salakuvat-nuori-kokoomusnousukas-vei-kuuluisan-povipommin-ulos-poistuivat-yhdessa-hotelliin\/1570563\" rel=\"nofollow noopener\" target=\"_blank\"><\/p>\n<p class=\"section-date\">\n        <strong class=\"article-section\" data-section=\"vain seiskassa\"><br \/>\n            vain seiskassa<br \/>\n        <\/strong><br \/>\n        7.1. 09:28\n    <\/p>\n<p>Salakuvat! Nuori kokoomusnousukas vei kuuluisan povipommin ulos \u2013 poistuivat yhdess\u00e4 hotelliin\n    <\/p>\n<p itemprop=\"description\" class=\"subtitle \">\n    Patrick It\u00e4niemi ja Pasha Pozdniakova viettiv\u00e4t intiimi\u00e4 iltaa Helsingiss\u00e4.\n<\/p>\n<p>        <\/a><\/p>\n<p class=\"article-content article-content-width !bg-background\">\u2013 Eilen sunnuntaina oli kyll\u00e4 my\u00f6s virke\u00e4 olo, Taisija nauraa reportterille.<\/p>\n<p class=\"article-content article-content-width !bg-background\">\u2013 Ravintola Saslik oli hyv\u00e4 j\u00e4rjest\u00e4m\u00e4\u00e4n syntt\u00e4rit. Meill\u00e4 oli kabinetti ja saimme mukavat tarjoilijatkin.<\/p>\n<p>Ty\u00f6skentelee automyyj\u00e4n\u00e4<\/p>\n<p class=\"article-content article-content-width !bg-background\">Miljoonien tuntema Pasha Pozdniakova seilaa kotikaupunkinsa Savonlinnan ja Helsingin v\u00e4li\u00e4. Pikkusisko kertoo asettuneensa Espooseen.<\/p>\n<p>        <a itemprop=\"url\" href=\"https:\/\/www.seiska.fi\/vain-seiskassa\/nyt-meni-liian-pitkalle-povipommilta-viiltava-viesti-kokoomusnousukas-patrick-itaniemelle\/1644180\" rel=\"nofollow noopener\" target=\"_blank\"><\/p>\n<p>\nPasha hermostui Patrickille\n<\/p>\n<p class=\"section-date\">\n        <strong class=\"article-section\" data-section=\"vain seiskassa\"><br \/>\n            vain seiskassa<br \/>\n        <\/strong><br \/>\n        19.3. 06:30\n    <\/p>\n<p>Nyt meni liian pitk\u00e4lle! Povipommilta viilt\u00e4v\u00e4 viesti kokoomusnousukas Patrick It\u00e4niemelle\n    <\/p>\n<p itemprop=\"description\" class=\"subtitle \">\n    Pasha Pozdniakova lataa suorat sanat Patrick It\u00e4niemen touhuista.\n<\/p>\n<p>        <\/a><\/p>\n<p class=\"article-content article-content-width !bg-background\">\u2013 Muutin juuri uuteen loft-asuntoon Espoossa. Olen ty\u00f6skennellyt t\u00e4\u00e4ll\u00e4 nyt reilun vuoden automyyj\u00e4n\u00e4, h\u00e4n kertoo.<\/p>\n<p class=\"article-content article-content-width !bg-background\">\u2013 Pid\u00e4n ty\u00f6st\u00e4ni paljon, ty\u00f6kaveritkin ovat kivoja. Myyntity\u00f6ss\u00e4 jokainen p\u00e4iv\u00e4 on erilainen ja asiakaskohtaamiset opettavat.<\/p>\n<p>                <img decoding=\"async\" src=\"https:\/\/www.europesays.com\/fi\/wp-content\/uploads\/2025\/10\/1945116.webp\" width=\"576\" height=\"639\" alt=\"Taisija Pozdniakova on Pashan pikkusisko.\" loading=\"lazy\" \/>            <\/p>\n<p>\n            Taisija Pozdniakova on Pashan pikkusisko.<br \/>\n            Taisijan kotialbumi\n        <\/p>\n<p>Musta vy\u00f6 karatessa<\/p>\n<p class=\"article-content article-content-width !bg-background\">Taisija on harrastanut kahdeksan vuotta karatea. Viimeiset kuusi vuotta kaunotar on kuulunut Suomen karatemaajoukkueeseen.<\/p>\n<p>        <a itemprop=\"url\" href=\"https:\/\/www.seiska.fi\/kotimaa\/ohhoh-kohukaunottar-pashalta-taas-uusi-aluevaltaus-jyrahtaa-somejateille\/1647273\" rel=\"nofollow noopener\" target=\"_blank\"><\/p>\n<p>\nUusi aluevaltaus\n<\/p>\n<p class=\"section-date\">\n        <strong class=\"article-section\" data-section=\"kotimaa\"><br \/>\n            kotimaa<br \/>\n        <\/strong><br \/>\n        24.3. 06:00\n    <\/p>\n<p>Ohhoh! Kohukaunottar Pashalta taas uusi aluevaltaus \u2013 jyr\u00e4ht\u00e4\u00e4 somej\u00e4teille\n    <\/p>\n<p itemprop=\"description\" class=\"subtitle \">\n    Savolaiskaunotar Pasha Pozdniakovalla on suuret suunnitelmat.\n<\/p>\n<p>        <\/a><\/p>\n<p class=\"article-content article-content-width !bg-background\">Ensi vuoden Saksan EM-kisoihin t\u00e4ht\u00e4\u00e4v\u00e4lt\u00e4 Taisijlata l\u00f6ytyy musta vy\u00f6.<\/p>\n<p class=\"article-content article-content-width !bg-background\">\u2013 Totta kai l\u00f6ytyy, vaikka ulkon\u00e4\u00f6n perusteella kukaan ei sit\u00e4 uskoisi.<\/p>\n<p>&#8221;Jos joku t\u00f6n\u00e4isee&#8230;&#8221;<\/p>\n<p class=\"article-content article-content-width !bg-background\">N\u00e4ytt\u00e4v\u00e4 nuori nainen k\u00e4y toisinaan y\u00f6el\u00e4m\u00e4ss\u00e4, jossa karatetaitoja tarvitaan ilahduttavan v\u00e4h\u00e4n.<\/p>\n<p class=\"article-content article-content-width !bg-background\">\u2013 Suomessa on onneksi sen verran turvallista, Taisija kehaisee ja naurahtaa heti per\u00e4\u00e4n:<\/p>\n<p class=\"article-content article-content-width !bg-background\">\u2013 Jos joku joskus v\u00e4h\u00e4n t\u00f6n\u00e4isee, niin sanon, ett\u00e4 kannattaa olla varovainen. Olen hyv\u00e4 bodyguard!<\/p>\n<p>                <img decoding=\"async\" src=\"https:\/\/www.europesays.com\/fi\/wp-content\/uploads\/2025\/10\/1945127.webp\" width=\"576\" height=\"336\" alt=\"Taisija (oik.) kuuluu Suomen karatemaajoukkueeseen.\" loading=\"lazy\" \/>            <\/p>\n<p>\n            Taisija (oik.) kuuluu Suomen karatemaajoukkueeseen.<br \/>\n            Taisijan kotialbumi\n        <\/p>\n","protected":false},"excerpt":{"rendered":"Taisija Pozdniakova \u2013 Ulkon\u00e4\u00f6n perusteella kukaan ei uskoisi, Taisija Podzniakova, 20, naurahtaa Seiskalle. Suomalaisven\u00e4l\u00e4inen povipommi \u00e4llistytti hiljattain yli&hellip;\n","protected":false},"author":2,"featured_media":50632,"comment_status":"","ping_status":"","sticky":false,"template":"","format":"standard","meta":{"footnotes":""},"categories":[130],"tags":[137,33,31,30,12564,12349,12563,9584,12565,651,32,12562,109],"class_list":{"0":"post-50631","1":"post","2":"type-post","3":"status-publish","4":"format-standard","5":"has-post-thumbnail","7":"category-viihde","8":"tag-entertainment","9":"tag-fi","10":"tag-finland","11":"tag-finnish","12":"tag-isosisko","13":"tag-pasha-pozdniakova","14":"tag-pikkusisko","15":"tag-povipommi","16":"tag-siskokset","17":"tag-suhteet","18":"tag-suomi","19":"tag-taisija-pozdniakova","20":"tag-viihde"},"share_on_mastodon":{"url":"","error":""},"_links":{"self":[{"href":"https:\/\/www.europesays.com\/fi\/wp-json\/wp\/v2\/posts\/50631","targetHints":{"allow":["GET"]}}],"collection":[{"href":"https:\/\/www.europesays.com\/fi\/wp-json\/wp\/v2\/posts"}],"about":[{"href":"https:\/\/www.europesays.com\/fi\/wp-json\/wp\/v2\/types\/post"}],"author":[{"embeddable":true,"href":"https:\/\/www.europesays.com\/fi\/wp-json\/wp\/v2\/users\/2"}],"replies":[{"embeddable":true,"href":"https:\/\/www.europesays.com\/fi\/wp-json\/wp\/v2\/comments?post=50631"}],"version-history":[{"count":0,"href":"https:\/\/www.europesays.com\/fi\/wp-json\/wp\/v2\/posts\/50631\/revisions"}],"wp:featuredmedia":[{"embeddable":true,"href":"https:\/\/www.europesays.com\/fi\/wp-json\/wp\/v2\/media\/50632"}],"wp:attachment":[{"href":"https:\/\/www.europesays.com\/fi\/wp-json\/wp\/v2\/media?parent=50631"}],"wp:term":[{"taxonomy":"category","embeddable":true,"href":"https:\/\/www.europesays.com\/fi\/wp-json\/wp\/v2\/categories?post=50631"},{"taxonomy":"post_tag","embeddable":true,"href":"https:\/\/www.europesays.com\/fi\/wp-json\/wp\/v2\/tags?post=50631"}],"curies":[{"name":"wp","href":"https:\/\/api.w.org\/{rel}","templated":true}]}}