{"id":50633,"date":"2025-10-01T15:10:13","date_gmt":"2025-10-01T15:10:13","guid":{"rendered":"https:\/\/www.europesays.com\/fi\/50633\/"},"modified":"2025-10-01T15:10:13","modified_gmt":"2025-10-01T15:10:13","slug":"ot-hylatty-ilvespentu-lopetettiin-pietarsaaren-keskustan-laheisyydessa","status":"publish","type":"post","link":"https:\/\/www.europesays.com\/fi\/50633\/","title":{"rendered":"\u00d6T: Hyl\u00e4tty ilvespentu lopetettiin Pietarsaaren keskustan l\u00e4heisyydess\u00e4"},"content":{"rendered":"<p>                                  Paikallisuutiset<\/p>\n<p class=\"ew-preamble\" itemprop=\"description\">Peders\u00f6ren seudulla ilveskanta on kasvanut r\u00e4j\u00e4hdysm\u00e4isesti, mutta kaupunkialueella havainnot ovat harvinaisia.<\/p>\n<p>                <img loading=\"lazy\" decoding=\"async\" itemprop=\"contentUrl\" class=\"figure-img img-fluid\"  src=\"https:\/\/www.europesays.com\/fi\/wp-content\/uploads\/2025\/10\/1759331412_307_imengine.public.prod.hil.infomaker.io\" width=\"3899\" height=\"2303\"  alt=\"\"\/><\/p>\n<p>                                    Ilves kuvattuna mets\u00e4ss\u00e4 Kouvolassa kes\u00e4kuussa 2017.<br \/>\n                                                    Kuva:<br \/>\n                    Jussi Nukari<\/p>\n<p>              Ke 1.10.2025 klo 15:37<br \/>\n                  | P\u00e4ivitetty: Ke 1.10.2025 klo 15:38<\/p>\n<p>      MAINOS &#8211; juttu jatkuu mainoksen j\u00e4lkeen<\/p>\n<p>      MAINOS &#8211; mainos p\u00e4\u00e4ttyy<\/p>\n<p class=\"ew-body\">Pietarsaaressa lopetettiin alkuviikolla ilvespentu, uutisoi <a href=\"https:\/\/www.osterbottenstidning.fi\/Artikel\/Visa\/917891\" id=\"link-44ec43fc5abb21ec14d5c7211ff4ed43\" rel=\"nofollow noopener\" target=\"_blank\">\u00d6sterbottens Tidning<\/a>.<\/p>\n<p class=\"ew-body\">Pentu oli n\u00e4hty useaan otteeseen vanhan kaatopaikan eli Markus Karlssonin m\u00e4en l\u00e4heisyydess\u00e4 parin kilometrin p\u00e4\u00e4ss\u00e4 keskustasta. Nykyisin alue toimii suosittuna ulkoilualueena. Pennusta oli tehty useita havaintoja.<\/p>\n<p class=\"ew-body\">Mets<\/p>\n<p>  <a class=\"btn btn-secondary btn-icon-left\" href=\"#coral_thread\"><br \/>\n    <img decoding=\"async\" src=\"https:\/\/www.keskipohjanmaa.fi\/wp-content\/themes\/hilla-theme\/assets\/img\/icon_comments.svg\" alt=\"\"\/><br \/>\n    Kommentoi<br \/>\n  <\/a><\/p>\n<p>  <a class=\"btn btn-secondary btn-icon-left mailto_web\" href=\"mailto:toimitus@keskipohjanmaa.fi?subject=Ilmoita%20asiavirheest%C3%A4&amp;body=Otsikko%3A%20%C3%96T%3A%20Hyl%C3%A4tty%20ilvespentu%20lopetettiin%20Pietarsaaren%20keskustan%20l%C3%A4heisyydess%C3%A4%0AUuid%3A%20e7ea8b5e-f28e-4a33-b18f-47a0b7766814%0AUrl%3A%20https%3A%2F%2Fwww.keskipohjanmaa.fi%2Fartikkeli%2Fot-hylatty-ilvespentu-lopetettiin-pietarsaaressa\"><br \/>\n    <img decoding=\"async\" src=\"https:\/\/www.keskipohjanmaa.fi\/wp-content\/themes\/hilla-theme\/assets\/img\/icon_feedback.svg\" alt=\"\"\/><br \/>\n    Ilmoita asiavirheest\u00e4<br \/>\n  <\/a><\/p>\n","protected":false},"excerpt":{"rendered":"Paikallisuutiset Peders\u00f6ren seudulla ilveskanta on kasvanut r\u00e4j\u00e4hdysm\u00e4isesti, mutta kaupunkialueella havainnot ovat harvinaisia. Ilves kuvattuna mets\u00e4ss\u00e4 Kouvolassa kes\u00e4kuussa 2017.&hellip;\n","protected":false},"author":2,"featured_media":50634,"comment_status":"","ping_status":"","sticky":false,"template":"","format":"standard","meta":{"footnotes":""},"categories":[112],"tags":[33,31,30,118,32,119],"class_list":{"0":"post-50633","1":"post","2":"type-post","3":"status-publish","4":"format-standard","5":"has-post-thumbnail","7":"category-tiede","8":"tag-fi","9":"tag-finland","10":"tag-finnish","11":"tag-science","12":"tag-suomi","13":"tag-tiede"},"share_on_mastodon":{"url":"","error":""},"_links":{"self":[{"href":"https:\/\/www.europesays.com\/fi\/wp-json\/wp\/v2\/posts\/50633","targetHints":{"allow":["GET"]}}],"collection":[{"href":"https:\/\/www.europesays.com\/fi\/wp-json\/wp\/v2\/posts"}],"about":[{"href":"https:\/\/www.europesays.com\/fi\/wp-json\/wp\/v2\/types\/post"}],"author":[{"embeddable":true,"href":"https:\/\/www.europesays.com\/fi\/wp-json\/wp\/v2\/users\/2"}],"replies":[{"embeddable":true,"href":"https:\/\/www.europesays.com\/fi\/wp-json\/wp\/v2\/comments?post=50633"}],"version-history":[{"count":0,"href":"https:\/\/www.europesays.com\/fi\/wp-json\/wp\/v2\/posts\/50633\/revisions"}],"wp:featuredmedia":[{"embeddable":true,"href":"https:\/\/www.europesays.com\/fi\/wp-json\/wp\/v2\/media\/50634"}],"wp:attachment":[{"href":"https:\/\/www.europesays.com\/fi\/wp-json\/wp\/v2\/media?parent=50633"}],"wp:term":[{"taxonomy":"category","embeddable":true,"href":"https:\/\/www.europesays.com\/fi\/wp-json\/wp\/v2\/categories?post=50633"},{"taxonomy":"post_tag","embeddable":true,"href":"https:\/\/www.europesays.com\/fi\/wp-json\/wp\/v2\/tags?post=50633"}],"curies":[{"name":"wp","href":"https:\/\/api.w.org\/{rel}","templated":true}]}}