{"id":50638,"date":"2025-10-01T15:14:08","date_gmt":"2025-10-01T15:14:08","guid":{"rendered":"https:\/\/www.europesays.com\/fi\/50638\/"},"modified":"2025-10-01T15:14:08","modified_gmt":"2025-10-01T15:14:08","slug":"isojoki-palautti-lakkautetut-laakaripalvelut-kuntaan-omalla-rahalla-ministerio-osasimme-odottaa-tallaista-kotimaa","status":"publish","type":"post","link":"https:\/\/www.europesays.com\/fi\/50638\/","title":{"rendered":"Isojoki palautti lakkautetut l\u00e4\u00e4k\u00e4ripalvelut kuntaan omalla rahalla \u2013 ministeri\u00f6: Osasimme odottaa t\u00e4llaista | Kotimaa"},"content":{"rendered":"<p class=\"aw-1gybjub aw-5vja16 cmIuaG zKETg yle__article__paragraph\">Isojoki p\u00e4\u00e4tti ostaa kuntaan l\u00e4\u00e4k\u00e4ripalveluita, jotka hyvinvointialue lakkautti. STM:n alivaltiosihteeri Marina Erhola ei halua arvioida, saako esimerkki laajemmin seuraajia.<\/p>\n<p><img decoding=\"async\" alt=\"P\u00e4ij\u00e4t-H\u00e4meen hyvinvointiyhtym\u00e4n toimitusjohtaja Marina Erhola Ylen studiossa. Taustalla Ylen logo.\" src=\"https:\/\/www.europesays.com\/fi\/wp-content\/uploads\/2025\/10\/39-90084561dea1391fd3c.jpeg\" class=\"aw-1l9m598 hKVVvP\"\/><\/p>\n<p>Avaa kuvien katselu<\/p>\n<p>Alivaltiosihteeri Marina Erhola sanoo, ett\u00e4 sosiaali- ja terveysministeri\u00f6ss\u00e4 seurataan Isojoen tapausta mielenkiinnolla. Arkistokuva. Kuva: Petteri B\u00fclow \/ Yle<\/p>\n<p>Juttu tiivistettyn\u00e4<\/p>\n<ul class=\"aw-1jjocuh iJTSwP yle__article__list yle__article__list--ul\">\n<li class=\"aw-1j7gwms kUeLji\">Isojoen kunta p\u00e4\u00e4tti maanantaina kahden vuoden kokeilusta, jossa se ostaa yksityiselt\u00e4 terveyspalveluyritykselt\u00e4 hoitajan vastaanottok\u00e4yntej\u00e4 ja l\u00e4\u00e4k\u00e4rik\u00e4yntej\u00e4 kuntalaisille.<\/li>\n<li class=\"aw-1j7gwms kUeLji\">Etel\u00e4-Pohjanmaan hyvinvointialue lakkautti l\u00e4\u00e4k\u00e4ripalvelut Isojoelta vuonna 2023.<\/li>\n<li class=\"aw-1j7gwms kUeLji\">Sosiaali- ja terveysministeri\u00f6n mukaan tapaus on historiallinen.<\/li>\n<li class=\"aw-1j7gwms kUeLji\">Alivaltiosihteeri Marina Erhola ei halunnut arvioida, innostaako Isojoki muita kuntia toimimaan samoin.<\/li>\n<\/ul>\n<p class=\"aw-1gybjub aw-1p7kakr cmIuaG fmSRng yle__article__paragraph\">T\u00e4m\u00e4 on teko\u00e4lyn avulla tuotettu, toimittajan tarkistama tiivistelm\u00e4.<\/p>\n<p class=\"aw-1gybjub aw-1p7kakr cmIuaG fmSRng yle__article__paragraph\"><a class=\"aw-iao6s4 iHOxEa yle__article__link\" href=\"https:\/\/yle.fi\/a\/74-20185817\" role=\"link\" rel=\"nofollow noopener\" target=\"_blank\">Isojoen kunnan p\u00e4\u00e4t\u00f6s palauttaa l\u00e4\u00e4k\u00e4ripalvelut<\/a> kuntaan omalla rahalla on yksitt\u00e4istapaus, mutta mielenkiintoinen sellainen.<\/p>\n<p class=\"aw-1gybjub aw-1p7kakr cmIuaG fmSRng yle__article__paragraph\">N\u00e4in sanoo sosiaali- ja terveysministeri\u00f6n alivaltiosihteeri <strong class=\"aw-ak79eh KyCXm yle__article__strong\">Marina Erhola<\/strong>.<\/p>\n<p class=\"aw-1gybjub aw-1p7kakr cmIuaG fmSRng yle__article__paragraph\">\u2013 T\u00e4m\u00e4 on ensimm\u00e4inen t\u00e4llainen tapaus, joka meill\u00e4 on tiedossa t\u00e4\u00e4ll\u00e4 sosiaali- ja terveysministeri\u00f6ss\u00e4. T\u00e4llainen oli ehk\u00e4 odotettavissakin, ja seuraamme sit\u00e4 mielenkiinnolla. Isojoki on p\u00e4\u00e4tt\u00e4nyt katsoa t\u00e4m\u00e4n kortin, Erhola sanoo.<\/p>\n<p class=\"aw-1gybjub aw-1p7kakr cmIuaG fmSRng yle__article__paragraph\">1\u00ad\u00a0800 asukkaan Isojoen kunnanvaltuusto p\u00e4\u00e4tti maanantaina kahden vuoden kokeilusta, jossa se ostaa kuntalaisille yksityiselt\u00e4 terveyspalveluyritykselt\u00e4 1\u00a0200 hoitajan vastaanottok\u00e4ynti\u00e4 ja 700 l\u00e4\u00e4k\u00e4rik\u00e4ynti\u00e4 vuodessa. Asukkaat saavat palvelut kotipaikkakunnalla.<\/p>\n<p class=\"aw-1gybjub aw-1p7kakr cmIuaG fmSRng yle__article__paragraph\">Etel\u00e4-Pohjanmaan hyvinvointialue lakkautti l\u00e4\u00e4k\u00e4ripalvelut Isojoelta vuonna 2023.<\/p>\n<p class=\"aw-1gybjub aw-1p7kakr cmIuaG fmSRng yle__article__paragraph\">\u2013 T\u00e4m\u00e4 liittyy pitk\u00e4lti hyvinvointialueen palveluverkkosuunnitelmaan ja huoleen siit\u00e4, ett\u00e4 kuntaan ei pystyt\u00e4 ihan samantasoisia palveluita tuottamaan kuin aikaisemmin.<\/p>\n<p class=\"aw-1gybjub aw-1p7kakr cmIuaG fmSRng yle__article__paragraph\">Erhola ei halua arvioida, saako Isojoen esimerkki laajemmin seuraajia. Tyytym\u00e4tt\u00f6myytt\u00e4 nykyiseen palvelutarjontaan kun on kunnissa paljon.<\/p>\n<p class=\"aw-1gybjub aw-1p7kakr cmIuaG fmSRng yle__article__paragraph\">\u2013 Isojoen kunta n\u00e4ytt\u00e4\u00e4 olevan aika vakavarainen, ja se haluaa t\u00e4llaisen lis\u00e4palvelun kuntalaisille tuottaa, h\u00e4n toteaa.<\/p>\n<p class=\"aw-1gybjub aw-1p7kakr cmIuaG fmSRng yle__article__paragraph\">\u2013 On t\u00e4rke\u00e4\u00e4, ett\u00e4 kuntalaiset hahmottavat, mink\u00e4lainen oikeus heill\u00e4 t\u00e4llaiseen m\u00e4\u00e4r\u00e4rahan puitteissa j\u00e4rjestett\u00e4v\u00e4\u00e4n lis\u00e4palveluun on. Riippuu varmaan muun muassa kuntien taloudellisesta tilanteesta, onko niiss\u00e4 halua t\u00e4llaiseen l\u00e4hte\u00e4.<\/p>\n<p class=\"aw-1gybjub aw-1p7kakr cmIuaG fmSRng yle__article__paragraph\">Sote-uudistuksen tavoitteena oli siirt\u00e4\u00e4 sote-palveluiden j\u00e4rjest\u00e4minen kunnilta \u201dleve\u00e4mmille hartioille\u201d, koska monet kunnat olivat vaikeuksissa palveluiden py\u00f6ritt\u00e4misen kanssa.<\/p>\n<p class=\"aw-1gybjub aw-1p7kakr cmIuaG fmSRng yle__article__paragraph\">Erhola my\u00f6nt\u00e4\u00e4, ett\u00e4 t\u00e4st\u00e4 n\u00e4k\u00f6kulmasta Isojoen tapaus on kiinnostava.<\/p>\n<p class=\"aw-1gybjub aw-1p7kakr cmIuaG fmSRng yle__article__paragraph\">\u2013 Palveluiden tasaaminen hyvinvointialueilla ei suinkaan aina tarkoita sit\u00e4, ett\u00e4 ne tasataan suurimpaan saatavuuteen. Se tarkoittaa, ett\u00e4 joissakin kunnissa palvelut tarvearvioperusteisesti lis\u00e4\u00e4ntyv\u00e4t, joissakin ne v\u00e4henev\u00e4t toisten hyv\u00e4ksi. Totta kai se tuntuu yksitt\u00e4isiss\u00e4 kunnissa kipe\u00e4lt\u00e4, Erhola sanoo.<\/p>\n<p class=\"aw-1gybjub aw-1p7kakr cmIuaG fmSRng yle__article__paragraph\">Erholan mukaan alustavien tulosten perusteella alueellinen yhdenvertaisuus on Suomessa sote-uudistuksen my\u00f6t\u00e4 silti parantunut.<\/p>\n","protected":false},"excerpt":{"rendered":"Isojoki p\u00e4\u00e4tti ostaa kuntaan l\u00e4\u00e4k\u00e4ripalveluita, jotka hyvinvointialue lakkautti. STM:n alivaltiosihteeri Marina Erhola ei halua arvioida, saako esimerkki laajemmin&hellip;\n","protected":false},"author":2,"featured_media":50639,"comment_status":"","ping_status":"","sticky":false,"template":"","format":"standard","meta":{"footnotes":""},"categories":[12],"tags":[22,23,1377,26,27,33,31,30,17,2218,2029,71,1833,24,25,28,29,15,18,21,12566,4341,32,4855,19,20,16],"class_list":{"0":"post-50638","1":"post","2":"type-post","3":"status-publish","4":"format-standard","5":"has-post-thumbnail","7":"category-suomi","8":"tag-breaking-news","9":"tag-breakingnews","10":"tag-etela-pohjanmaa","11":"tag-featured-news","12":"tag-featurednews","13":"tag-fi","14":"tag-finland","15":"tag-finnish","16":"tag-headlines","17":"tag-hyvinvointialueet","18":"tag-isojoki","19":"tag-kotimaa","20":"tag-kunnat","21":"tag-latest-news","22":"tag-latestnews","23":"tag-main-news","24":"tag-mainnews","25":"tag-news","26":"tag-otsikot","27":"tag-paauutiset","28":"tag-sosiaali-ja-terveysministerio","29":"tag-sosiaali-ja-terveyspalvelut","30":"tag-suomi","31":"tag-terveydenhuolto-ja-sosiaalipalvelut","32":"tag-top-stories","33":"tag-topstories","34":"tag-uutiset"},"share_on_mastodon":{"url":"","error":""},"_links":{"self":[{"href":"https:\/\/www.europesays.com\/fi\/wp-json\/wp\/v2\/posts\/50638","targetHints":{"allow":["GET"]}}],"collection":[{"href":"https:\/\/www.europesays.com\/fi\/wp-json\/wp\/v2\/posts"}],"about":[{"href":"https:\/\/www.europesays.com\/fi\/wp-json\/wp\/v2\/types\/post"}],"author":[{"embeddable":true,"href":"https:\/\/www.europesays.com\/fi\/wp-json\/wp\/v2\/users\/2"}],"replies":[{"embeddable":true,"href":"https:\/\/www.europesays.com\/fi\/wp-json\/wp\/v2\/comments?post=50638"}],"version-history":[{"count":0,"href":"https:\/\/www.europesays.com\/fi\/wp-json\/wp\/v2\/posts\/50638\/revisions"}],"wp:featuredmedia":[{"embeddable":true,"href":"https:\/\/www.europesays.com\/fi\/wp-json\/wp\/v2\/media\/50639"}],"wp:attachment":[{"href":"https:\/\/www.europesays.com\/fi\/wp-json\/wp\/v2\/media?parent=50638"}],"wp:term":[{"taxonomy":"category","embeddable":true,"href":"https:\/\/www.europesays.com\/fi\/wp-json\/wp\/v2\/categories?post=50638"},{"taxonomy":"post_tag","embeddable":true,"href":"https:\/\/www.europesays.com\/fi\/wp-json\/wp\/v2\/tags?post=50638"}],"curies":[{"name":"wp","href":"https:\/\/api.w.org\/{rel}","templated":true}]}}