{"id":50640,"date":"2025-10-01T15:15:10","date_gmt":"2025-10-01T15:15:10","guid":{"rendered":"https:\/\/www.europesays.com\/fi\/50640\/"},"modified":"2025-10-01T15:15:10","modified_gmt":"2025-10-01T15:15:10","slug":"eroottinen-nayttely-sensuroitiin-pian-avajaisten-jalkeen-nama-kuvat-olivat-liikaa","status":"publish","type":"post","link":"https:\/\/www.europesays.com\/fi\/50640\/","title":{"rendered":"Eroottinen n\u00e4yttely sensuroitiin pian avajaisten j\u00e4lkeen \u2013 n\u00e4m\u00e4 kuvat olivat liikaa"},"content":{"rendered":"<p>Taiteilijaryhm\u00e4\u00e4 vaadittiin sensuroimaan taidegalleriassa j\u00e4rjestetty n\u00e4yttely. Ryhm\u00e4 on maksanut siit\u00e4, ett\u00e4 he saavat asettaa t\u00f6it\u00e4\u00e4n esille taidegalleriaan.<\/p>\n<p class=\"article-body mb-nof-24 px-nof-16\">Taidegalleria AVAssa, Varkaudessa on k\u00e4ynniss\u00e4 n\u00e4yttely, joka sensuroitiin.<\/p>\n<p class=\"article-body mb-nof-24 px-nof-16\">N\u00e4yttelyn nimi on XRATED Six shades of erotica ja kuten nimest\u00e4 voi p\u00e4\u00e4tell\u00e4, n\u00e4yttelyn aihe on erotiikka. Teokset ovat taiteilijaryhm\u00e4 Kurittomien k\u00e4sialaa. Kurittomat on kuuden taiteilijan ryhm\u00e4, joka toimii Varkaudessa.<\/p>\n<p class=\"article-body mb-nof-24 px-nof-16\">N\u00e4yttelyn avajaisia vietettiin perjantaina. Sunnuntaina AVA:n galleristi <a class=\"article-personlink\" href=\"https:\/\/www.is.fi\/haku\/?query=Helena%20Cardoso\" rel=\"nofollow noopener\" target=\"_blank\">Helena Cardoso<\/a> sai gallerian vuokranantajalta viestin, jonka mukaan n\u00e4yttelyn teoksista oli tullut valituksia. Vuokranantaja sanoi, etteiv\u00e4t teokset saa n\u00e4ky\u00e4 kadulle tai talon rappuk\u00e4yt\u00e4v\u00e4\u00e4n.<\/p>\n<p class=\"article-body mb-nof-24 px-nof-16\">Cardoso kertoo, ettei vuokranantaja ole itse n\u00e4hnyt n\u00e4yttely\u00e4, joten valituksen teki todenn\u00e4k\u00f6isesti esimerkiksi talon asukas tai ohikulkija.<\/p>\n<p class=\"article-body mb-nof-24 px-nof-16\">Maanantaina taiteilijat peittiv\u00e4t gallerian n\u00e4yteikkunat punaisilla verhoilla ja ulko-oven ikkunalasin tummalla kalvolla.<\/p>\n<p class=\"article-body mb-nof-24 px-nof-16\">N\u00e4yttely j\u00e4rjestettiin Kurittomien aloitteesta. Cardoso kertoo, ett\u00e4 h\u00e4n suostui sill\u00e4 ehdolla, ettei n\u00e4yttely loukkaa ket\u00e4\u00e4n. H\u00e4nen mielest\u00e4\u00e4n teoksissa ei ollut mit\u00e4\u00e4n s\u00e4\u00e4dyt\u00f6nt\u00e4.<\/p>\n<p class=\"article-body mb-nof-24 px-nof-16\">\u2013 Hyv\u00e4ll\u00e4 maulla tehty. N\u00e4yttely ei ole mitenk\u00e4\u00e4n rivo.<\/p>\n<p><img decoding=\"async\" src=\"https:\/\/www.europesays.com\/fi\/wp-content\/uploads\/2025\/10\/1759331708_680_468.jpg\" alt=\"Minna Valta tutki t\u00f6iss\u00e4\u00e4n Medusan myytti\u00e4. \u2013 Medusan myytiss\u00e4 on pohjimmiltaan kuse my\u00f6skin siit\u00e4 saako nainen olla kaunis ilman, ett\u00e4 se on h\u00e4nen vikansa, ett\u00e4 h\u00e4net raiskataan. Teoksissani h\u00e4n ottaa oman voimansa takaisin.\" class=\"_Img_1rerz_1\" style=\"aspect-ratio:1.7777777777777777\" loading=\"eager\"\/><\/p>\n<p class=\"article-picture-caption\">Minna Valta tutki t\u00f6iss\u00e4\u00e4n Medusan myytti\u00e4. \u2013 Medusan myytiss\u00e4 on pohjimmiltaan kuse my\u00f6skin siit\u00e4 saako nainen olla kaunis ilman, ett\u00e4 se on h\u00e4nen vikansa, ett\u00e4 h\u00e4net raiskataan. Teoksissani h\u00e4n ottaa oman voimansa takaisin. Kuva:\u00a0Johanna Aho<\/p>\n<p><img decoding=\"async\" src=\"https:\/\/www.europesays.com\/fi\/wp-content\/uploads\/2025\/10\/1759331709_221_468.jpg\" alt=\"Kurittomien j\u00e4sen Minna Valta kertoo, ett\u00e4 n\u00e4yttelyss\u00e4 on monenlaisia l\u00e4hestymistapoja. \u2013 On my\u00f6s seksuaaliv\u00e4hemmist\u00f6ihin viittaavaa tematiikkaa kuten sateenkaaria, Valta kertoo. Kuvassa taiteilija Johanna Ahon t\u00f6it\u00e4.\" class=\"_Img_1rerz_1\" style=\"aspect-ratio:1\" loading=\"eager\"\/><\/p>\n<p class=\"article-picture-caption\">Kurittomien j\u00e4sen Minna Valta kertoo, ett\u00e4 n\u00e4yttelyss\u00e4 on monenlaisia l\u00e4hestymistapoja. \u2013 On my\u00f6s seksuaaliv\u00e4hemmist\u00f6ihin viittaavaa tematiikkaa kuten sateenkaaria, Valta kertoo. Kuvassa taiteilija Johanna Ahon t\u00f6it\u00e4. Kuva:\u00a0Kuvaaja: Johanna Aho<\/p>\n<p class=\"article-body mb-nof-24 px-nof-16\">Kurittomien j\u00e4sen, kuvataiteilija, <a class=\"article-personlink\" href=\"https:\/\/www.is.fi\/haku\/?query=Minna%20Valta\" rel=\"nofollow noopener\" target=\"_blank\">Minna Valta<\/a> kertoo, ett\u00e4 sensuurivaatimus her\u00e4tti taiteilijaryhm\u00e4ss\u00e4 kuumia tunteita.<\/p>\n<p class=\"article-body mb-nof-24 px-nof-16\">\u2013 Vihaisia olimme. Olemme maksaneet galleriamaksun, n\u00e4yttelymaksun ja vieneet teokset taidegalleriaan. Kuohuttaa, ett\u00e4 joku voi m\u00e4\u00e4ritell\u00e4, millaista taidetta taidegalleriassa saa olla esill\u00e4.<\/p>\n<p class=\"article-body mb-nof-24 px-nof-16\">Valta kertoo, ett\u00e4 heid\u00e4n saamassaan viestiss\u00e4 esitettiin huolta siit\u00e4, ett\u00e4 n\u00e4yteikkunasta ja rappuk\u00e4yt\u00e4v\u00e4n oven ikkunasta n\u00e4kyy teoksia, joissa on \u201dalastomuutta ja seksuaaliv\u00e4lineit\u00e4 muistuttavia esineit\u00e4\u201d. Valta uskoo, ett\u00e4 viestiss\u00e4 mainituilla seksuaaliv\u00e4lineill\u00e4 viitataan glitterill\u00e4 p\u00e4\u00e4llystettyihin penispatsaisiin.<\/p>\n<p><img decoding=\"async\" src=\"https:\/\/www.europesays.com\/fi\/wp-content\/uploads\/2025\/10\/1759331709_905_468.jpg\" alt=\"Gallerian vuokranantaja ilmoitti, ett\u00e4 jotkut n\u00e4yttelyn t\u00f6ist\u00e4 olivat her\u00e4tt\u00e4neet huolta. \u2013 Oletan, ett\u00e4 n\u00e4m\u00e4 seksuaaliv\u00e4lineit\u00e4 muistuttavat esineet viittaavat glitterill\u00e4 p\u00e4\u00e4llystettyihin penispatsaisiin, Minna Valta kertoo.\" class=\"_Img_1rerz_1\" style=\"aspect-ratio:1.5\" loading=\"eager\"\/><\/p>\n<p class=\"article-picture-caption\">Gallerian vuokranantaja ilmoitti, ett\u00e4 jotkut n\u00e4yttelyn t\u00f6ist\u00e4 olivat her\u00e4tt\u00e4neet huolta. \u2013 Oletan, ett\u00e4 n\u00e4m\u00e4 seksuaaliv\u00e4lineit\u00e4 muistuttavat esineet viittaavat glitterill\u00e4 p\u00e4\u00e4llystettyihin penispatsaisiin, Minna Valta kertoo. Kuva:\u00a0Johanna Aho<\/p>\n<p><img decoding=\"async\" src=\"https:\/\/www.europesays.com\/fi\/wp-content\/uploads\/2025\/10\/1759331709_14_468.jpg\" alt=\"Minna Valta sanoo, ettei n\u00e4yttelyss\u00e4 ole ainuttakaan teosta, jonka voisi luokitella K18-materiaaliksi. Kuvassa Minna V\u00e4\u00e4n\u00e4sen maalaus nimelt\u00e4 Tuutko.\" class=\"_Img_1rerz_1\" style=\"aspect-ratio:0.6661458333333333\" loading=\"eager\"\/><\/p>\n<p class=\"article-picture-caption\">Minna Valta sanoo, ettei n\u00e4yttelyss\u00e4 ole ainuttakaan teosta, jonka voisi luokitella K18-materiaaliksi. Kuvassa Minna V\u00e4\u00e4n\u00e4sen maalaus nimelt\u00e4 Tuutko. Kuva:\u00a0Johanna Aho<\/p>\n<p class=\"article-body mb-nof-24 px-nof-16\">\u2013 Perusteluissa mainittiin se, ett\u00e4 talossa asuu lapsia ja eri kulttuuritaustasta tulevia asukkaita ja olisi t\u00e4rke\u00e4\u00e4, etteiv\u00e4t he tahtomattaan tule t\u00f6rm\u00e4nneeksi meid\u00e4n taiteeseemme, Valta kertoo.<\/p>\n<p class=\"article-body mb-nof-24 px-nof-16\">Alastomuus on ylip\u00e4\u00e4t\u00e4\u00e4n hyvin tyypillinen aihe taiteessa. Valta sanoo, ettei n\u00e4yttelyss\u00e4 ole ainuttakaan teosta, jonka voisi luokitella K18-materiaaliksi. Teoksissa ei kuvata esimerkiksi yhdynt\u00e4\u00e4.<\/p>\n<p class=\"article-body mb-nof-24 px-nof-16\">N\u00e4yttelyn rohkeammat teokset p\u00e4\u00e4tettiin alusta asti ripustaa gallerian takaosaan. Valta kertoo, etteiv\u00e4t takaosaan sijoitetut ty\u00f6t n\u00e4kyneet kadulle tai rakennuksen rappuk\u00e4yt\u00e4v\u00e4\u00e4n kovinkaan hyvin.<\/p>\n<p class=\"article-body mb-nof-24 px-nof-16\">Kun sensuurivaatimus kuitenkin tuli, Kurittomat valitsi ikkunoiden peitoksi tarkoituksella juuri punaiset verhot.<\/p>\n<p class=\"article-body mb-nof-24 px-nof-16\">\u2013 Pidimme sit\u00e4 hyv\u00e4n\u00e4 n\u00e4p\u00e4ytyksen\u00e4, ett\u00e4 laitetaan punaiset erotiikkaa huokuvat verhot ikkunaan.<\/p>\n<p><img decoding=\"async\" src=\"https:\/\/www.europesays.com\/fi\/wp-content\/uploads\/2025\/10\/1759331710_386_468.jpg\" alt=\"Johanna Ahon valokuvia ja Jenni M\u00f6nkk\u00f6sen akryylimaalauksia. \u2013 Osa teoksista on hyvin leikittelevi\u00e4. Jenni M\u00f6nkk\u00f6nen akryylimaalauksissa leikitell\u00e4\u00e4n herkkuteemalla, Minna Valta kertoo.\" class=\"_Img_1rerz_1\" style=\"aspect-ratio:1.7777777777777777\" loading=\"eager\"\/><\/p>\n<p class=\"article-picture-caption\">Johanna Ahon valokuvia ja Jenni M\u00f6nkk\u00f6sen akryylimaalauksia. \u2013 Osa teoksista on hyvin leikittelevi\u00e4. Jenni M\u00f6nkk\u00f6nen akryylimaalauksissa leikitell\u00e4\u00e4n herkkuteemalla, Minna Valta kertoo. Kuva:\u00a0Johanna Aho<\/p>\n<p><img decoding=\"async\" src=\"https:\/\/www.europesays.com\/fi\/wp-content\/uploads\/2025\/10\/1759331710_796_468.jpg\" alt=\"N\u00e4yttelyss\u00e4 on kuuden taiteilijan t\u00f6it\u00e4. Esill\u00e4 on muun muassa valokuvia, maalauksia ja veistoksia. Kuvassa Teemu R\u00e4ntil\u00e4n teos nimelt\u00e4 Odotus.\" class=\"_Img_1rerz_1\" style=\"aspect-ratio:0.6666666666666666\" loading=\"eager\"\/><\/p>\n<p class=\"article-picture-caption\">N\u00e4yttelyss\u00e4 on kuuden taiteilijan t\u00f6it\u00e4. Esill\u00e4 on muun muassa valokuvia, maalauksia ja veistoksia. Kuvassa Teemu R\u00e4ntil\u00e4n teos nimelt\u00e4 Odotus. Kuva:\u00a0Johanna Aho<\/p>\n<p class=\"article-body mb-nof-24 px-nof-16\">Valta kertoo, ett\u00e4 ryhm\u00e4 haluaa k\u00e4sitell\u00e4 teoksissaan teemoja, joita ei v\u00e4ltt\u00e4m\u00e4tt\u00e4 n\u00e4hd\u00e4 kaupungin kirjastossa. N\u00e4yttelyn idea ei ollut loukata ket\u00e4\u00e4n, vaan her\u00e4tt\u00e4\u00e4 keskustelua esimerkiksi naisten asemasta yhteiskunnassa.<\/p>\n<p class=\"article-body mb-nof-24 px-nof-16\">\u2013 Halusimme tutkia erotiikkaa siit\u00e4 n\u00e4k\u00f6kulmasta, mit\u00e4 se kussakin meiss\u00e4 t\u00e4ll\u00e4 hetkell\u00e4 her\u00e4tt\u00e4\u00e4. Materiaalissa ei ole mit\u00e4\u00e4n kovin j\u00e4rkytt\u00e4v\u00e4\u00e4.<\/p>\n<p class=\"article-body mb-nof-24 px-nof-16\">Osa n\u00e4yttelyn ideaa oli ravistella vanhoja rakenteita. Vaatimus sensuurista kertoo ryhm\u00e4n mielest\u00e4 vain siit\u00e4, ett\u00e4 t\u00e4llaisille n\u00e4yttelyille on yh\u00e4 tarvetta.<\/p>\n<p class=\"article-body mb-nof-24 px-nof-16\">\u2013 Ihan mielenkiintoinen juttu, jos joku n\u00e4yttely aiheuttaa niin paljon kohua, ett\u00e4 kolmantena p\u00e4iv\u00e4n\u00e4 joudutaan sensuroimaan. Varmaan olemme sitten ihan oikeiden asioiden \u00e4\u00e4rell\u00e4.<\/p>\n<p class=\"article-body mb-nof-24 px-nof-16\">N\u00e4yttely on esill\u00e4 lokakuun 22. p\u00e4iv\u00e4 saakka.<\/p>\n<p><img decoding=\"async\" src=\"https:\/\/www.europesays.com\/fi\/wp-content\/uploads\/2025\/10\/1759331710_344_468.jpg\" alt=\"Kurittomat on kuuden taiteilijan ryhm\u00e4, joka toimii Varkaudessa. Kuvassa vasemmalta oikealle: Minna Valta, Saara Roine, Minna V\u00e4\u00e4n\u00e4nen, Teemu R\u00e4ntil\u00e4, Jenni M\u00f6nkk\u00f6nen ja edess\u00e4 Johanna Aho.\" class=\"_Img_1rerz_1\" style=\"aspect-ratio:1.7777777777777777\" loading=\"eager\"\/><\/p>\n<p class=\"article-picture-caption\">Kurittomat on kuuden taiteilijan ryhm\u00e4, joka toimii Varkaudessa. Kuvassa vasemmalta oikealle: Minna Valta, Saara Roine, Minna V\u00e4\u00e4n\u00e4nen, Teemu R\u00e4ntil\u00e4, Jenni M\u00f6nkk\u00f6nen ja edess\u00e4 Johanna Aho. Kuva:\u00a0Johanna Aho<\/p>\n","protected":false},"excerpt":{"rendered":"Taiteilijaryhm\u00e4\u00e4 vaadittiin sensuroimaan taidegalleriassa j\u00e4rjestetty n\u00e4yttely. Ryhm\u00e4 on maksanut siit\u00e4, ett\u00e4 he saavat asettaa t\u00f6it\u00e4\u00e4n esille taidegalleriaan. Taidegalleria&hellip;\n","protected":false},"author":2,"featured_media":50641,"comment_status":"","ping_status":"","sticky":false,"template":"","format":"standard","meta":{"footnotes":""},"categories":[5],"tags":[22,23,26,27,33,31,30,17,34,24,25,28,29,15,18,21,32,19,20,16],"class_list":{"0":"post-50640","1":"post","2":"type-post","3":"status-publish","4":"format-standard","5":"has-post-thumbnail","7":"category-otsikot","8":"tag-breaking-news","9":"tag-breakingnews","10":"tag-featured-news","11":"tag-featurednews","12":"tag-fi","13":"tag-finland","14":"tag-finnish","15":"tag-headlines","16":"tag-ilta-sanomat","17":"tag-latest-news","18":"tag-latestnews","19":"tag-main-news","20":"tag-mainnews","21":"tag-news","22":"tag-otsikot","23":"tag-paauutiset","24":"tag-suomi","25":"tag-top-stories","26":"tag-topstories","27":"tag-uutiset"},"share_on_mastodon":{"url":"","error":""},"_links":{"self":[{"href":"https:\/\/www.europesays.com\/fi\/wp-json\/wp\/v2\/posts\/50640","targetHints":{"allow":["GET"]}}],"collection":[{"href":"https:\/\/www.europesays.com\/fi\/wp-json\/wp\/v2\/posts"}],"about":[{"href":"https:\/\/www.europesays.com\/fi\/wp-json\/wp\/v2\/types\/post"}],"author":[{"embeddable":true,"href":"https:\/\/www.europesays.com\/fi\/wp-json\/wp\/v2\/users\/2"}],"replies":[{"embeddable":true,"href":"https:\/\/www.europesays.com\/fi\/wp-json\/wp\/v2\/comments?post=50640"}],"version-history":[{"count":0,"href":"https:\/\/www.europesays.com\/fi\/wp-json\/wp\/v2\/posts\/50640\/revisions"}],"wp:featuredmedia":[{"embeddable":true,"href":"https:\/\/www.europesays.com\/fi\/wp-json\/wp\/v2\/media\/50641"}],"wp:attachment":[{"href":"https:\/\/www.europesays.com\/fi\/wp-json\/wp\/v2\/media?parent=50640"}],"wp:term":[{"taxonomy":"category","embeddable":true,"href":"https:\/\/www.europesays.com\/fi\/wp-json\/wp\/v2\/categories?post=50640"},{"taxonomy":"post_tag","embeddable":true,"href":"https:\/\/www.europesays.com\/fi\/wp-json\/wp\/v2\/tags?post=50640"}],"curies":[{"name":"wp","href":"https:\/\/api.w.org\/{rel}","templated":true}]}}