{"id":50642,"date":"2025-10-01T15:27:08","date_gmt":"2025-10-01T15:27:08","guid":{"rendered":"https:\/\/www.europesays.com\/fi\/50642\/"},"modified":"2025-10-01T15:27:08","modified_gmt":"2025-10-01T15:27:08","slug":"suomalaisartisti-tuomittiin-tapon-yrityksesta-sai-levytyssopimuksen","status":"publish","type":"post","link":"https:\/\/www.europesays.com\/fi\/50642\/","title":{"rendered":"Suomalaisartisti tuomittiin tapon yrityksest\u00e4 \u2013 Sai levytyssopimuksen"},"content":{"rendered":"<p>Rap-artisti Kerza on saanut levytyssopimuksen Warner Musicilta.<\/p>\n<p><img decoding=\"async\" class=\"image image-show image-preview\" src=\"https:\/\/www.europesays.com\/fi\/wp-content\/uploads\/2025\/10\/6b5eb53b47c03f1f80a8b42a58f55458efbc226ba724d0e3cacd55436c9ccdce.jpg\" alt=\"\"\/><img decoding=\"async\" class=\"image image-show\" src=\"https:\/\/www.europesays.com\/fi\/wp-content\/uploads\/2025\/10\/1759332428_217_6b5eb53b47c03f1f80a8b42a58f55458efbc226ba724d0e3cacd55436c9ccdce.jpg\" alt=\"\"\/><\/p>\n<p>Kerim Muslah eli Kerza valmistelee parhaillaan studioalbumia Warner Music Suomen alla. Niko Hirvim\u00e4ki, Warner Music Suomi<\/p>\n<p class=\"paragraph\">Warner Music Finland tiedottaa Instagram-tilill\u00e4\u00e4n ja <a href=\"https:\/\/warnermusic.fi\/2025\/10\/01\/listaykkoseksi-noussut-rap-artisti-kerza-sainattu-warner-music-finlandille\/\" target=\"_blank\" rel=\"noopener nofollow\">nettisivuillaan<\/a>, ett\u00e4 yhti\u00f6 on tehnyt  levytyssopimuksen rap-artisti <strong>Kerzan<\/strong> kanssa.<\/p>\n<p class=\"paragraph\">\u2013 On mahtava p\u00e4\u00e4st\u00e4 tekem\u00e4\u00e4n Kerzan kanssa t\u00f6it\u00e4. H\u00e4n on inspiroiva artisti ja poikkeuksellinen talentti, joka menestyksell\u00e4\u00e4n on jo vakiinnuttanut paikkansa rap-kent\u00e4n k\u00e4rkikastissa, Warner Music Finlandin A&amp;R <strong>Fredi Lund\u00e9n<\/strong> sanoo tiedotteessa.<\/p>\n<p class=\"paragraph\">\u2013 H\u00e4nen matkansa on silti vasta alussa ja uskon, ett\u00e4 KERZA tulee jatkossakin olemaan modernin rap-musiikin suunnann\u00e4ytt\u00e4j\u00e4 ja yksi sen isoimmista nimist\u00e4. On kunnia olla mukana t\u00e4ss\u00e4 tiimiss\u00e4, h\u00e4n lis\u00e4\u00e4.<\/p>\n<p class=\"paragraph\">Tiedotteessa kerrotaan, ett\u00e4 Kerza valmistelee parhaillaan uutta studioalbumia.<\/p>\n<p class=\"paragraph\">Mik\u00e4li linkki ei n\u00e4y, voit katsoa julkaisun <a href=\"https:\/\/www.instagram.com\/p\/DPQ7RjujrbJ\/?img_index=1\" target=\"_blank\" rel=\"noopener nofollow\">t\u00e4\u00e4lt\u00e4<\/a>.<\/p>\n<p class=\"paragraph\">Kerza, eli <strong>Kerim Muslah<\/strong>, 23, tuomittiin vuonna 2021 kolmen vuoden ja nelj\u00e4n kuukauden vankeusrangaistukseen tapon yrityksest\u00e4, joka tapahtui Helsingiss\u00e4 Puhoksen ostoskeskuksella. Muslah puukotti toisen katujengin j\u00e4sent\u00e4. Puukotus toimi Helsingin poliisin k\u00e4sityksen mukaan kimmokkeena L-City-jengin ja helsinkil\u00e4isen Kurdish Mafian v\u00e4liselle vihanpidolle.<\/p>\n<p class=\"paragraph\">Kerzaa on syytetty tapon yrityksest\u00e4 tuomionsa j\u00e4lkeenkin. Tuoreinta syytett\u00e4 k\u00e4siteltiin syyskuussa Helsingin hovioikeudessa. Hovioikeus tuomitsi toisen syytetyn kolmen ja puolen vuoden vankeusrangaistukseen tapon yrityksest\u00e4, mutta Kerzaan kohdistetut syytteet kaatuivat. Rikos tapahtui 23. maaliskuuta 2023 Espoon Karakalliossa. Miehi\u00e4 syytettiin nelj\u00e4st\u00e4 tapon yrityksest\u00e4.<\/p>\n<p class=\"paragraph\">Hovioikeuden mukaan Muslahin syytett\u00e4 tuki vain yhden todistajan kertomus, joka sittemmin peruttiin k\u00e4r\u00e4j\u00e4- ja hovioikeudessa. T\u00e4m\u00e4 ei riitt\u00e4nyt tuomitsemiseen. Kerza ei halunnut kommentoida tapahtumia poliisikuulusteluissa tai oikeudessa mitenk\u00e4\u00e4n.<\/p>\n<p>Kuva Kerzasta oikeudessa marraskuussa 2023. Joonas Alanne<\/p>\n<p class=\"paragraph\">Viime vuoden joulukuussa Iltalehti uutisoi, ett\u00e4 Kerzaa syytett\u00e4\u00e4n It\u00e4-Uudenmaan k\u00e4r\u00e4j\u00e4oikeudessa <a href=\"https:\/\/www.iltalehti.fi\/kotimaa\/d01fa0b8-7326-4c8e-ad4e-ae3df0113035\" rel=\"nofollow noopener\" target=\"_blank\">t\u00f6rke\u00e4st\u00e4 huumausainerikoksesta<\/a>. Asiaa on tarkoitus k\u00e4sitell\u00e4 lokakuussa.<\/p>\n<p class=\"paragraph\">Kerza nousi suuremman yleis\u00f6n tietoisuuteen, kun h\u00e4nen ja <strong>Isac Elliotin<\/strong> yhteisbiisi Ms. Bad nousi Spotifyn 1. sijalle viime kes\u00e4n\u00e4. Kerzan tunnetuimpia kappaleita ovat muun muassa Mist tuun, Love Song, ja Rauhaa.<\/p>\n<p class=\"paragraph\">Iltalehti yritti tuloksetta tavoittaa Warner Musicia kommentoimaan levytyssopimusta Kerzan kanssa.<\/p>\n<p>Rap-artisti Kerza kuvattuna L\u00e4nsi-Uudenmaan k\u00e4r\u00e4j\u00e4oikeudessa marraskuussa 2023. Joonas Alanne<\/p>\n<p><script async src=\"\/\/www.instagram.com\/embed.js\"><\/script><\/p>\n","protected":false},"excerpt":{"rendered":"Rap-artisti Kerza on saanut levytyssopimuksen Warner Musicilta. Kerim Muslah eli Kerza valmistelee parhaillaan studioalbumia Warner Music Suomen alla.&hellip;\n","protected":false},"author":2,"featured_media":50643,"comment_status":"","ping_status":"","sticky":false,"template":"","format":"standard","meta":{"footnotes":""},"categories":[136],"tags":[35,138,407,137,33,31,30,408,47,141,976,38,32,109],"class_list":{"0":"post-50642","1":"post","2":"type-post","3":"status-publish","4":"format-standard","5":"has-post-thumbnail","7":"category-julkkikset","8":"tag-24h","9":"tag-audio","10":"tag-celebrities","11":"tag-entertainment","12":"tag-fi","13":"tag-finland","14":"tag-finnish","15":"tag-julkkikset","16":"tag-musiikki","17":"tag-muusikot-bandit","18":"tag-oikeusprosessit","19":"tag-rikos","20":"tag-suomi","21":"tag-viihde"},"share_on_mastodon":{"url":"","error":""},"_links":{"self":[{"href":"https:\/\/www.europesays.com\/fi\/wp-json\/wp\/v2\/posts\/50642","targetHints":{"allow":["GET"]}}],"collection":[{"href":"https:\/\/www.europesays.com\/fi\/wp-json\/wp\/v2\/posts"}],"about":[{"href":"https:\/\/www.europesays.com\/fi\/wp-json\/wp\/v2\/types\/post"}],"author":[{"embeddable":true,"href":"https:\/\/www.europesays.com\/fi\/wp-json\/wp\/v2\/users\/2"}],"replies":[{"embeddable":true,"href":"https:\/\/www.europesays.com\/fi\/wp-json\/wp\/v2\/comments?post=50642"}],"version-history":[{"count":0,"href":"https:\/\/www.europesays.com\/fi\/wp-json\/wp\/v2\/posts\/50642\/revisions"}],"wp:featuredmedia":[{"embeddable":true,"href":"https:\/\/www.europesays.com\/fi\/wp-json\/wp\/v2\/media\/50643"}],"wp:attachment":[{"href":"https:\/\/www.europesays.com\/fi\/wp-json\/wp\/v2\/media?parent=50642"}],"wp:term":[{"taxonomy":"category","embeddable":true,"href":"https:\/\/www.europesays.com\/fi\/wp-json\/wp\/v2\/categories?post=50642"},{"taxonomy":"post_tag","embeddable":true,"href":"https:\/\/www.europesays.com\/fi\/wp-json\/wp\/v2\/tags?post=50642"}],"curies":[{"name":"wp","href":"https:\/\/api.w.org\/{rel}","templated":true}]}}