{"id":50646,"date":"2025-10-01T15:35:09","date_gmt":"2025-10-01T15:35:09","guid":{"rendered":"https:\/\/www.europesays.com\/fi\/50646\/"},"modified":"2025-10-01T15:35:09","modified_gmt":"2025-10-01T15:35:09","slug":"pamela-anderson-uudisti-tyylinsa-matkallaan-kohti-aitoutta","status":"publish","type":"post","link":"https:\/\/www.europesays.com\/fi\/50646\/","title":{"rendered":"Pamela Anderson uudisti tyylins\u00e4 matkallaan kohti aitoutta"},"content":{"rendered":"<p><img decoding=\"async\" src=\"https:\/\/www.europesays.com\/fi\/wp-content\/uploads\/2025\/10\/978.jpg\" alt=\"Pamela Anderson on vanhemmiten alkanut korostaa aitouttaan.\" class=\"_Img_1rerz_1\" style=\"aspect-ratio:1\" loading=\"eager\"\/><\/p>\n<p class=\"article-picture-caption\">Pamela Anderson on vanhemmiten alkanut korostaa aitouttaan. Kuva:\u00a0The Baywatch Company, Photo Image Press<\/p>\n<p>Pamela Andersonin ura on t\u00e4ynn\u00e4 \u201dennen ja j\u00e4lkeen\u201d -hetki\u00e4. N\u00e4yt\u00e4mme h\u00e4nen matkansa kymmenen kuvan voimin.<\/p>\n<p class=\"article-body mb-nof-24 px-nof-16\">N\u00e4yttelij\u00e4 <a class=\"article-personlink\" href=\"https:\/\/www.hs.fi\/haku\/?query=Pamela%20Anderson\" rel=\"nofollow noopener\" target=\"_blank\">Pamela Anderson<\/a> on ollut ikoninen blondi l\u00e4hes niin kauan kuin maailma muistaa. Mutta nyt tuo aikakausi on virallisesti ohi.<\/p>\n<p class=\"article-body mb-nof-24 px-nof-16\">Maanantaina Cond\u00e9 Nastin Pariisin muotiviikon juhlissa Anderson n\u00e4htiin uudessa tyyliss\u00e4: punaiset hiukset, rento ja kerrostettu leikkaus, uusi Pamela Anderson. Uusi tyyli on osa laajempaa muutosta, jossa Anderson tehnyt pes\u00e4eroa menneeseen kuvaansa.<\/p>\n","protected":false},"excerpt":{"rendered":"Pamela Anderson on vanhemmiten alkanut korostaa aitouttaan. Kuva:\u00a0The Baywatch Company, Photo Image Press Pamela Andersonin ura on t\u00e4ynn\u00e4&hellip;\n","protected":false},"author":2,"featured_media":50647,"comment_status":"","ping_status":"","sticky":false,"template":"","format":"standard","meta":{"footnotes":""},"categories":[130],"tags":[137,33,31,30,46,32,109],"class_list":{"0":"post-50646","1":"post","2":"type-post","3":"status-publish","4":"format-standard","5":"has-post-thumbnail","7":"category-viihde","8":"tag-entertainment","9":"tag-fi","10":"tag-finland","11":"tag-finnish","12":"tag-helsingin-sanomat","13":"tag-suomi","14":"tag-viihde"},"share_on_mastodon":{"url":"","error":""},"_links":{"self":[{"href":"https:\/\/www.europesays.com\/fi\/wp-json\/wp\/v2\/posts\/50646","targetHints":{"allow":["GET"]}}],"collection":[{"href":"https:\/\/www.europesays.com\/fi\/wp-json\/wp\/v2\/posts"}],"about":[{"href":"https:\/\/www.europesays.com\/fi\/wp-json\/wp\/v2\/types\/post"}],"author":[{"embeddable":true,"href":"https:\/\/www.europesays.com\/fi\/wp-json\/wp\/v2\/users\/2"}],"replies":[{"embeddable":true,"href":"https:\/\/www.europesays.com\/fi\/wp-json\/wp\/v2\/comments?post=50646"}],"version-history":[{"count":0,"href":"https:\/\/www.europesays.com\/fi\/wp-json\/wp\/v2\/posts\/50646\/revisions"}],"wp:featuredmedia":[{"embeddable":true,"href":"https:\/\/www.europesays.com\/fi\/wp-json\/wp\/v2\/media\/50647"}],"wp:attachment":[{"href":"https:\/\/www.europesays.com\/fi\/wp-json\/wp\/v2\/media?parent=50646"}],"wp:term":[{"taxonomy":"category","embeddable":true,"href":"https:\/\/www.europesays.com\/fi\/wp-json\/wp\/v2\/categories?post=50646"},{"taxonomy":"post_tag","embeddable":true,"href":"https:\/\/www.europesays.com\/fi\/wp-json\/wp\/v2\/tags?post=50646"}],"curies":[{"name":"wp","href":"https:\/\/api.w.org\/{rel}","templated":true}]}}