{"id":50650,"date":"2025-10-01T15:39:08","date_gmt":"2025-10-01T15:39:08","guid":{"rendered":"https:\/\/www.europesays.com\/fi\/50650\/"},"modified":"2025-10-01T15:39:08","modified_gmt":"2025-10-01T15:39:08","slug":"n-junnila-ryopyttaa-vihreiden-sofia-virtaa-moukkamaista","status":"publish","type":"post","link":"https:\/\/www.europesays.com\/fi\/50650\/","title":{"rendered":"n Junnila ry\u00f6pytt\u00e4\u00e4 vihreiden Sofia Virtaa: \u201dMoukkamaista\u201d"},"content":{"rendered":"<p>Vilhelm Junnila: \u201dSe, ett\u00e4 Virta edes ajattelee ihmisten luokittelua heid\u00e4n ihonv\u00e4rins\u00e4 perusteella, on jo l\u00e4ht\u00f6kohdiltaan rasistista.\u201d<\/p>\n<p><img decoding=\"async\" class=\"image image-show image-preview\" src=\"https:\/\/www.europesays.com\/fi\/wp-content\/uploads\/2025\/10\/3a4f3a8d4edd25ad341a9bd84decd966d7c66c285cd85fc6cc52cb344a28fbfc.jpg\" alt=\"\"\/><img decoding=\"async\" class=\"image image-show\" src=\"https:\/\/www.europesays.com\/fi\/wp-content\/uploads\/2025\/10\/1759333148_363_3a4f3a8d4edd25ad341a9bd84decd966d7c66c285cd85fc6cc52cb344a28fbfc.jpg\" alt=\"\"\/><\/p>\n<p>Vilhelm Junnila. Arkistokuva vuodelta 2024. petteri paalasmaa<\/p>\n<p class=\"paragraph\">PS:n kansanedustaja <strong>Vilhelm Junnila<\/strong> arvostelee ankarin sanak\u00e4\u00e4ntein Vihreiden puheenjohtajaa <strong>Sofia Virtaa<\/strong> t\u00e4m\u00e4n puheista Ylen <a href=\"https:\/\/areena.yle.fi\/1-75853301?fbclid=IwY2xjawNKE8JleHRuA2FlbQIxMABicmlkETFEMXllaFJlTExzbmdpRmYyAR6A_tuQhL1gloIUJNrfzXS6OJQBUtBm9upXyP86SyM_Z1Yd0vg2NHsI-NiKqw_aem_a489G_4saemeo8KIA-797A\" target=\"_blank\" rel=\"noopener nofollow\">Politiikkaradiossa<\/a> viime viikon tiistaina.<\/p>\n<p class=\"paragraph\">Politiikkaradion toimittaja muun muassa kysyi Virralta h\u00e4nen k\u00e4sityst\u00e4\u00e4n siit\u00e4, mink\u00e4 takia perussuomalaiset vastustavat Palestiinan tunnustamista.<\/p>\n<p class=\"paragraph\">\u2013 Eik\u00f6h\u00e4n siell\u00e4 ole v\u00e4\u00e4r\u00e4nv\u00e4risi\u00e4 ihmisi\u00e4, joita pit\u00e4isi t\u00e4ss\u00e4 tilanteessa puolustaa, Virta vastasi.<\/p>\n<p class=\"paragraph\">Junnilan mukaan Virta antoi malliesimerkin huonosta k\u00e4ytt\u00e4ytymisest\u00e4, joka on omiaan lis\u00e4\u00e4m\u00e4\u00e4n vastakkainasettelua yhteiskunnassa.<\/p>\n<p class=\"paragraph\">Junnilan mukaan Virran kommentit sis\u00e4lsiv\u00e4t useita vihreille tyypillisi\u00e4 v\u00e4\u00e4ristelyj\u00e4 ja leimakirveit\u00e4, joita vihre\u00e4t mielell\u00e4\u00e4n heiluttaa niille, jotka vihreiden mielest\u00e4 ajattelevat asioista v\u00e4\u00e4rin.<\/p>\n<p class=\"paragraph\">\u2013 Se, ett\u00e4 Virta edes ajattelee ihmisten luokittelua heid\u00e4n ihonv\u00e4rins\u00e4 perusteella, on jo l\u00e4ht\u00f6kohdiltaan rasistista. Perussuomalaisten liitt\u00e4minen Virran omiin tunneper\u00e4isiin reaktioihin osoittaa uskomatonta arvostelukyvyn puutetta, Junnila kirjoittaa <a href=\"https:\/\/www.facebook.com\/vilhelm.junnila\" target=\"_blank\" rel=\"noopener nofollow\">Facebookissa<\/a>.<\/p>\n<p class=\"paragraph\">Toteamusta ei Junnilan mukaan voi pit\u00e4\u00e4 vahinkona, koska Virta jatkoi samalla tyylill\u00e4 my\u00f6s seuraavassa puheenvuorossa.<\/p>\n<p class=\"paragraph\">\u2013 Suomalaisille her\u00e4\u00e4 kysymys, ett\u00e4 toimisiko perussuomalaiset toisin, jos t\u00e4ss\u00e4 olisi joku valkoinen kansa t\u00e4m\u00e4n kohteena, Virta sanoi Junnilan mukaan.<\/p>\n<p>Junnila: \u201dAntisemitistinen oksennus\u201d<\/p>\n<p class=\"paragraph\">Puhuessaan yhdenv\u00e4risist\u00e4 ihmisist\u00e4, Virta vaikuttaa Junnilan mukaan Gazan tilanteen vuoksi kohdistaneen vihanpurkauksensa juutalaisiin.<\/p>\n<p class=\"paragraph\">\u2013 T\u00e4st\u00e4 n\u00e4k\u00f6kulmasta Virran n\u00e4kemys voidaan n\u00e4hd\u00e4 joko t\u00e4ydellisen\u00e4 ymm\u00e4rt\u00e4m\u00e4tt\u00f6myyten\u00e4 tai antisemitistisen\u00e4 oksennuksena, sill\u00e4 Israelin kansa on taustaltaan hyvin moniulotteinen, Junnila kirjoittaa.<\/p>\n<p class=\"paragraph\">Junnilan mukaan puolueen puheenjohtajalta ei ole suomalaisessa poliittisessa keskustelussa tavattu odottaa n\u00e4in moukkamaista k\u00e4yt\u00f6st\u00e4 ja itsehillinn\u00e4n puutetta.<\/p>\n<p class=\"paragraph\">\u2013 Ensin ajattelin, etten kirjoita aiheesta, mutta kansalaisilta on tullut useita suivaantuneita s\u00e4hk\u00f6posteja Virran k\u00e4yt\u00f6ksest\u00e4.<\/p>\n<p class=\"paragraph\">Junnila puhuu esiintymist\u00e4 seuranneista tapahtumista \u201dtragikoomisina\u201d. Junnila viittaa Virran muutama p\u00e4iv\u00e4 Ylen Politiikkaradion j\u00e4lkeen tekem\u00e4\u00e4n <a href=\"https:\/\/www.facebook.com\/search\/top\/?q=Sofia%20Virta&amp;locale=fi_FI\" target=\"_blank\" rel=\"noopener nofollow\">Facebook<\/a>-p\u00e4ivitykseen, jossa Virta kirjoittaa, ett\u00e4, \u201dpoliitikassa erimielisyydet ovat arkip\u00e4iv\u00e4\u00e4, niiden kuuluu olla monipuoluej\u00e4rjestelm\u00e4ss\u00e4. Mutta asiatonta sen ei pid\u00e4 olla.\u201d<\/p>\n<p class=\"paragraph\">Junnilan FB-kirjoituksesta uutisoi ensimm\u00e4isen\u00e4 PS:n puoluelehti <a href=\"https:\/\/www.suomenuutiset.fi\/junnila-on-tullut-aika-katsoa-peiliin-sofia-virta\/\" target=\"_blank\" rel=\"noopener nofollow\">Suomen Uutiset<\/a>.<\/p>\n<p>Sofia Virta vieraili Iltalehden IL-TV:n Ukkola-ohjelmassa 9.9.2025. Maarit Pohjanpalo<\/p>\n","protected":false},"excerpt":{"rendered":"Vilhelm Junnila: \u201dSe, ett\u00e4 Virta edes ajattelee ihmisten luokittelua heid\u00e4n ihonv\u00e4rins\u00e4 perusteella, on jo l\u00e4ht\u00f6kohdiltaan rasistista.\u201d Vilhelm Junnila.&hellip;\n","protected":false},"author":2,"featured_media":50651,"comment_status":"","ping_status":"","sticky":false,"template":"","format":"standard","meta":{"footnotes":""},"categories":[14],"tags":[35,22,23,26,27,33,31,30,17,5237,24,25,28,29,15,18,21,49,637,886,885,32,19,20,56,16,59,60,61],"class_list":{"0":"post-50650","1":"post","2":"type-post","3":"status-publish","4":"format-standard","5":"has-post-thumbnail","7":"category-ulkomaat","8":"tag-24h","9":"tag-breaking-news","10":"tag-breakingnews","11":"tag-featured-news","12":"tag-featurednews","13":"tag-fi","14":"tag-finland","15":"tag-finnish","16":"tag-headlines","17":"tag-konservatiivipuolueet","18":"tag-latest-news","19":"tag-latestnews","20":"tag-main-news","21":"tag-mainnews","22":"tag-news","23":"tag-otsikot","24":"tag-paauutiset","25":"tag-perussuomalaiset","26":"tag-politiikka","27":"tag-puolueet","28":"tag-suomen-poliittiset-puolueet","29":"tag-suomi","30":"tag-top-stories","31":"tag-topstories","32":"tag-ulkomaat","33":"tag-uutiset","34":"tag-world","35":"tag-world-news","36":"tag-worldnews"},"share_on_mastodon":{"url":"","error":""},"_links":{"self":[{"href":"https:\/\/www.europesays.com\/fi\/wp-json\/wp\/v2\/posts\/50650","targetHints":{"allow":["GET"]}}],"collection":[{"href":"https:\/\/www.europesays.com\/fi\/wp-json\/wp\/v2\/posts"}],"about":[{"href":"https:\/\/www.europesays.com\/fi\/wp-json\/wp\/v2\/types\/post"}],"author":[{"embeddable":true,"href":"https:\/\/www.europesays.com\/fi\/wp-json\/wp\/v2\/users\/2"}],"replies":[{"embeddable":true,"href":"https:\/\/www.europesays.com\/fi\/wp-json\/wp\/v2\/comments?post=50650"}],"version-history":[{"count":0,"href":"https:\/\/www.europesays.com\/fi\/wp-json\/wp\/v2\/posts\/50650\/revisions"}],"wp:featuredmedia":[{"embeddable":true,"href":"https:\/\/www.europesays.com\/fi\/wp-json\/wp\/v2\/media\/50651"}],"wp:attachment":[{"href":"https:\/\/www.europesays.com\/fi\/wp-json\/wp\/v2\/media?parent=50650"}],"wp:term":[{"taxonomy":"category","embeddable":true,"href":"https:\/\/www.europesays.com\/fi\/wp-json\/wp\/v2\/categories?post=50650"},{"taxonomy":"post_tag","embeddable":true,"href":"https:\/\/www.europesays.com\/fi\/wp-json\/wp\/v2\/tags?post=50650"}],"curies":[{"name":"wp","href":"https:\/\/api.w.org\/{rel}","templated":true}]}}