{"id":50654,"date":"2025-10-01T15:41:09","date_gmt":"2025-10-01T15:41:09","guid":{"rendered":"https:\/\/www.europesays.com\/fi\/50654\/"},"modified":"2025-10-01T15:41:09","modified_gmt":"2025-10-01T15:41:09","slug":"nainen-esitteli-hapyhuuliaan-teravapiirtona-prismassa-tyontekija-pahoitteli-hillalle-19-mita-oli-paassyt-tapahtumaan","status":"publish","type":"post","link":"https:\/\/www.europesays.com\/fi\/50654\/","title":{"rendered":"Nainen esitteli h\u00e4pyhuuliaan ter\u00e4v\u00e4piirtona Prismassa \u2013 Ty\u00f6ntekij\u00e4 pahoitteli Hillalle, 19, mit\u00e4 oli p\u00e4\u00e4ssyt tapahtumaan"},"content":{"rendered":"<p>N\u00e4ky It\u00e4keskuksen Prisman yl\u00e4kerran televisioruuduissa h\u00e4mmensi maanantai-iltana kello 22.<\/p>\n<p><img decoding=\"async\" class=\"image image-show image-preview\" src=\"https:\/\/www.europesays.com\/fi\/wp-content\/uploads\/2025\/10\/975a155aa0e62585e333dd9b4f73e3e433e69be7ef31c8776a96b3683be8f169.jpg\" alt=\"\"\/><img decoding=\"async\" class=\"image image-show\" src=\"https:\/\/www.europesays.com\/fi\/wp-content\/uploads\/2025\/10\/1759333269_202_975a155aa0e62585e333dd9b4f73e3e433e69be7ef31c8776a96b3683be8f169.jpg\" alt=\"\"\/><\/p>\n<p>Kuvituksena Triplan Prisma. Tiina Somerpuro<\/p>\n<p class=\"paragraph\">Helsinkil\u00e4inen <strong>Hilla<\/strong>, 19, oli kavereineen k\u00e4ym\u00e4ss\u00e4 It\u00e4keskuksen Prismassa, kun heid\u00e4n huomionsa tarkentui elektroniikkaosaston ruuduille. Siell\u00e4 tapahtui jo kummia.<\/p>\n<p class=\"paragraph\">\u2013 Minulla ei ole roikkuvia h\u00e4pyhuulia, nainen sanoi ohjelman tekstityksen mukaan.<\/p>\n<p class=\"paragraph\">Samalla n\u00e4yt\u00f6ill\u00e4 py\u00f6ri tarkennettu l\u00e4hikuva naisen alastomaan alap\u00e4\u00e4st\u00e4. Ohjelma tuli Ylen kakkoskanavalta.<\/p>\n<p class=\"paragraph\">\u2013 Olihan se v\u00e4h\u00e4n outoa. Onneksi ket\u00e4\u00e4n muita ei ollut silloin yl\u00e4kerrassa. Olisi ollut ik\u00e4v\u00e4\u00e4, jos paikalla olisi ollut esimerkiksi lapsiperheit\u00e4.<\/p>\n<p>Hilla kuvasi It\u00e4keskuksen Prisman yl\u00e4kerran \u201diltaohjelmistoa\u201d maanantaina. Kyseess\u00e4 oli Ylen kakkosella tuohon aikaan esitetty  -dokumentti. Ainakin kuusi tv-ruutua v\u00e4litti samaa kuvaa. Lukijan kuva<\/p>\n<p class=\"paragraph\">Hilla kertoo, ettei ohjelma ollut sin\u00e4ns\u00e4 eroottinen tai viitannut pornoon. Silti usealta eri n\u00e4yt\u00f6lt\u00e4 samanaikaisesti toistuva kuvasto tuntui olevan v\u00e4h\u00e4n liikaa.<\/p>\n<p class=\"paragraph\">\u2013 Kyll\u00e4h\u00e4n siin\u00e4 kosketeltiin ja n\u00e4ytettiin alueita, mutta mieleen j\u00e4i, ett\u00e4 kyseess\u00e4 oli enemm\u00e4n ihmisen biologiaa k\u00e4sittelev\u00e4 ohjelma.<\/p>\n<p class=\"paragraph\">Kyseess\u00e4 oli Ylen kakkosella tuohon aikaan esitetty Jalkojen v\u00e4liss\u00e4 -dokumentti.  Ohjelmatietojen mukaan ohjelmassa \u201djoukko raadollisen rehellisi\u00e4 naisia p\u00e4\u00e4st\u00e4\u00e4 kamerat jalkojensa v\u00e4liin ja esittelee muotojaan ja karvoitustaan\u201d. Ohjelma oli kielletty alle 12-vuotiailta.<\/p>\n<p class=\"paragraph\">Hilla k\u00e4vi kaverinsa kanssa Prisman alakerrassa raportoimassa, mit\u00e4 ruuduilla tapahtui.<\/p>\n<p class=\"paragraph\">\u2013 Kerroimme, ett\u00e4 yl\u00e4kerrassa on menossa v\u00e4h\u00e4n kyseenalainen ohjelma. H\u00e4n pahoitteli asiaa ja ymm\u00e4rsimme, ett\u00e4 asiaa l\u00e4hdettiin hoitamaan.<\/p>\n<p class=\"paragraph\">It\u00e4keskuksen Prisman johtaja <strong>Juha Itkonen<\/strong> on tietoinen tapahtuneesta.<\/p>\n<p class=\"paragraph\">\u2013 It\u00e4keskuksen elektroniikkaosaston tv-n\u00e4yt\u00f6ill\u00e4 py\u00f6riv\u00e4t Ylen sek\u00e4 MTV3:n kanavien ohjelmat.<\/p>\n<p class=\"paragraph\">\u2013 Jos henkil\u00f6kuntamme tai asiakkaat huomaavat ruuduilla ep\u00e4sopivaa ohjelmaa, henkil\u00f6kuntamme vaihtaa toiselle kanavalle.<\/p>\n","protected":false},"excerpt":{"rendered":"N\u00e4ky It\u00e4keskuksen Prisman yl\u00e4kerran televisioruuduissa h\u00e4mmensi maanantai-iltana kello 22. Kuvituksena Triplan Prisma. Tiina Somerpuro Helsinkil\u00e4inen Hilla, 19, oli&hellip;\n","protected":false},"author":2,"featured_media":50655,"comment_status":"","ping_status":"","sticky":false,"template":"","format":"standard","meta":{"footnotes":""},"categories":[5],"tags":[35,22,23,26,27,33,31,30,17,10666,898,24,25,28,29,15,18,21,979,32,19,20,16,12567,12568],"class_list":{"0":"post-50654","1":"post","2":"type-post","3":"status-publish","4":"format-standard","5":"has-post-thumbnail","7":"category-otsikot","8":"tag-24h","9":"tag-breaking-news","10":"tag-breakingnews","11":"tag-featured-news","12":"tag-featurednews","13":"tag-fi","14":"tag-finland","15":"tag-finnish","16":"tag-headlines","17":"tag-kamera-digitaalinen-ja-analoginen","18":"tag-kulutustavarat","19":"tag-latest-news","20":"tag-latestnews","21":"tag-main-news","22":"tag-mainnews","23":"tag-news","24":"tag-otsikot","25":"tag-paauutiset","26":"tag-sahkoinen-media","27":"tag-suomi","28":"tag-top-stories","29":"tag-topstories","30":"tag-uutiset","31":"tag-valokuvaus-ja-videokuvaustuotteet","32":"tag-valokuvaustarvikkeet"},"share_on_mastodon":{"url":"","error":""},"_links":{"self":[{"href":"https:\/\/www.europesays.com\/fi\/wp-json\/wp\/v2\/posts\/50654","targetHints":{"allow":["GET"]}}],"collection":[{"href":"https:\/\/www.europesays.com\/fi\/wp-json\/wp\/v2\/posts"}],"about":[{"href":"https:\/\/www.europesays.com\/fi\/wp-json\/wp\/v2\/types\/post"}],"author":[{"embeddable":true,"href":"https:\/\/www.europesays.com\/fi\/wp-json\/wp\/v2\/users\/2"}],"replies":[{"embeddable":true,"href":"https:\/\/www.europesays.com\/fi\/wp-json\/wp\/v2\/comments?post=50654"}],"version-history":[{"count":0,"href":"https:\/\/www.europesays.com\/fi\/wp-json\/wp\/v2\/posts\/50654\/revisions"}],"wp:featuredmedia":[{"embeddable":true,"href":"https:\/\/www.europesays.com\/fi\/wp-json\/wp\/v2\/media\/50655"}],"wp:attachment":[{"href":"https:\/\/www.europesays.com\/fi\/wp-json\/wp\/v2\/media?parent=50654"}],"wp:term":[{"taxonomy":"category","embeddable":true,"href":"https:\/\/www.europesays.com\/fi\/wp-json\/wp\/v2\/categories?post=50654"},{"taxonomy":"post_tag","embeddable":true,"href":"https:\/\/www.europesays.com\/fi\/wp-json\/wp\/v2\/tags?post=50654"}],"curies":[{"name":"wp","href":"https:\/\/api.w.org\/{rel}","templated":true}]}}