{"id":50658,"date":"2025-10-01T16:00:07","date_gmt":"2025-10-01T16:00:07","guid":{"rendered":"https:\/\/www.europesays.com\/fi\/50658\/"},"modified":"2025-10-01T16:00:07","modified_gmt":"2025-10-01T16:00:07","slug":"il-seuraa-hifkn-kokoonpanossa-jattimainen-poissaolo-miljoonaseurat-vaantavat-jumbopaikasta-iltalehti","status":"publish","type":"post","link":"https:\/\/www.europesays.com\/fi\/50658\/","title":{"rendered":"IL seuraa: HIFK:n kokoonpanossa j\u00e4ttim\u00e4inen poissaolo \u2013 Miljoonaseurat v\u00e4\u00e4nt\u00e4v\u00e4t jumbopaikasta &#8211; Iltalehti"},"content":{"rendered":"<ol>\n<li><a href=\"https:\/\/news.google.com\/rss\/articles\/CBMie0FVX3lxTFBsOS1fanRscnVQRlYyUDhPc0Yya184cldnQ2lBQjJhMXFLWG1GdHhVMDlSamZhaXBERTZyd0dqQXM4OVFPNGM2aFVWdXgzWThyT25jZ1ZpSThJU3JkQVhMTDdzdUwyLS1DSk9mYlVmc20yQU04TGEwLXFoTQ?oc=5\" target=\"_blank\" rel=\"nofollow noopener\">IL seuraa: HIFK:n kokoonpanossa j\u00e4ttim\u00e4inen poissaolo \u2013 Miljoonaseurat v\u00e4\u00e4nt\u00e4v\u00e4t jumbopaikasta<\/a>&nbsp;&nbsp;Iltalehti<\/li>\n<li><a href=\"https:\/\/news.google.com\/rss\/articles\/CBMiXkFVX3lxTE83TWMyc1dkNG9MTHNDbkZ0eFFCR0tNNmFORnoxbmdjeWtralZoZEJGRjVJTHZLdGRHa1ZEd3d4OXJOZE5zYnVuQzA5R09feFpFOURFNDBBeTRiQWozd3c?oc=5\" target=\"_blank\" rel=\"nofollow noopener\">SM-liigassa kiivas taistelu jumbosijasta \u2013 kriisijoukkueille lis\u00e4\u00e4 takaiskuja<\/a>&nbsp;&nbsp;Ilta-Sanomat<\/li>\n<li><a href=\"https:\/\/news.google.com\/rss\/articles\/CBMitgFBVV95cUxNSmlJNDZQQVd3NjRLYlVJVnZlcDlVUV9OUE9WeERuWEJadUdIcFBLMmhqWEVHd3hpR0IzN0xCTzFEbG1PY2ZoTW5YaGZURlR1YU9PSU80RVAtbmd2QXJjUnRhYVBzZ28ydDZwOHpxS045ZEVNQkFsX1lPTDJOX1B6Y1REUjhmUUZKaUZYN3l5RF9ZNXZZbFlhUVdCUHhLRUEyeTNLbjdBZGdjeGxiU0lPRDRBeWZ0dw?oc=5\" target=\"_blank\" rel=\"nofollow noopener\">Aron Kiviharjun tilanteessa positiivinen k\u00e4\u00e4nne \u2013 HIFK sai my\u00f6s surkeita uutisia<\/a>&nbsp;&nbsp;SuomiKiekko<\/li>\n<li><a href=\"https:\/\/news.google.com\/rss\/articles\/CBMijgFBVV95cUxNSnBHMk93UllBdEx2aGZZUUhrVHlNRDdCRlU2dXJuQnJnVURZV3FkQ2ozWWRhdHpkTkxCRzlyR0U1VTh5WEU2bzc4TjM4TmtRLUtFNDloakE3STBDSTV0NzQzckFVX1YtdmNUQk1pN3JRaXhNYkNwWVk1bkZlRlF2TUZvZUxUZjdDeWRXOU9B?oc=5\" target=\"_blank\" rel=\"nofollow noopener\">\ud83c\uddeb\ud83c\uddee HIFK \u2013 KooKoo 1.10.2025 | Katso vetovihje &amp; kertoimet<\/a>&nbsp;&nbsp;Uhmapelaajat<\/li>\n<li><a href=\"https:\/\/news.google.com\/rss\/articles\/CBMiggFBVV95cUxNR25QMkE3X2RNdFBlQ0JmYXltcGtxU1F2WWVlb09sWU1MeXl5bW0wUDBIMGVhMXBmU1VlU3hKY1dUbXVVSWpVR0Qzd2RpOWlLVnplX1Rvc3FWRzQ1Z09tUW5VcXQ3T3lCYXJBMGFRLVRFZTFvLVN3TnpkcEdxV3J0eWl3?oc=5\" target=\"_blank\" rel=\"nofollow noopener\">HIFK:n kokoonpanossa iso yll\u00e4tys<\/a>&nbsp;&nbsp;mtvuutiset.fi<\/li>\n<\/ol>\n","protected":false},"excerpt":{"rendered":"IL seuraa: HIFK:n kokoonpanossa j\u00e4ttim\u00e4inen poissaolo \u2013 Miljoonaseurat v\u00e4\u00e4nt\u00e4v\u00e4t jumbopaikasta&nbsp;&nbsp;Iltalehti SM-liigassa kiivas taistelu jumbosijasta \u2013 kriisijoukkueille lis\u00e4\u00e4 takaiskuja&nbsp;&nbsp;Ilta-Sanomat&hellip;\n","protected":false},"author":2,"featured_media":50659,"comment_status":"","ping_status":"","sticky":false,"template":"","format":"standard","meta":{"footnotes":""},"categories":[158],"tags":[35,1274,33,31,30,1143,41,159,32,1145,160,161],"class_list":{"0":"post-50658","1":"post","2":"type-post","3":"status-publish","4":"format-standard","5":"has-post-thumbnail","7":"category-urheilu","8":"tag-24h","9":"tag-ammattiurheilu","10":"tag-fi","11":"tag-finland","12":"tag-finnish","13":"tag-jaakiekko","14":"tag-liikunta-ja-urheilu","15":"tag-sports","16":"tag-suomi","17":"tag-talviurheilu","18":"tag-urheilu","19":"tag-urheilutapahtumat"},"share_on_mastodon":{"url":"","error":""},"_links":{"self":[{"href":"https:\/\/www.europesays.com\/fi\/wp-json\/wp\/v2\/posts\/50658","targetHints":{"allow":["GET"]}}],"collection":[{"href":"https:\/\/www.europesays.com\/fi\/wp-json\/wp\/v2\/posts"}],"about":[{"href":"https:\/\/www.europesays.com\/fi\/wp-json\/wp\/v2\/types\/post"}],"author":[{"embeddable":true,"href":"https:\/\/www.europesays.com\/fi\/wp-json\/wp\/v2\/users\/2"}],"replies":[{"embeddable":true,"href":"https:\/\/www.europesays.com\/fi\/wp-json\/wp\/v2\/comments?post=50658"}],"version-history":[{"count":0,"href":"https:\/\/www.europesays.com\/fi\/wp-json\/wp\/v2\/posts\/50658\/revisions"}],"wp:featuredmedia":[{"embeddable":true,"href":"https:\/\/www.europesays.com\/fi\/wp-json\/wp\/v2\/media\/50659"}],"wp:attachment":[{"href":"https:\/\/www.europesays.com\/fi\/wp-json\/wp\/v2\/media?parent=50658"}],"wp:term":[{"taxonomy":"category","embeddable":true,"href":"https:\/\/www.europesays.com\/fi\/wp-json\/wp\/v2\/categories?post=50658"},{"taxonomy":"post_tag","embeddable":true,"href":"https:\/\/www.europesays.com\/fi\/wp-json\/wp\/v2\/tags?post=50658"}],"curies":[{"name":"wp","href":"https:\/\/api.w.org\/{rel}","templated":true}]}}