{"id":50660,"date":"2025-10-01T16:01:08","date_gmt":"2025-10-01T16:01:08","guid":{"rendered":"https:\/\/www.europesays.com\/fi\/50660\/"},"modified":"2025-10-01T16:01:08","modified_gmt":"2025-10-01T16:01:08","slug":"mita-jos-avioliitto-tai-kihlaus-kaduttaa-suomalaiset-kertovat-milta-se-tuntuu","status":"publish","type":"post","link":"https:\/\/www.europesays.com\/fi\/50660\/","title":{"rendered":"Mit\u00e4, jos avioliitto tai kihlaus kaduttaa? Suomalaiset kertovat, milt\u00e4 se tuntuu"},"content":{"rendered":"<p>Joskus jo h-hetkell\u00e4 on selv\u00e4\u00e4, ett\u00e4 avioliitto ei ole oikeasti hyv\u00e4 idea.<\/p>\n<p class=\"article-body mb-nof-24 px-nof-16\">Olen ollut naimisissa kolme kertaa. Toisella kihlauskerralla en s\u00e4\u00e4list\u00e4 kehdannut sanoa ei, sill\u00e4 toinen oli n\u00e4hnyt paljon vaivaa kosinnan eteen. <\/p>\n<p class=\"article-body mb-nof-24 px-nof-16\">Viikkoa ennen h\u00e4it\u00e4ni olisin joka kerralla perunut, mutta en kehdannut. Olisi pit\u00e4nyt.<\/p>\n<p class=\"article-body mb-nof-24 px-nof-16\">N\u00e4in kertoo kolmesta avioliitostaan kuusikymppinen Liisa. <\/p>\n<p class=\"article-body mb-nof-24 px-nof-16\">Ensimm\u00e4inen ja kolmas avioliitto kestiv\u00e4t alle vuoden. Keskimm\u00e4inen liitto kesti pidemp\u00e4\u00e4n.<\/p>\n<p class=\"article-body mb-nof-24 px-nof-16\">T\u00e4ll\u00e4 hetkell\u00e4 Liisa el\u00e4\u00e4 sinkkuna.<\/p>\n<p class=\"article-body mb-nof-24 px-nof-16\">\u2013 Nyt olen vapaa. Ei olisi pit\u00e4nyt menn\u00e4 naimisiin. Yht\u00e4k\u00e4\u00e4n kertaa, h\u00e4n t\u00e4r\u00e4ytt\u00e4\u00e4.<\/p>\n<p>\u201dTiesin tehneeni virheen\u201d<\/p>\n<p class=\"article-body mb-nof-24 px-nof-16\">Ker\u00e4simme taannoin suomalaisilta kokemuksia tilanteista, joissa avioliitto on kaduttanut jo alttarilla. Liisa on yksi Me Naisten <a class=\"article-genericlink\" href=\"https:\/\/www.is.fi\/menaiset\/ihmiset-ja-suhteet\/art-2000011423542.html\" rel=\"nofollow noopener\" target=\"_blank\">kyselyyn<\/a> vastanneista.<\/p>\n<p class=\"article-body mb-nof-24 px-nof-16\">Liisan lis\u00e4ksi moni muukin kyselyyn vastannut jakaa kokemuksen siit\u00e4, ett\u00e4 katumuksen tunteita on her\u00e4nnyt jo alttarilla tai h\u00e4\u00e4juhlan humussa \u2013 siis hetkiss\u00e4, jotka tavallisesti miellet\u00e4\u00e4n jopa el\u00e4m\u00e4n onnellisimpina.<\/p>\n<p class=\"article-body mb-nof-24 px-nof-16\">Hanna, 51, kertoo saaneensa alttarilla el\u00e4m\u00e4ns\u00e4 ensimm\u00e4isen paniikkikohtauksen.<\/p>\n<p class=\"article-body mb-nof-24 px-nof-16\">\u2013 Olisi pit\u00e4nyt uskoa siin\u00e4 vaiheessa, ett\u00e4 liitto ei ole itselleni hyv\u00e4ksi, h\u00e4n pohtii.<\/p>\n<p class=\"article-body mb-nof-24 px-nof-16\">My\u00f6s 53-vuotias Johanna sivuutti mieleen hiipineet ep\u00e4ilykset ja meni niist\u00e4 huolimatta naimisiin.<\/p>\n<p class=\"article-body mb-nof-24 px-nof-16\">\u2013 Vastasin tahdon, vaikka en tahtonut. Liitto kesti kuusi kuukautta ja p\u00e4\u00e4ttyi vaikeaan eroon. Jotenkin olin vain ajatellut, ett\u00e4 avioliitto kuuluu t\u00e4h\u00e4n el\u00e4m\u00e4nvaiheeseen\u201d, Johanna kirjoittaa.<\/p>\n<p>\u201dSormukset lenteliv\u00e4t\u201d<\/p>\n<p class=\"article-body mb-nof-24 px-nof-16\">Kyselyss\u00e4 kerrottiin my\u00f6s hyvin myrskyisist\u00e4 parisuhteista. Kikin, 58 ja Helenan, 63, avioliittoja edelsi on-off-suhde sulhasen kanssa.<\/p>\n<p class=\"article-body mb-nof-24 px-nof-16\">\u2013 Olimme aiemmin olleet jo kaksi kertaa astumassa alttarille, mutta peruin h\u00e4\u00e4t viime tingassa, kunnes sitten p\u00e4\u00e4timme menn\u00e4 oikeasti naimisiin. Kaduin naimisiinmenoa heti, Kiki kertoo.<\/p>\n<p class=\"article-body mb-nof-24 px-nof-16\">Ero laitettiin vireille jo kaksi kuukautta h\u00e4iden j\u00e4lkeen.<\/p>\n<p class=\"article-body mb-nof-24 px-nof-16\">\u2013 Riitelimme rahasta. Ei meist\u00e4 ollut asumaan yhdess\u00e4, Kiki summaa. <\/p>\n<p class=\"article-body mb-nof-24 px-nof-16\">My\u00f6s Helenan suhteessa oli erimielisyyksi\u00e4 rahasta. Helenan mukaan mies oli velkaantunut. Ennen h\u00e4it\u00e4 sulhanen oli luvannut parantaa tapansa.<\/p>\n<p class=\"article-body mb-nof-24 px-nof-16\">Viikko ennen h\u00e4it\u00e4 sulhanen kuitenkin rikkoi Helenalle antamansa lupauksen ja velkaantui lis\u00e4\u00e4.<\/p>\n<p class=\"article-body mb-nof-24 px-nof-16\">\u2013 Kaduin alttarilla p\u00e4\u00e4t\u00f6st\u00e4ni menn\u00e4 naimisiin, ja olisin vastannut papille &#8221;en tahdo&#8221;, jos olisin uskaltanut. Olin aivan paniikissa, enk\u00e4 suinkaan onnellinen, Helena muistelee. <\/p>\n<p class=\"article-body mb-nof-24 px-nof-16\">Avioliitto kesti lopulta kaksi vuotta.<\/p>\n<blockquote class=\"citation\">\n<p>\u201d<\/p>\n<p>Jo alttarille k\u00e4velless\u00e4 tiesin, ett\u00e4 eroan.<\/p>\n<\/blockquote>\n<p class=\"article-body mb-nof-24 px-nof-16\">Toisinaan katumus tai eroajatukset ovat yll\u00e4tt\u00e4neet vasta h\u00e4iden j\u00e4lkeen, esimerkiksi h\u00e4\u00e4matkalla. N\u00e4in kertoo Elina, 67.<\/p>\n<p class=\"article-body mb-nof-24 px-nof-16\">\u2013 H\u00e4\u00e4matkallamme katselin auton takapenkilt\u00e4 edess\u00e4ni istuvan mieheni krapulak\u00e4nnist\u00e4 keikkuvaa p\u00e4\u00e4t\u00e4 ja tiesin tehneeni virheen, h\u00e4n toteaa.<\/p>\n<blockquote class=\"blockquote\"\/><p>Yll\u00e4tys h\u00e4\u00e4y\u00f6n\u00e4<\/p>\n<p class=\"article-body mb-nof-24 px-nof-16\">Suomalaiset kertovat my\u00f6s, miten pian h\u00e4iden j\u00e4lkeen paljastuneet salaisuudet muuttivat mielen avioliitosta, ja lopulta liitto alkoikin kaduttaa.<\/p>\n<p class=\"article-body mb-nof-24 px-nof-16\">Hannan, 50, puoliso t\u00e4r\u00e4ytti tiskiin h\u00e4\u00e4y\u00f6n\u00e4 yll\u00e4tyksen.<\/p>\n<p class=\"article-body mb-nof-24 px-nof-16\">\u2013 Mieheni kertoi olevansa helpottunut siit\u00e4, ett\u00e4 huhut h\u00e4nen seksuaalisesta suuntautumisestaan p\u00e4\u00e4ttyiv\u00e4t h\u00e4ihimme. Samalla h\u00e4n tunnusti olevansa homo, Hanna kirjoittaa.<\/p>\n<p class=\"article-body mb-nof-24 px-nof-16\">Hannan avioliitto kesti viel\u00e4 kaksi vuotta paljastuksesta huolimatta.<\/p>\n<p class=\"article-body mb-nof-24 px-nof-16\">\u2013 Eromme j\u00e4lkeen otin kaikki syyt\u00f6kset niskoilleni. Kukaan ei tied\u00e4 totuutta lyhyeksi j\u00e4\u00e4neest\u00e4 liitostamme vuosikymmeni\u00e4 my\u00f6hemmink\u00e4\u00e4n. Ex\u00e4ni el\u00e4\u00e4 edelleen visusti kaapissa, mink\u00e4 uskon olevan aika raskasta henkisesti, Hanna pohtii menneit\u00e4.<\/p>\n<p class=\"article-body mb-nof-24 px-nof-16\">\u2013 H\u00e4n kuitenkin aneli, etten kertoisi eron todellista syyt\u00e4 kellek\u00e4\u00e4n, sill\u00e4 vanhoillinen pohjalaisyhteis\u00f6 ei sit\u00e4 ymm\u00e4rt\u00e4isi.<\/p>\n<p class=\"article-body mb-nof-24 px-nof-16\">Osa vastaajista kertoo, ett\u00e4 ep\u00e4ilyksen tunteista huolimatta liitto oli lopulta pitk\u00e4.<\/p>\n<blockquote class=\"blockquote\">\n<p class=\"article-body mb-nof-8\">Jo alttarille k\u00e4velless\u00e4 tiesin, ett\u00e4 eroan. Olin kuitenkin 21-vuotias, enk\u00e4 uskaltanut j\u00e4tt\u00e4\u00e4 kumppaniani siihen paikkaan. Myrskyis\u00e4 liitto kesti lopulta 13 vuotta. Pirjo, 69<\/p>\n<\/blockquote>\n<p>Katumus kihloista<\/p>\n<p class=\"article-body mb-nof-24 px-nof-16\">Kyselyss\u00e4 selvisi, ett\u00e4 avioliiton lis\u00e4ksi my\u00f6s kihlat ovat aiheuttaneet monissa ristiriitaisia tunteita. Usea kertoo vastanneensa kihlaustilanteessa my\u00f6nt\u00e4v\u00e4sti, vaikka oikeasti olisi tehnyt mieli kielt\u00e4yty\u00e4.<\/p>\n<p class=\"article-body mb-nof-24 px-nof-16\">Piasta, 48, polvistumishetki tuntui painostavalta.<\/p>\n<p class=\"article-body mb-nof-24 px-nof-16\">\u2013 Kumppanini oli suunnitellut kihlauksen salaa ja kosi ollessamme matkalla, jossa my\u00f6s yst\u00e4v\u00e4pariskuntamme oli mukana. En kehdannut tai voinut pilata kivaa matkaa kaveripariskunnan kanssa, joten vastasin my\u00f6nt\u00e4v\u00e4sti.<\/p>\n<blockquote class=\"blockquote\">\n<p class=\"article-body mb-nof-8\">Minua kosittiin liian nopeasti tutustumisen j\u00e4lkeen, ja kilttin\u00e4 suostuin. Olisin vain halunnut viel\u00e4 tutustua ja el\u00e4\u00e4 vapaana. Helena, 67<\/p>\n<\/blockquote>\n<p class=\"article-body mb-nof-24 px-nof-16\">Joskus voi my\u00f6s k\u00e4yd\u00e4 niin, ett\u00e4 vahvatkin ep\u00e4ilyksen tunteet menev\u00e4t ohi. 40-vuotias Katri on edelleen yhdess\u00e4 kihlattunsa kanssa, vaikka kihlaus aluksi kaduttikin.<\/p>\n<p class=\"article-body mb-nof-24 px-nof-16\">\u2013 Kihlakuvassa hymyilen v\u00e4kin\u00e4isesti, sill\u00e4 tiesin, ett\u00e4 t\u00e4st\u00e4 tulee suuri virhe. Sit\u00e4 virhett\u00e4 on korjattu vaihtelevin menestyksin vuosia.<\/p>\n<p class=\"article-body mb-nof-24 px-nof-16\">Katrin mukaan katumus on h\u00e4lvennyt vuosien saatossa.<\/p>\n<p class=\"article-body mb-nof-24 px-nof-16\">\u2013 Valoa tunnelin p\u00e4\u00e4ss\u00e4 on.<\/p>\n","protected":false},"excerpt":{"rendered":"Joskus jo h-hetkell\u00e4 on selv\u00e4\u00e4, ett\u00e4 avioliitto ei ole oikeasti hyv\u00e4 idea. Olen ollut naimisissa kolme kertaa. Toisella&hellip;\n","protected":false},"author":2,"featured_media":50661,"comment_status":"","ping_status":"","sticky":false,"template":"","format":"standard","meta":{"footnotes":""},"categories":[130],"tags":[137,33,31,30,34,32,109],"class_list":{"0":"post-50660","1":"post","2":"type-post","3":"status-publish","4":"format-standard","5":"has-post-thumbnail","7":"category-viihde","8":"tag-entertainment","9":"tag-fi","10":"tag-finland","11":"tag-finnish","12":"tag-ilta-sanomat","13":"tag-suomi","14":"tag-viihde"},"share_on_mastodon":{"url":"","error":""},"_links":{"self":[{"href":"https:\/\/www.europesays.com\/fi\/wp-json\/wp\/v2\/posts\/50660","targetHints":{"allow":["GET"]}}],"collection":[{"href":"https:\/\/www.europesays.com\/fi\/wp-json\/wp\/v2\/posts"}],"about":[{"href":"https:\/\/www.europesays.com\/fi\/wp-json\/wp\/v2\/types\/post"}],"author":[{"embeddable":true,"href":"https:\/\/www.europesays.com\/fi\/wp-json\/wp\/v2\/users\/2"}],"replies":[{"embeddable":true,"href":"https:\/\/www.europesays.com\/fi\/wp-json\/wp\/v2\/comments?post=50660"}],"version-history":[{"count":0,"href":"https:\/\/www.europesays.com\/fi\/wp-json\/wp\/v2\/posts\/50660\/revisions"}],"wp:featuredmedia":[{"embeddable":true,"href":"https:\/\/www.europesays.com\/fi\/wp-json\/wp\/v2\/media\/50661"}],"wp:attachment":[{"href":"https:\/\/www.europesays.com\/fi\/wp-json\/wp\/v2\/media?parent=50660"}],"wp:term":[{"taxonomy":"category","embeddable":true,"href":"https:\/\/www.europesays.com\/fi\/wp-json\/wp\/v2\/categories?post=50660"},{"taxonomy":"post_tag","embeddable":true,"href":"https:\/\/www.europesays.com\/fi\/wp-json\/wp\/v2\/tags?post=50660"}],"curies":[{"name":"wp","href":"https:\/\/api.w.org\/{rel}","templated":true}]}}