{"id":50664,"date":"2025-10-01T16:05:08","date_gmt":"2025-10-01T16:05:08","guid":{"rendered":"https:\/\/www.europesays.com\/fi\/50664\/"},"modified":"2025-10-01T16:05:08","modified_gmt":"2025-10-01T16:05:08","slug":"poikkeuksellinen-tilanne-moskovassa","status":"publish","type":"post","link":"https:\/\/www.europesays.com\/fi\/50664\/","title":{"rendered":"Poikkeuksellinen tilanne Moskovassa"},"content":{"rendered":"<p><img decoding=\"async\" class=\"image image-show image-preview\" src=\"https:\/\/www.europesays.com\/fi\/wp-content\/uploads\/2025\/10\/cf51fc10838e36cada02a15526eb0b9b4dd1dc6746cfa328ecc00deda33167d6.jpg\" alt=\"\"\/><img decoding=\"async\" class=\"image image-show\" src=\"https:\/\/www.europesays.com\/fi\/wp-content\/uploads\/2025\/10\/1759334708_874_cf51fc10838e36cada02a15526eb0b9b4dd1dc6746cfa328ecc00deda33167d6.jpg\" alt=\"\"\/><\/p>\n<p>Putinin vastaanottotoimisto sijaitsee Moskovan keskustassa. Kuvituskuva. AOP<\/p>\n<p class=\"paragraph\">Moskovassa j\u00e4rjestettiin lauantaina poikkeuksellisen laaja protesti Ven\u00e4j\u00e4n hallintoa vastaan.<\/p>\n<p class=\"paragraph\">Paikallismedia <a href=\"https:\/\/www.themoscowtimes.com\/2025\/09\/29\/hundreds-line-up-outside-putins-office-in-largest-opposition-linked-action-since-2024-a90648\" target=\"_blank\" rel=\"noopener nofollow\">Msk1:n<\/a> mukaan sadat ven\u00e4l\u00e4iset jonottivat presidentti <a href=\"https:\/\/www.iltalehti.fi\/henkilot\/Vladimir Putin\" class=\"article-link-person-page\" rel=\"nofollow noopener\" target=\"_blank\">Vladimir Putinin<\/a> vastaanottotoimiston edustalla j\u00e4tt\u00e4\u00e4kseen hallinnolle valituksia ymp\u00e4rist\u00f6- ja sosiaaliasioista. Joidenkin v\u00e4itteiden mukaan jonossa olisi p\u00e4iv\u00e4n aikana ollut jopa tuhatkunta ihmist\u00e4.<\/p>\n<p class=\"paragraph\">Paikalla oli eri ryhmittymi\u00e4, jotka vastustivat muun muassa maksullisia teit\u00e4 ja sosiaalietuuksien leikkauksia. Vetoomuksia j\u00e4tettiin my\u00f6s viheralueiden s\u00e4ilytt\u00e4misen puolesta.<\/p>\n<p class=\"paragraph\">Aktivisteja ei heid\u00e4n kertomansa mukaan p\u00e4\u00e4stetty sis\u00e4\u00e4n toimistoon, vaan vetoomukset rekister\u00f6itiin rakennuksen edustalla. Putinin vastaanottotoimisto sijaitsee Moskovan keskustassa, l\u00e4hell\u00e4 Kremli\u00e4.<\/p>\n<p class=\"paragraph\">Oppositiomedia <a href=\"https:\/\/www.themoscowtimes.com\/2025\/09\/29\/hundreds-line-up-outside-putins-office-in-largest-opposition-linked-action-since-2024-a90648\" target=\"_blank\" rel=\"noopener nofollow\">Moscow Timesin<\/a> mukaan kyseess\u00e4 oli suurin vetoomuskampanja sitten maaliskuun 2024, jolloin Ven\u00e4j\u00e4ll\u00e4 j\u00e4rjestettiin edellinen presidentinvaalin\u00e4ytelm\u00e4. Tuolloin oppositioaktivistit kannustivat \u00e4\u00e4nest\u00e4ji\u00e4 jonottamaan \u00e4\u00e4nestyspaikoille keskip\u00e4iv\u00e4ll\u00e4 protestiksi Putinia vastaan.<\/p>\n<p>Ven\u00e4j\u00e4n presidentti Vladimir Putinin vastaanottotoimiston edustalle kertyi pitk\u00e4 jono.  ZUMAWIRE\/MVPHOTOS<\/p>\n","protected":false},"excerpt":{"rendered":"Putinin vastaanottotoimisto sijaitsee Moskovan keskustassa. Kuvituskuva. AOP Moskovassa j\u00e4rjestettiin lauantaina poikkeuksellisen laaja protesti Ven\u00e4j\u00e4n hallintoa vastaan. Paikallismedia Msk1:n&hellip;\n","protected":false},"author":2,"featured_media":50665,"comment_status":"","ping_status":"","sticky":false,"template":"","format":"standard","meta":{"footnotes":""},"categories":[14],"tags":[35,22,23,26,27,33,31,30,17,2453,24,25,28,29,15,2452,18,21,142,2746,637,32,19,20,56,16,59,60,61],"class_list":{"0":"post-50664","1":"post","2":"type-post","3":"status-publish","4":"format-standard","5":"has-post-thumbnail","7":"category-ulkomaat","8":"tag-24h","9":"tag-breaking-news","10":"tag-breakingnews","11":"tag-featured-news","12":"tag-featurednews","13":"tag-fi","14":"tag-finland","15":"tag-finnish","16":"tag-headlines","17":"tag-kansalaisaktivismi-ja-jarjestot","18":"tag-latest-news","19":"tag-latestnews","20":"tag-main-news","21":"tag-mainnews","22":"tag-news","23":"tag-osallistuminen-yhteiskunta","24":"tag-otsikot","25":"tag-paauutiset","26":"tag-poliitikot","27":"tag-poliittinen-osallistuminen","28":"tag-politiikka","29":"tag-suomi","30":"tag-top-stories","31":"tag-topstories","32":"tag-ulkomaat","33":"tag-uutiset","34":"tag-world","35":"tag-world-news","36":"tag-worldnews"},"share_on_mastodon":{"url":"","error":""},"_links":{"self":[{"href":"https:\/\/www.europesays.com\/fi\/wp-json\/wp\/v2\/posts\/50664","targetHints":{"allow":["GET"]}}],"collection":[{"href":"https:\/\/www.europesays.com\/fi\/wp-json\/wp\/v2\/posts"}],"about":[{"href":"https:\/\/www.europesays.com\/fi\/wp-json\/wp\/v2\/types\/post"}],"author":[{"embeddable":true,"href":"https:\/\/www.europesays.com\/fi\/wp-json\/wp\/v2\/users\/2"}],"replies":[{"embeddable":true,"href":"https:\/\/www.europesays.com\/fi\/wp-json\/wp\/v2\/comments?post=50664"}],"version-history":[{"count":0,"href":"https:\/\/www.europesays.com\/fi\/wp-json\/wp\/v2\/posts\/50664\/revisions"}],"wp:featuredmedia":[{"embeddable":true,"href":"https:\/\/www.europesays.com\/fi\/wp-json\/wp\/v2\/media\/50665"}],"wp:attachment":[{"href":"https:\/\/www.europesays.com\/fi\/wp-json\/wp\/v2\/media?parent=50664"}],"wp:term":[{"taxonomy":"category","embeddable":true,"href":"https:\/\/www.europesays.com\/fi\/wp-json\/wp\/v2\/categories?post=50664"},{"taxonomy":"post_tag","embeddable":true,"href":"https:\/\/www.europesays.com\/fi\/wp-json\/wp\/v2\/tags?post=50664"}],"curies":[{"name":"wp","href":"https:\/\/api.w.org\/{rel}","templated":true}]}}