{"id":50666,"date":"2025-10-01T16:06:10","date_gmt":"2025-10-01T16:06:10","guid":{"rendered":"https:\/\/www.europesays.com\/fi\/50666\/"},"modified":"2025-10-01T16:06:10","modified_gmt":"2025-10-01T16:06:10","slug":"sahkonsininen-takki-ja-paljaat-nilkat-paljastivat-krista-kiurun-pahoinpitelijan-kotimaa","status":"publish","type":"post","link":"https:\/\/www.europesays.com\/fi\/50666\/","title":{"rendered":"S\u00e4hk\u00f6nsininen takki ja paljaat nilkat paljastivat Krista Kiurun pahoinpitelij\u00e4n | Kotimaa"},"content":{"rendered":"<p class=\"aw-1gybjub aw-5vja16 cmIuaG zKETg yle__article__paragraph\">Ex-ministerin, kansanedustaja Krista Kiurun (sd.) pahoinpitelij\u00e4 tunnistettiin vuodenaikaan n\u00e4hden erikoisen pukeutumisen perusteella.<\/p>\n<p><img decoding=\"async\" alt=\"Valvontakamera kuva l\u00e4hijunasta. Junan ovien kohdilla seisoo ihminen sinisessa takissa k\u00e4det taskussa.\" src=\"https:\/\/www.europesays.com\/fi\/wp-content\/uploads\/2025\/10\/39-153140968dd17031b094.jpeg\" class=\"aw-1l9m598 hKVVvP\"\/><\/p>\n<p>Avaa kuvien katselu<\/p>\n<p>Krista Kiurun pahoinpitelij\u00e4 tallentui teon j\u00e4lkeen muun muassa l\u00e4hijunan valvontakamerakuviin. Kuvaa on k\u00e4sitelty yksityisyyden suojan vuoksi. Kuva: Poliisi<\/p>\n<p>Juttu tiivistettyn\u00e4<\/p>\n<ul class=\"aw-1jjocuh iJTSwP yle__article__list yle__article__list--ul\">\n<li class=\"aw-1j7gwms kUeLji\">Ex-ministeri, kansanedustaja Krista Kiuru (sd.) pahoinpideltiin Kaisaniemen puistossa viime joulukuussa.<\/li>\n<li class=\"aw-1j7gwms kUeLji\">Poliisi p\u00e4\u00e4si pahoinpitelij\u00e4n j\u00e4ljille miehen erikoisen pukeutumisen perusteella.<\/li>\n<li class=\"aw-1j7gwms kUeLji\">Mies oli k\u00e4ytt\u00e4nyt huumetta ennen tekoa ja my\u00f6nsi ly\u00f6neens\u00e4 Kiurua.<\/li>\n<li class=\"aw-1j7gwms kUeLji\">Miehen mukaan ly\u00f6nti oli \u201dmottasu\u201d tai huitaisu eik\u00e4 mik\u00e4\u00e4n kova ly\u00f6nti.<\/li>\n<li class=\"aw-1j7gwms kUeLji\">Mies tuomittiin Helsingin k\u00e4r\u00e4j\u00e4oikeudessa 30 p\u00e4iv\u00e4n ehdottomaan vankeuteen.<\/li>\n<\/ul>\n<p class=\"aw-1gybjub aw-1p7kakr cmIuaG fmSRng yle__article__paragraph\">T\u00e4m\u00e4 on teko\u00e4lyn avulla tuotettu, toimittajan tarkistama tiivistelm\u00e4.<\/p>\n<p class=\"aw-1gybjub aw-1p7kakr cmIuaG fmSRng yle__article__paragraph\">Ex-ministeri, kansanedustaja <strong class=\"aw-ak79eh KyCXm yle__article__strong\">Krista Kiuru<\/strong> (sd.) pahoinpideltiin Kaisaniemen puistossa viime joulukuussa.<\/p>\n<p class=\"aw-1gybjub aw-1p7kakr cmIuaG fmSRng yle__article__paragraph\">Poliisin esitutkinnasta selvi\u00e4\u00e4, mill\u00e4 tavoin Kiurua kasvoihin ly\u00f6neen tuntemattoman miehen j\u00e4ljille p\u00e4\u00e4stiin. Siin\u00e4 auttoi pahoinpitelij\u00e4n pukeutuminen.<\/p>\n<p class=\"aw-1gybjub aw-1p7kakr cmIuaG fmSRng yle__article__paragraph\">Vaikka tilanne oli \u00e4killinen ja oli pime\u00e4\u00e4, miehen vaatteet j\u00e4iv\u00e4t Kiurulle mieleen.<\/p>\n<p class=\"aw-1gybjub aw-1p7kakr cmIuaG fmSRng yle__article__paragraph\">\u2013 H\u00e4nen vaatetuksensa kiinnitti huomioni, sill\u00e4 h\u00e4n oli pukeutunut oudon kevyesti t\u00e4h\u00e4n vuodenaikaan n\u00e4hden. Miehell\u00e4 oli p\u00e4\u00e4ll\u00e4\u00e4n sininen tuulitakki sek\u00e4 capri-housut, Kiuru kertoi poliisille.<\/p>\n<p class=\"aw-1gybjub aw-1p7kakr cmIuaG fmSRng yle__article__paragraph\">S\u00e4hk\u00f6nsinisess\u00e4 tuulitakissa ja nilkat paljaina liikkunut mies taltioitui valvontakameroiden kuviin Kaisaniemen puistossa, p\u00e4\u00e4rautatieasemalla, l\u00e4hijunassa ja Hiekkaharjun juna-asemalla Vantaalla.<\/p>\n<p><img decoding=\"async\" alt=\"Ihminen sinisessa takissa ja punaisessa hupparissa k\u00e4velee ulkona h\u00e4m\u00e4r\u00e4ll\u00e4. Maassa v\u00e4h\u00e4n lunta.\" src=\"https:\/\/www.europesays.com\/fi\/wp-content\/uploads\/2025\/10\/39-153123468dd0329833b8.jpeg\" loading=\"lazy\" class=\"aw-1l9m598 hKVVvP\"\/><\/p>\n<p>Avaa kuvien katselu<\/p>\n<p>Miehen k\u00e4vely pois tapahtumapaikalta tallentui Kaisaniemen puiston valvontakameraan. Kuva: Poliisi<\/p>\n<p class=\"aw-1gybjub aw-1p7kakr cmIuaG fmSRng yle__article__paragraph\">Vuonna 1990 syntynyt mies on poliisille tuttu, sill\u00e4 h\u00e4n oli jo <a class=\"aw-iao6s4 iHOxEa yle__article__link\" href=\"https:\/\/yle.fi\/a\/74-20135172\" role=\"link\" rel=\"nofollow noopener\" target=\"_blank\">aiemmin syyllistynyt kymmeniin rikoksiin<\/a>, joista osa on motiivittomia pahoinpitelyit\u00e4.<\/p>\n<p class=\"aw-1gybjub aw-1p7kakr cmIuaG fmSRng yle__article__paragraph\">Vaatteita l\u00f6ytyi miehen asunnolta kotietsinn\u00e4ss\u00e4.<\/p>\n<p class=\"aw-1gybjub aw-1p7kakr cmIuaG fmSRng yle__article__paragraph\">\u2013 Mulla oli niin kuuma, niin puin polvihousut p\u00e4\u00e4lle, mies kertoi kevyest\u00e4 vaatetuksesta kuulusteluissa.<\/p>\n<p class=\"aw-1gybjub aw-1p7kakr cmIuaG fmSRng yle__article__paragraph\">Mies kertoi k\u00e4ytt\u00e4neens\u00e4 ennen pahoinpitely\u00e4 MDPV-huumetta \u201dtuhdin annoksen\u201d. Mies sanoi, ett\u00e4 h\u00e4nest\u00e4 tulee t\u00e4ll\u00f6in \u201daika villi\u201d ja h\u00e4nell\u00e4 on kuuma.<\/p>\n<p>Kiuru piti miest\u00e4 uhkaavana<\/p>\n<p class=\"aw-1gybjub aw-1p7kakr cmIuaG fmSRng yle__article__paragraph\">Kiuru kertoi poliisille, ett\u00e4 ei osaa arvioida miehen p\u00e4ihtymyst\u00e4. Miehen uhkaava katse, kehonkeili ja ilme kiinnittiv\u00e4t Kiurun huomion.<\/p>\n<p class=\"aw-1gybjub aw-1p7kakr cmIuaG fmSRng yle__article__paragraph\">\u2013 H\u00e4nen katseestaan tuli sellainen vaikutelma, ett\u00e4 h\u00e4nen tarkoituksenaan oli vahingoittaa minua.<\/p>\n<p class=\"aw-1gybjub aw-1p7kakr cmIuaG fmSRng yle__article__paragraph\">Mies tunnusti poliisille pahoinpitelyn ja kertoi motiivikseen, ett\u00e4 h\u00e4nell\u00e4 \u201dmeni hermot\u201d puhelimessa puhuvaan naiseen.<\/p>\n<p class=\"aw-1gybjub aw-1p7kakr cmIuaG fmSRng yle__article__paragraph\">\u2013 Katsoin, ett\u00e4 t\u00e4m\u00e4 henkil\u00f6 puhuu tietty poliisien kanssa, kun olin t\u00f6rtt\u00f6illyt siin\u00e4. K\u00e4yt\u00f6kseni on saattanut olla huomiota her\u00e4tt\u00e4v\u00e4\u00e4, mies kertoi kuulusteluissa.<\/p>\n<p>Mies puhui \u201dmottasusta\u201d tai huitaisusta<\/p>\n<p class=\"aw-1gybjub aw-1p7kakr cmIuaG fmSRng yle__article__paragraph\">Mies my\u00f6nsi esitutkinnassa ly\u00f6neens\u00e4 Kiurua ja syyllistyneens\u00e4 rikokseen, mutta h\u00e4nen mielest\u00e4\u00e4n ly\u00f6nti oli kevyt.<\/p>\n<p class=\"aw-1gybjub aw-1p7kakr cmIuaG fmSRng yle__article__paragraph\">\u2013 Se oli sellainen mottasu. Sellanen viisvuotiaan ly\u00f6nti ehk\u00e4.<\/p>\n<p class=\"aw-1gybjub aw-1p7kakr cmIuaG fmSRng yle__article__paragraph\">Mies puhui kuulustelussa my\u00f6s huitaisusta.<\/p>\n<p class=\"aw-1gybjub aw-1p7kakr cmIuaG fmSRng yle__article__paragraph\">Kiurun mukaan h\u00e4nt\u00e4 kohti k\u00e4vellyt mies nosti k\u00e4tens\u00e4 rinnalleen ja l\u00f6i nyrkill\u00e4 kasvoihin silmien v\u00e4liin.<\/p>\n<p class=\"aw-1gybjub aw-1p7kakr cmIuaG fmSRng yle__article__paragraph\">Mies ei ollut tunnistanut Kiurua.<\/p>\n<p class=\"aw-1gybjub aw-1p7kakr cmIuaG fmSRng yle__article__paragraph\">\u2013 Olen h\u00e4mill\u00e4ni, ett\u00e4 t\u00e4m\u00e4 henkil\u00f6 oli kansanedustaja. Minulla ei ole mit\u00e4\u00e4n poliittista t\u00e4ss\u00e4.<\/p>\n<p><img decoding=\"async\" alt=\"Ihminen sinisessa takissa ja punaisessa hupparissa k\u00e4velee juna-asemalla portaiden alap\u00e4\u00e4ss\u00e4.\" src=\"https:\/\/www.europesays.com\/fi\/wp-content\/uploads\/2025\/10\/39-153123668dd032a4b0de.jpeg\" loading=\"lazy\" class=\"aw-1l9m598 hKVVvP\"\/><\/p>\n<p>Avaa kuvien katselu<\/p>\n<p>Mies matkusti teon j\u00e4lkeen Helsingin keskustasta Vantaan Hiekkaharjuun, jossa h\u00e4n tallentui juna-aseman valvontakameraan. Kuva: Poliisi<\/p>\n<p class=\"aw-1gybjub aw-1p7kakr cmIuaG fmSRng yle__article__paragraph\"><a class=\"aw-iao6s4 iHOxEa yle__article__link\" href=\"https:\/\/yle.fi\/a\/74-20185497\" role=\"link\" rel=\"nofollow noopener\" target=\"_blank\">Mies tuomittiin<\/a> keskiviikkona Helsingin k\u00e4r\u00e4j\u00e4oikeudessa pahoinpitelyst\u00e4 30 p\u00e4iv\u00e4n ehdottomaan vankeuteen.<\/p>\n<p class=\"aw-1gybjub aw-1p7kakr cmIuaG fmSRng yle__article__paragraph\"><strong class=\"aw-ak79eh KyCXm yle__article__strong\">Mies pyysi k\u00e4r\u00e4j\u00e4oikeudessa asianajajansa v\u00e4lityksell\u00e4 anteeksi Kiurulta.<\/strong><\/p>\n","protected":false},"excerpt":{"rendered":"Ex-ministerin, kansanedustaja Krista Kiurun (sd.) pahoinpitelij\u00e4 tunnistettiin vuodenaikaan n\u00e4hden erikoisen pukeutumisen perusteella. Avaa kuvien katselu Krista Kiurun pahoinpitelij\u00e4&hellip;\n","protected":false},"author":2,"featured_media":50667,"comment_status":"","ping_status":"","sticky":false,"template":"","format":"standard","meta":{"footnotes":""},"categories":[12],"tags":[22,23,2054,26,27,33,31,30,17,5990,71,12569,24,25,28,29,15,2098,18,21,2944,52,1283,581,32,19,20,16,37],"class_list":{"0":"post-50666","1":"post","2":"type-post","3":"status-publish","4":"format-standard","5":"has-post-thumbnail","7":"category-suomi","8":"tag-breaking-news","9":"tag-breakingnews","10":"tag-esitutkinta","11":"tag-featured-news","12":"tag-featurednews","13":"tag-fi","14":"tag-finland","15":"tag-finnish","16":"tag-headlines","17":"tag-helsingin-karajaoikeus","18":"tag-kotimaa","19":"tag-krista-kiuru","20":"tag-latest-news","21":"tag-latestnews","22":"tag-main-news","23":"tag-mainnews","24":"tag-news","25":"tag-oikeudenkaynnit","26":"tag-otsikot","27":"tag-paauutiset","28":"tag-pahoinpitely","29":"tag-poliisi","30":"tag-poliisitutkinta","31":"tag-rikokset","32":"tag-suomi","33":"tag-top-stories","34":"tag-topstories","35":"tag-uutiset","36":"tag-vakivaltarikokset"},"share_on_mastodon":{"url":"","error":""},"_links":{"self":[{"href":"https:\/\/www.europesays.com\/fi\/wp-json\/wp\/v2\/posts\/50666","targetHints":{"allow":["GET"]}}],"collection":[{"href":"https:\/\/www.europesays.com\/fi\/wp-json\/wp\/v2\/posts"}],"about":[{"href":"https:\/\/www.europesays.com\/fi\/wp-json\/wp\/v2\/types\/post"}],"author":[{"embeddable":true,"href":"https:\/\/www.europesays.com\/fi\/wp-json\/wp\/v2\/users\/2"}],"replies":[{"embeddable":true,"href":"https:\/\/www.europesays.com\/fi\/wp-json\/wp\/v2\/comments?post=50666"}],"version-history":[{"count":0,"href":"https:\/\/www.europesays.com\/fi\/wp-json\/wp\/v2\/posts\/50666\/revisions"}],"wp:featuredmedia":[{"embeddable":true,"href":"https:\/\/www.europesays.com\/fi\/wp-json\/wp\/v2\/media\/50667"}],"wp:attachment":[{"href":"https:\/\/www.europesays.com\/fi\/wp-json\/wp\/v2\/media?parent=50666"}],"wp:term":[{"taxonomy":"category","embeddable":true,"href":"https:\/\/www.europesays.com\/fi\/wp-json\/wp\/v2\/categories?post=50666"},{"taxonomy":"post_tag","embeddable":true,"href":"https:\/\/www.europesays.com\/fi\/wp-json\/wp\/v2\/tags?post=50666"}],"curies":[{"name":"wp","href":"https:\/\/api.w.org\/{rel}","templated":true}]}}