{"id":5067,"date":"2025-08-14T02:20:11","date_gmt":"2025-08-14T02:20:11","guid":{"rendered":"https:\/\/www.europesays.com\/fi\/5067\/"},"modified":"2025-08-14T02:20:11","modified_gmt":"2025-08-14T02:20:11","slug":"bbc-nordic-tuo-syksyyn-suosikkisarjojen-uusia-kausia-dokumentteja-ja-draamaa","status":"publish","type":"post","link":"https:\/\/www.europesays.com\/fi\/5067\/","title":{"rendered":"BBC Nordic tuo syksyyn suosikkisarjojen uusia kausia, dokumentteja ja draamaa"},"content":{"rendered":"<p>BBC Nordic aloittaa syksyn monipuolisella ohjelmistolla. 12. syyskuuta palaa The Weakest Link Celebrity Specials. Nelj\u00e4nnell\u00e4 kaudella <strong>Romesh Ranganathan <\/strong>juontaa julkkisten hyv\u00e4ntekev\u00e4isyysvisailua. 15. syyskuuta k\u00e4ynnistyy uutuus Richard Osman\u2019s House of Games Night, ja 18. syyskuuta starttaa yhdeks\u00e4s kausi kilpailuohjelmasta The Great British Sewing Bee, jossa amat\u00f6\u00f6riompelijat ottavat mittaa toisistaan luovissa haasteissa. Sarja tunnetaan Suomessa my\u00f6s nimell\u00e4 Suuri ompelukisa.<\/p>\n<p>Ben Fogle: Return to the Wild k\u00e4ynnistyy 16. syyskuuta. Siin\u00e4 seurataan ihmisi\u00e4, jotka ovat j\u00e4tt\u00e4neet kaupunkiel\u00e4m\u00e4n ja muuttaneet syrj\u00e4isiin kolkkiin. 22. syyskuuta k\u00e4ynnistyy Death in Paradise -sarjan kahdeksas kausi, jossa Karibian auringon alla ratkotaan monimutkaisia murhia.<\/p>\n<p>Lue my\u00f6s: <a href=\"https:\/\/www.episodi.fi\/uutiset\/muistatko-jerseyn-saaren-kapinakeisarin-bergerac-heratetaan-henkiin-myos-yleisradio-osti-oikeudet\/\" title=\"Muistatko Jerseyn saaren kapinakeisarin? Bergerac her\u00e4tet\u00e4\u00e4n henkiin \u2013 My\u00f6s Yleisradio osti oikeudet\" class=\"underline-custom !font-montserrat !font-bold !underline-offset-4 !decoration-4 !decoration-episodi-blue !text-md\" rel=\"nofollow noopener\" target=\"_blank\">Muistatko Jerseyn saaren kapinakeisarin? Bergerac her\u00e4tet\u00e4\u00e4n henkiin \u2013 My\u00f6s Yleisradio osti oikeudet<\/a><\/p>\n<p>BBC Nordic Plussan syyskuun uutuuksiin kuuluvat dokumentit The TikTok Effect ja The Instagram Effect, jotka pureutuvat somealustojen kulissientakaiseen toimintaan.<\/p>\n<p>Lis\u00e4ksi palvelussa on tarjolla uusia EastEnders-jaksoja viikoittain, teknologia-aiheinen Tech Collection sek\u00e4 jatkoa ohjelmille kuten Bake Off: The Professionals ja Scandinavia with Simon Reeve.<\/p>\n<p>Katso alta esimakua ohjelmasta The Great British Sewing Bee. <\/p>\n<p><img loading=\"lazy\" decoding=\"async\" alt=\"YouTube video\" width=\"480\" height=\"360\" data-pin-nopin=\"true\" nopin=\"nopin\" class=\"perfmatters-lazy\" src=\"https:\/\/www.europesays.com\/fi\/wp-content\/uploads\/2025\/08\/1755138011_370_hqdefault.jpg\"\/><\/p>\n<p>Lue my\u00f6s: <a href=\"https:\/\/www.episodi.fi\/uutiskirje\" title=\"Tilaa Episodin uutiskirje ja tied\u00e4t mit\u00e4 katsoa! Nappaa tv-vinkit suoraan s\u00e4hk\u00f6postiin t\u00e4st\u00e4.\" class=\"underline-custom !font-montserrat !font-bold !underline-offset-4 !decoration-4 !decoration-episodi-blue !text-md\" rel=\"nofollow noopener\" target=\"_blank\">Tilaa Episodin uutiskirje ja tied\u00e4t mit\u00e4 katsoa! Nappaa katseluvinkit suoraan s\u00e4hk\u00f6postiin t\u00e4st\u00e4.<\/a><\/p>\n","protected":false},"excerpt":{"rendered":"BBC Nordic aloittaa syksyn monipuolisella ohjelmistolla. 12. syyskuuta palaa The Weakest Link Celebrity Specials. Nelj\u00e4nnell\u00e4 kaudella Romesh Ranganathan&hellip;\n","protected":false},"author":2,"featured_media":5068,"comment_status":"","ping_status":"","sticky":false,"template":"","format":"standard","meta":{"footnotes":""},"categories":[133],"tags":[2326,3087,137,33,31,30,32,206,571,156,109],"class_list":{"0":"post-5067","1":"post","2":"type-post","3":"status-publish","4":"format-standard","5":"has-post-thumbnail","7":"category-televisiot","8":"tag-bbc","9":"tag-bbc-nordic","10":"tag-entertainment","11":"tag-fi","12":"tag-finland","13":"tag-finnish","14":"tag-suomi","15":"tag-televisiot","16":"tag-tv-sarjat","17":"tag-tv","18":"tag-viihde"},"share_on_mastodon":{"url":"","error":""},"_links":{"self":[{"href":"https:\/\/www.europesays.com\/fi\/wp-json\/wp\/v2\/posts\/5067","targetHints":{"allow":["GET"]}}],"collection":[{"href":"https:\/\/www.europesays.com\/fi\/wp-json\/wp\/v2\/posts"}],"about":[{"href":"https:\/\/www.europesays.com\/fi\/wp-json\/wp\/v2\/types\/post"}],"author":[{"embeddable":true,"href":"https:\/\/www.europesays.com\/fi\/wp-json\/wp\/v2\/users\/2"}],"replies":[{"embeddable":true,"href":"https:\/\/www.europesays.com\/fi\/wp-json\/wp\/v2\/comments?post=5067"}],"version-history":[{"count":0,"href":"https:\/\/www.europesays.com\/fi\/wp-json\/wp\/v2\/posts\/5067\/revisions"}],"wp:featuredmedia":[{"embeddable":true,"href":"https:\/\/www.europesays.com\/fi\/wp-json\/wp\/v2\/media\/5068"}],"wp:attachment":[{"href":"https:\/\/www.europesays.com\/fi\/wp-json\/wp\/v2\/media?parent=5067"}],"wp:term":[{"taxonomy":"category","embeddable":true,"href":"https:\/\/www.europesays.com\/fi\/wp-json\/wp\/v2\/categories?post=5067"},{"taxonomy":"post_tag","embeddable":true,"href":"https:\/\/www.europesays.com\/fi\/wp-json\/wp\/v2\/tags?post=5067"}],"curies":[{"name":"wp","href":"https:\/\/api.w.org\/{rel}","templated":true}]}}