{"id":50670,"date":"2025-10-01T16:18:09","date_gmt":"2025-10-01T16:18:09","guid":{"rendered":"https:\/\/www.europesays.com\/fi\/50670\/"},"modified":"2025-10-01T16:18:09","modified_gmt":"2025-10-01T16:18:09","slug":"raportti-samsung-kaynnisti-sittenkin-plussamallin-kehityksen-ensi-vuoden-galaxy-s26-sarjaan-taustalla-galaxy-s25-edgen-heikko-myynti","status":"publish","type":"post","link":"https:\/\/www.europesays.com\/fi\/50670\/","title":{"rendered":"Raportti: Samsung k\u00e4ynnisti sittenkin plussamallin kehityksen ensi vuoden Galaxy S26 -sarjaan \u2013 taustalla Galaxy S25 Edgen heikko myynti"},"content":{"rendered":"<p><a href=\"https:\/\/mobiili.fi\/wp-content\/uploads\/2025\/05\/IMG_20250520_125955_edit_46983088863379-scaled.jpg\" data-lightbox=\"image\" rel=\"nofollow noopener\" target=\"_blank\"><img fetchpriority=\"high\" decoding=\"async\" aria-describedby=\"caption-attachment-259896\" class=\"size-large wp-image-259896\" src=\"data:image\/svg+xml,%3Csvg%20xmlns=\" http:=\"\" alt=\"Ohut Samsung Galaxy S25 Edge ei ole lunastanut odotuksia.\" width=\"1200\" height=\"608\" data-lazy- data-lazy- data-lazy-src=\"https:\/\/www.europesays.com\/fi\/wp-content\/uploads\/2025\/10\/IMG_20250520_125955_edit_46983088863379-1200x608.jpg\"\/><\/a><\/p>\n<p id=\"caption-attachment-259896\" class=\"wp-caption-text\">Ohut Samsung Galaxy S25 Edge ei ole lunastanut odotuksia.<\/p>\n<p>Samsung on raportoidusti p\u00e4\u00e4tynyt yll\u00e4tt\u00e4v\u00e4\u00e4n muutokseen vuoden 2026 huippupuhelintensa osalta.<\/p>\n<p>Aiemmin on raportoitu, ett\u00e4 Samsung valmistelisi vuodelle 2026 kolmea Galaxy S26 -sarjan huippupuhelinta, jotka olisivat Galaxy S26 Pro, Galaxy S26 Edge sek\u00e4 Galaxy S26 Ultra.<\/p>\n<p>Mallistoon odotettiin n\u00e4in ollen muutoksia, kun perusmalli saisi Pro-lis\u00e4nimen ja ohut Galaxy S26 Edge olisi ottanut plussamallin paikan mallistossa. Vuoden 2025 Galaxy S -sarjassa <a href=\"https:\/\/mobiili.fi\/2025\/05\/30\/ohut-samsung-galaxy-s25-edge-huippupuhelin-tuli-saataville-suomessa\/\" rel=\"nofollow noopener\" target=\"_blank\">ohut Galaxy S25 Edge oli viel\u00e4 muita my\u00f6hemmin toukokuussa esitelty lis\u00e4malli<\/a> tammikuussa julkaistujen Galaxy S25:n, S25+:n ja S25 Ultran jatkoksi.<\/p>\n<p style=\"width: 98%; text-align: center; font-size:13px; border-bottom: 1px solid #C8C8C8; line-height: 0.1em; margin: 8px 1% 16px 1%;\">MAINOS (ARTIKKELI JATKUU ALLA)<\/p>\n<p>Nyt Samsung on kuitenkin korealaisen <a href=\"https:\/\/www.thelec.kr\/news\/articleView.html?idxno=41727\" rel=\"nofollow noopener\" target=\"_blank\">TheElec-julkaisun mukaan<\/a> p\u00e4\u00e4tt\u00e4nyt aloittaa nelj\u00e4nnen Galaxy S26 -sarjan puhelimen kehitt\u00e4misem M Plus -projektinimell\u00e4. Aiemmin odotettujen Galaxy S26 -sarjalaisten koodinimet ovat M1, M2 ja M3.<\/p>\n<p>M Plus on lis\u00e4tty kehitykseen aiemman kolmen mallin rinnalle, mik\u00e4 antaa syyt\u00e4 olettaa Galaxy S26 -sarjassakin n\u00e4ht\u00e4v\u00e4n nelj\u00e4 mallia vuonna 2026 samalla tavoin kuin Galaxy S25 -sarjassa.<\/p>\n<p>Perinteisesti plussamalli on vastannut perusmallia, mutta suurikokoisempana versiona.<\/p>\n<p style=\"width: 98%; text-align: center; font-size:13px; border-bottom: 1px solid #C8C8C8; line-height: 0.1em; margin: 8px 1% 16px 1%;\">MAINOS (ARTIKKELI JATKUU ALLA)<\/p>\n<p>Raportoituna syyn\u00e4 plussamallin paluuseen on ohuen Galaxy S25 Edgen odotettua heikommaksi j\u00e4\u00e4nyt myynti. <a href=\"https:\/\/mobiili.fi\/2025\/06\/05\/onko-samsungin-ohut-huippupuhelin-floppi-raportti-galaxy-s25-edgen-myynti-ei-veda-odotetusti\/\" rel=\"nofollow noopener\" target=\"_blank\">Galaxy S25 Edgen heikosta menekist\u00e4 raportoitiin jo pian sen myyntiintulon j\u00e4lkeen kes\u00e4kuussa<\/a>.<\/p>\n<p>Samsungilla oli suuremmat odotukset Galaxy S25 Edge -huippupuhelimelleen, mutta asiakkaita ohut uutuus ei ole kiinnostanut odotetuissa m\u00e4\u00e4rin.<\/p>\n<p>TheElecin mukaan Galaxy S25 Edgen suunniteltu tuotantom\u00e4\u00e4r\u00e4 syys-joulukuulle olsi l\u00e4hell\u00e4 300 000 puhelinta verrattuna vastaavasti 500 000 puhelimeen Galaxy S25+:n osalta.<\/p>\n<p>Plussamallin odottamaton lis\u00e4ys mallistoon voi vaikuttaa my\u00f6s nime\u00e4miseen. N\u00e4ht\u00e4v\u00e4ksi j\u00e4\u00e4, muuttuuko perusmalli sittenk\u00e4\u00e4n viel\u00e4 nyt odotetulla tavalla Galaxy S26 Proksi vai saako plussamalli my\u00f6s uudenlaisen nimen \u2013 kenties Galaxy S26 Pro+?<\/p>\n<p>Mainos: <a href=\"https:\/\/hinta.fi\/?src=gPp6fX03\" target=\"_blank\" rel=\"nofollow noopener\">Noin 1 600 000 tuotteen hintavertailu ja hintaseuranta &#8211; katso Hinta.fist\u00e4 mist\u00e4 saat halvimmalla<\/a><\/p>\n","protected":false},"excerpt":{"rendered":"Ohut Samsung Galaxy S25 Edge ei ole lunastanut odotuksia. Samsung on raportoidusti p\u00e4\u00e4tynyt yll\u00e4tt\u00e4v\u00e4\u00e4n muutokseen vuoden 2026 huippupuhelintensa&hellip;\n","protected":false},"author":2,"featured_media":50671,"comment_status":"","ping_status":"","sticky":false,"template":"","format":"standard","meta":{"footnotes":""},"categories":[85],"tags":[33,31,30,419,418,32,91,92],"class_list":{"0":"post-50670","1":"post","2":"type-post","3":"status-publish","4":"format-standard","5":"has-post-thumbnail","7":"category-mobiili","8":"tag-fi","9":"tag-finland","10":"tag-finnish","11":"tag-mobiili","12":"tag-mobile","13":"tag-suomi","14":"tag-technology","15":"tag-teknologia"},"share_on_mastodon":{"url":"","error":""},"_links":{"self":[{"href":"https:\/\/www.europesays.com\/fi\/wp-json\/wp\/v2\/posts\/50670","targetHints":{"allow":["GET"]}}],"collection":[{"href":"https:\/\/www.europesays.com\/fi\/wp-json\/wp\/v2\/posts"}],"about":[{"href":"https:\/\/www.europesays.com\/fi\/wp-json\/wp\/v2\/types\/post"}],"author":[{"embeddable":true,"href":"https:\/\/www.europesays.com\/fi\/wp-json\/wp\/v2\/users\/2"}],"replies":[{"embeddable":true,"href":"https:\/\/www.europesays.com\/fi\/wp-json\/wp\/v2\/comments?post=50670"}],"version-history":[{"count":0,"href":"https:\/\/www.europesays.com\/fi\/wp-json\/wp\/v2\/posts\/50670\/revisions"}],"wp:featuredmedia":[{"embeddable":true,"href":"https:\/\/www.europesays.com\/fi\/wp-json\/wp\/v2\/media\/50671"}],"wp:attachment":[{"href":"https:\/\/www.europesays.com\/fi\/wp-json\/wp\/v2\/media?parent=50670"}],"wp:term":[{"taxonomy":"category","embeddable":true,"href":"https:\/\/www.europesays.com\/fi\/wp-json\/wp\/v2\/categories?post=50670"},{"taxonomy":"post_tag","embeddable":true,"href":"https:\/\/www.europesays.com\/fi\/wp-json\/wp\/v2\/tags?post=50670"}],"curies":[{"name":"wp","href":"https:\/\/api.w.org\/{rel}","templated":true}]}}