{"id":50676,"date":"2025-10-01T16:27:08","date_gmt":"2025-10-01T16:27:08","guid":{"rendered":"https:\/\/www.europesays.com\/fi\/50676\/"},"modified":"2025-10-01T16:27:08","modified_gmt":"2025-10-01T16:27:08","slug":"beata-ja-mikko-leppilampi-muutos-perheessa","status":"publish","type":"post","link":"https:\/\/www.europesays.com\/fi\/50676\/","title":{"rendered":"Beata ja Mikko Leppilampi: Muutos perheess\u00e4!"},"content":{"rendered":"<p>            TIMO KORHONEN\n        <\/p>\n<p class=\"subtitle \">Beata iloitsee, ett\u00e4 kaikki on sujunut hienosti muuttuneesta tilanteesta huolimatta.<\/p>\n<p class=\"article-content article-content-width !bg-background\">, 30, on n\u00e4yttelij\u00e4miehens\u00e4 , 47, kanssa kaksi lasta. Esikoispoika syntyi syksyll\u00e4 2021 ja kuopus kaksi vuotta my\u00f6hemmin.\u00a0<\/p>\n<p class=\"article-content article-content-width !bg-background\">Beata on jakanut lapsiperheen arkea iloine ja suruineen varsin avoimesti sosiaalisessa mediassa. Pariskunnan esikoisen ollessa 1,5 vuotias t\u00e4m\u00e4 aloitti monien muiden lasten tapaan p\u00e4iv\u00e4kodin. Kaikki ei tuolloin kuitenkaan sujunut suunnitellusti.\u00a0<\/p>\n<p>        <a itemprop=\"url\" href=\"https:\/\/www.seiska.fi\/kotimaa\/beata-leppilammelta-avoin-tilitys-olemme-pyytaneet-apua\/1943007\" rel=\"nofollow noopener\" target=\"_blank\"><\/p>\n<p>\nAvoin tilitys\n<\/p>\n<p class=\"section-date\">\n        <strong class=\"article-section\" data-section=\"kotimaa\"><br \/>\n            kotimaa<br \/>\n        <\/strong><br \/>\n        26.9. 14:26\n    <\/p>\n<p>Beata Leppilammelta avoin tilitys: &#8221;Olemme pyyt\u00e4neet apua&#8221;\n    <\/p>\n<p itemprop=\"description\" class=\"subtitle \">\n    Beatan ja Mikon pikkulapsiarki ei aina suju mutkatta.\n<\/p>\n<p>        <\/a><\/p>\n<p>Muuttivat mielens\u00e4<\/p>\n<p class=\"article-content article-content-width !bg-background\">Lapsi ei viihtynyt hoidossa lainkaan. Beata on kertonut poikansa esimerkiksi itkeneen ja kiukutelleen p\u00e4iv\u00e4kodissa aloitettuaan huomattavasti aiempaa enemm\u00e4n. Vanhemmat p\u00e4\u00e4tteliv\u00e4t, ettei aika ollut viel\u00e4 kyps\u00e4 p\u00e4iv\u00e4hoidolle, ja kuopuksen synnytty\u00e4 my\u00f6s esikoinen sai j\u00e4\u00e4d\u00e4 j\u00e4lleen kotihoitoon.\u00a0<\/p>\n<p>                <img decoding=\"async\" src=\"https:\/\/www.europesays.com\/fi\/wp-content\/uploads\/2025\/10\/1948588.webp\" width=\"576\" height=\"720\" alt=\"Mikko ja Beata avioituiavt vuonna 2021. H\u00e4it\u00e4 juhlittiin seuraavan vuoden syksyn\u00e4.\" loading=\"lazy\" \/>            <\/p>\n<p>\n            Mikko ja Beata avioituiavt vuonna 2021. H\u00e4it\u00e4 juhlittiin seuraavan vuoden syksyn\u00e4.<br \/>\n            TIMO KORHONEN\n        <\/p>\n<p class=\"article-content article-content-width !bg-background\">Nyt Leppilampien perheess\u00e4 elet\u00e4\u00e4n kuitenkin taas j\u00e4nnitt\u00e4v\u00e4\u00e4 aikaa. <a href=\"https:\/\/www.instagram.com\/p\/DPRIXBijHfE\/\" target=\"_blank\" rel=\"nofollow noopener\">Beata kertoi keskiviikkona<\/a> (1.10.) , ett\u00e4 nykyisin 4-vuotias esikoinen on aloittanut p\u00e4iv\u00e4kodin. Ex-luistelija poseeraa julkaisunsa yhteydess\u00e4 olevassa kuvassa sarjakuva-aiheista reppua pidellen.<\/p>\n<p>        <a itemprop=\"url\" href=\"https:\/\/www.seiska.fi\/kotimaa\/beata-leppilammelta-siirappiset-onnittelut-mikolle\/1938861\" rel=\"nofollow noopener\" target=\"_blank\"><\/p>\n<p>\nBeata Leppilampi\n<\/p>\n<p class=\"section-date\">\n        <strong class=\"article-section\" data-section=\"kotimaa\"><br \/>\n            kotimaa<br \/>\n        <\/strong><br \/>\n        22.9. 18:30\n    <\/p>\n<p>Beata Leppilammelta siirappiset onnittelut Mikolle!\n    <\/p>\n<p itemprop=\"description\" class=\"subtitle \">\n    Syyskuu on Leppilampien perheess\u00e4 suurta juhlaa.\n<\/p>\n<p>        <\/a><\/p>\n<p>Onnistuneet viikot<\/p>\n<p class=\"article-content article-content-width !bg-background\">Beata kertoo julkaisussa olleensa lasten kanssa kotona kaksi vuotta. H\u00e4n korostaa p\u00e4\u00e4t\u00f6ksen olleen perheelleen paras mahdollinen. Tiiviin yhteiselon ansiosta veljeksist\u00e4 on tullut toistensa parhaat yst\u00e4v\u00e4t. Jokunen kuukausi sitten esikoinen kuitenkin alkoi ihmetell\u00e4, miss\u00e4 kaikki muut lapset ovat p\u00e4ivisin.\u00a0<\/p>\n<p class=\"article-content article-content-width !bg-background\">\u2013\u00a0Leikkitreffien p\u00e4\u00e4tteeksi h\u00e4nt\u00e4 aina harmitti ja h\u00e4n olisi toivonut niiden jatkuvan pidemp\u00e4\u00e4n. Huomasin selv\u00e4sti, ett\u00e4 h\u00e4n kaipasi nyt ensimm\u00e4ist\u00e4 kertaa muiden lasten seuraa enemm\u00e4n, Beata kirjoittaa.<\/p>\n<p>        <a itemprop=\"url\" href=\"https:\/\/www.seiska.fi\/kotimaa\/oho-beata-ja-mikko-leppilampi-jarjestivat-4-vuotiaalle-lapselleen-okysynttarit\/1924818\" rel=\"nofollow noopener\" target=\"_blank\"><\/p>\n<p>\nOho!\n<\/p>\n<p class=\"section-date\">\n        <strong class=\"article-section\" data-section=\"kotimaa\"><br \/>\n            kotimaa<br \/>\n        <\/strong><br \/>\n        9.9. 12:52\n    <\/p>\n<p>Oho! Beata ja Mikko Leppilampi j\u00e4rjestiv\u00e4t 4-vuotiaalle lapselleen \u00f6kysyntt\u00e4rit\n    <\/p>\n<p itemprop=\"description\" class=\"subtitle \">\n    Pariskunnan esikoisen syntym\u00e4p\u00e4iv\u00e4\u00e4 vietettiin tavanomaisia lastenjuhlia hulppeammin.\n<\/p>\n<p>        <\/a><\/p>\n<p class=\"article-content article-content-width !bg-background\">\u2013\u00a0Aloitimme keskustelun p\u00e4iv\u00e4kodista ja h\u00e4n kertoi haluavansa palata sinne. Teimme hakemuksen ja nyt h\u00e4nell\u00e4 on takana kaksi onnistunutta viikkoa osa-aikaisena p\u00e4iv\u00e4kodissa, h\u00e4n iloitsee.<\/p>\n<p>Koko perhe tyytyv\u00e4isen\u00e4<\/p>\n<p class=\"article-content article-content-width !bg-background\">Beata toteaa, ett\u00e4 t\u00e4ll\u00e4 kertaa lasta ei ole kiukuttanut tai itkett\u00e4nyt. H\u00e4n kokee poikansa olevan nyt huomattavasti valmiimpi p\u00e4iv\u00e4kotimaailmaan. Pikkuveli sen sijaan saa viel\u00e4 jatkaa kotihoidossa.\u00a0<\/p>\n<p class=\"article-content article-content-width !bg-background\">\u2013\u00a0Lapset ovat niin erilaisia, ja olen ylpe\u00e4 siit\u00e4, ett\u00e4 kuuntelimme omaa vaistoamme ja annoimme h\u00e4nen kasvaa rauhassa kotona pikkuveljen kanssa, Beata toteaa julkaisussaan.<\/p>\n<p class=\"italic m-italic article-content article-content-width !bg-background\">Jos upotus ei n\u00e4y, <a href=\"https:\/\/www.instagram.com\/p\/DPRIXBijHfE\/\" target=\"_blank\" rel=\"nofollow noopener\">n\u00e4et julkaisun t\u00e4\u00e4lt\u00e4.<\/a><\/p>\n<p><script async src=\"\/\/www.instagram.com\/embed.js\"><\/script><\/p>\n","protected":false},"excerpt":{"rendered":"TIMO KORHONEN Beata iloitsee, ett\u00e4 kaikki on sujunut hienosti muuttuneesta tilanteesta huolimatta. , 30, on n\u00e4yttelij\u00e4miehens\u00e4 , 47,&hellip;\n","protected":false},"author":2,"featured_media":50677,"comment_status":"","ping_status":"","sticky":false,"template":"","format":"standard","meta":{"footnotes":""},"categories":[130],"tags":[1075,3369,137,33,31,30,1208,99,4424,12570,98,1128,32,109],"class_list":{"0":"post-50676","1":"post","2":"type-post","3":"status-publish","4":"format-standard","5":"has-post-thumbnail","7":"category-viihde","8":"tag-avioliitto","9":"tag-beata-leppilampi","10":"tag-entertainment","11":"tag-fi","12":"tag-finland","13":"tag-finnish","14":"tag-haat","15":"tag-lapset","16":"tag-mikko-leppilampi","17":"tag-paivakoti","18":"tag-perhe","19":"tag-poika","20":"tag-suomi","21":"tag-viihde"},"share_on_mastodon":{"url":"","error":""},"_links":{"self":[{"href":"https:\/\/www.europesays.com\/fi\/wp-json\/wp\/v2\/posts\/50676","targetHints":{"allow":["GET"]}}],"collection":[{"href":"https:\/\/www.europesays.com\/fi\/wp-json\/wp\/v2\/posts"}],"about":[{"href":"https:\/\/www.europesays.com\/fi\/wp-json\/wp\/v2\/types\/post"}],"author":[{"embeddable":true,"href":"https:\/\/www.europesays.com\/fi\/wp-json\/wp\/v2\/users\/2"}],"replies":[{"embeddable":true,"href":"https:\/\/www.europesays.com\/fi\/wp-json\/wp\/v2\/comments?post=50676"}],"version-history":[{"count":0,"href":"https:\/\/www.europesays.com\/fi\/wp-json\/wp\/v2\/posts\/50676\/revisions"}],"wp:featuredmedia":[{"embeddable":true,"href":"https:\/\/www.europesays.com\/fi\/wp-json\/wp\/v2\/media\/50677"}],"wp:attachment":[{"href":"https:\/\/www.europesays.com\/fi\/wp-json\/wp\/v2\/media?parent=50676"}],"wp:term":[{"taxonomy":"category","embeddable":true,"href":"https:\/\/www.europesays.com\/fi\/wp-json\/wp\/v2\/categories?post=50676"},{"taxonomy":"post_tag","embeddable":true,"href":"https:\/\/www.europesays.com\/fi\/wp-json\/wp\/v2\/tags?post=50676"}],"curies":[{"name":"wp","href":"https:\/\/api.w.org\/{rel}","templated":true}]}}