{"id":50678,"date":"2025-10-01T16:28:07","date_gmt":"2025-10-01T16:28:07","guid":{"rendered":"https:\/\/www.europesays.com\/fi\/50678\/"},"modified":"2025-10-01T16:28:07","modified_gmt":"2025-10-01T16:28:07","slug":"kauhava-kartoittaa-uusiutuvan-energian-mahdollisuuksia-suunnitteilla-kaksi-tuulivoimalaa-viisi-aurinkovoimalaa-kuusi-energiavarastoa-ja-biokaasulaitos","status":"publish","type":"post","link":"https:\/\/www.europesays.com\/fi\/50678\/","title":{"rendered":"Kauhava kartoittaa uusiutuvan energian mahdollisuuksia: Suunnitteilla kaksi tuulivoimalaa, viisi aurinkovoimalaa, kuusi energiavarastoa ja biokaasulaitos"},"content":{"rendered":"<p>Kauhavan kaupunki k\u00e4ynnisti viime syksyn\u00e4 laajan selvityshankeen, jonka tavoitteena on edist\u00e4\u00e4 uusiutuvan energian k\u00e4ytt\u00f6\u00e4 ja tuotantoa alueella.<\/p>\n<p>Kauhava Clean Energy \u2013 Kest\u00e4v\u00e4 tulevaisuus -hanke pyrkii tunnistamaan mahdollisuuksia tuuli- ja aurinkoenergian sek\u00e4 biomassojen hy\u00f6dynt\u00e4miseen.<\/p>\n<p>Hankkeessa kaupunki selvitt\u00e4\u00e4, miten uusiutuvaa energiaa voitaisiin tuottaa paikallisesti ja millaisia hy\u00f6tyj\u00e4 se toisi alueen yrityksille, maatiloille ja koko elinkeinoel\u00e4m\u00e4lle.<\/p>\n<p>\u2013 Tavoitteemme on vahvistaa Kauhavan elinvoimaa ja luoda paikallisille toimijoille uusia mahdollisuuksia menesty\u00e4. Samalla haluamme rakentaa kest\u00e4v\u00e4\u00e4 kasvua pitk\u00e4ll\u00e4 t\u00e4ht\u00e4imell\u00e4, sanoo kaupungin kehitysjohtaja <strong>Juha-Martti Kuoppala<\/strong>.<\/p>\n<p>Tavoitteena nelj\u00e4 tuotantoaluetta<\/p>\n<p>Hankkeen aikana tutkitaan uusiutuvien energial\u00e4hteiden teknisi\u00e4, taloudellisia ja ymp\u00e4rist\u00f6llisi\u00e4 n\u00e4k\u00f6kulmia. Tavoitteena on tunnistaa potentiaalisia tuotantoalueita, joilla energiantuotanto voisi tulevaisuudessa alkaa.<\/p>\n<p>Hankkeen projektip\u00e4\u00e4llikk\u00f6n\u00e4 toimivan <strong>Matti V\u00e4h\u00e4passin<\/strong> mukaan esimerkiksi aurinkoenergian ja biokaasun tuotanto sopii hyvin alueen maatiloille ja teollisuudelle.<\/p>\n<p>Vihre\u00e4 siirtym\u00e4 n\u00e4kyy jo Kauhavalla. Alueella on vireill\u00e4 useita hankkeita.<\/p>\n<p>\u2013 Kaupungin alueelle on suunnitteilla kaksi tuulivoimalaa, viisi aurinkovoimalaa, kuusi energiavarastoa ja yksi biokaasulaitos. Selvityshanke t\u00e4ydent\u00e4\u00e4 t\u00e4t\u00e4 kehityst\u00e4 ja auttaa varmistamaan paikalliset toimijat hy\u00f6tyv\u00e4t niist\u00e4 mahdollisimman paljon, V\u00e4h\u00e4passi kertoo.<\/p>\n","protected":false},"excerpt":{"rendered":"Kauhavan kaupunki k\u00e4ynnisti viime syksyn\u00e4 laajan selvityshankeen, jonka tavoitteena on edist\u00e4\u00e4 uusiutuvan energian k\u00e4ytt\u00f6\u00e4 ja tuotantoa alueella. Kauhava&hellip;\n","protected":false},"author":2,"featured_media":50679,"comment_status":"","ping_status":"","sticky":false,"template":"","format":"standard","meta":{"footnotes":""},"categories":[112],"tags":[2038,33,31,30,1672,118,32,119],"class_list":{"0":"post-50678","1":"post","2":"type-post","3":"status-publish","4":"format-standard","5":"has-post-thumbnail","7":"category-tiede","8":"tag-energia","9":"tag-fi","10":"tag-finland","11":"tag-finnish","12":"tag-kauhava","13":"tag-science","14":"tag-suomi","15":"tag-tiede"},"share_on_mastodon":{"url":"","error":""},"_links":{"self":[{"href":"https:\/\/www.europesays.com\/fi\/wp-json\/wp\/v2\/posts\/50678","targetHints":{"allow":["GET"]}}],"collection":[{"href":"https:\/\/www.europesays.com\/fi\/wp-json\/wp\/v2\/posts"}],"about":[{"href":"https:\/\/www.europesays.com\/fi\/wp-json\/wp\/v2\/types\/post"}],"author":[{"embeddable":true,"href":"https:\/\/www.europesays.com\/fi\/wp-json\/wp\/v2\/users\/2"}],"replies":[{"embeddable":true,"href":"https:\/\/www.europesays.com\/fi\/wp-json\/wp\/v2\/comments?post=50678"}],"version-history":[{"count":0,"href":"https:\/\/www.europesays.com\/fi\/wp-json\/wp\/v2\/posts\/50678\/revisions"}],"wp:featuredmedia":[{"embeddable":true,"href":"https:\/\/www.europesays.com\/fi\/wp-json\/wp\/v2\/media\/50679"}],"wp:attachment":[{"href":"https:\/\/www.europesays.com\/fi\/wp-json\/wp\/v2\/media?parent=50678"}],"wp:term":[{"taxonomy":"category","embeddable":true,"href":"https:\/\/www.europesays.com\/fi\/wp-json\/wp\/v2\/categories?post=50678"},{"taxonomy":"post_tag","embeddable":true,"href":"https:\/\/www.europesays.com\/fi\/wp-json\/wp\/v2\/tags?post=50678"}],"curies":[{"name":"wp","href":"https:\/\/api.w.org\/{rel}","templated":true}]}}