{"id":50684,"date":"2025-10-01T16:32:10","date_gmt":"2025-10-01T16:32:10","guid":{"rendered":"https:\/\/www.europesays.com\/fi\/50684\/"},"modified":"2025-10-01T16:32:10","modified_gmt":"2025-10-01T16:32:10","slug":"merivoimien-monitoimikorvetit-ovat-yhteistyohanke-alustavia-keskusteluita-kaupoista-ruotsiin-on-kayty-satakunta","status":"publish","type":"post","link":"https:\/\/www.europesays.com\/fi\/50684\/","title":{"rendered":"Merivoimien monitoimi\u00adkorvetit ovat yhteisty\u00f6hanke \u2013 alustavia keskusteluita kaupoista Ruotsiin on k\u00e4yty | Satakunta"},"content":{"rendered":"<p class=\"aw-1gybjub aw-5vja16 cmIuaG zKETg yle__article__paragraph\">Rauman telakalla vierailleet Suomen ja Ruotsin puolustus\u00administerit kehuivat suomalaista osaamista ja tehokkuutta. Yhteisty\u00f6n tiivist\u00e4minen on mahdollista.<\/p>\n<p><img decoding=\"async\" alt=\"Turvalvarusteisiin pukeutuneita miehi\u00e4  harmaan aluksen edess\u00e4.\" src=\"https:\/\/www.europesays.com\/fi\/wp-content\/uploads\/2025\/10\/39-153079668dbdbb90ba57.jpeg\" class=\"aw-1l9m598 hKVVvP\"\/><\/p>\n<p>Avaa kuvien katselu<\/p>\n<p>Ensimm\u00e4inen monitoimikorvetti on vesill\u00e4 Rauman telakalla. Kuva: Kalle M\u00e4kel\u00e4 \/ Yle<\/p>\n<p class=\"aw-1gybjub aw-1p7kakr cmIuaG fmSRng yle__article__paragraph\">Suomi on k\u00e4ynyt alustavia tunnusteluja Ruotsin kanssa mahdollisista sota-aluskaupoista.<\/p>\n<p class=\"aw-1gybjub aw-1p7kakr cmIuaG fmSRng yle__article__paragraph\">Rauman telakalla valmistetaan nelj\u00e4 monitoimikorvettia Suomen merivoimille. Niist\u00e4 ensimm\u00e4isen vesillelaskua juhlittiin toukokuussa ja kaksi seuraavaakin on jo ty\u00f6n alla.<\/p>\n<p class=\"aw-1gybjub aw-1p7kakr cmIuaG fmSRng yle__article__paragraph\">Jo kev\u00e4\u00e4ll\u00e4 puolustusministeri <strong class=\"aw-ak79eh KyCXm yle__article__strong\">Antti H\u00e4kk\u00e4nen<\/strong> totesi, ett\u00e4 <a class=\"aw-iao6s4 iHOxEa yle__article__link\" href=\"https:\/\/yle.fi\/a\/74-20162947\" role=\"link\" rel=\"nofollow noopener\" target=\"_blank\">korvetit voisivat olla vientituote<\/a> Suomen puolustusteollisuudelle.<\/p>\n<p class=\"aw-1gybjub aw-1p7kakr cmIuaG fmSRng yle__article__paragraph\">H\u00e4kk\u00e4nen vieraili tiistaina Rauman telakalla ruotsalaisen kollegansa <strong class=\"aw-ak79eh KyCXm yle__article__strong\">P\u00e5l Jonsonin<\/strong> kanssa. Telakan toiminta teki vaikutuksen Jonsoniin.<\/p>\n<p class=\"aw-1gybjub aw-1p7kakr cmIuaG fmSRng yle__article__paragraph\">\u2013 Laivanrakennusprosessin tehokkuus t\u00e4\u00e4ll\u00e4 on vaikuttavaa. Niin ovat my\u00f6s valmistuvat alukset. On hyvin mielenkiintoista n\u00e4hd\u00e4 t\u00e4m\u00e4 kokonaisuus.<\/p>\n<p><img decoding=\"async\" alt=\"Kyp\u00e4r\u00e4p\u00e4inen mies keskustelee turvaliiveihin pukeutuneen henkil\u00f6n kanssa, taustalla telakkamaisemaa.\" src=\"https:\/\/www.europesays.com\/fi\/wp-content\/uploads\/2025\/10\/39-153079968dbdbba8c3ec.jpeg\" loading=\"lazy\" class=\"aw-1l9m598 hKVVvP\"\/><\/p>\n<p>Avaa kuvien katselu<\/p>\n<p>Ruotsin puolustusministeri P\u00e5l Jonson piti Raumalla n\u00e4kem\u00e4st\u00e4\u00e4n. Kuva: Kalle M\u00e4kel\u00e4 \/ Yle<\/p>\n<p class=\"aw-1gybjub aw-1p7kakr cmIuaG fmSRng yle__article__paragraph\">Jonson n\u00e4ki Rauma Marine Constuctionsin (RMC) toimitusjohtaja <strong class=\"aw-ak79eh KyCXm yle__article__strong\">Mika Niemisen<\/strong> johdattamana koko monitoimikorvetin rakennusprosessin hallista toiseen ja lopulta satama-altaassa olevaan ensimm\u00e4isen\u00e4 valmistuvaan alukseen.<\/p>\n<p class=\"aw-1gybjub aw-1p7kakr cmIuaG fmSRng yle__article__paragraph\">Jonsonin mukaan Saabin mukanaolo korvettihankkeessa tiivist\u00e4\u00e4 Suomen ja Ruotsin yhteisty\u00f6t\u00e4 puolustusteollisuudessa. Tiivist\u00e4 yhteisty\u00f6t\u00e4 katsotaan Ruotsissa hyv\u00e4ll\u00e4, mutta muutoin mahdollisista uusista sopimuksista ei kuultu uutisia.<\/p>\n<p class=\"aw-1gybjub aw-1p7kakr cmIuaG fmSRng yle__article__paragraph\">\u2013 Nyt ei ole muuta kerrottavaa. Hienoa, ett\u00e4 Saab on t\u00e4ss\u00e4 mukana ja ett\u00e4 Suomi panostaa merivoimiinsa. Puolustus\u00adteolli\u00adsuudes\u00adsakin toivomme jatkossa tiivist\u00e4 yhteisty\u00f6t\u00e4, kuten jo teemme.<\/p>\n<p class=\"aw-1gybjub aw-1p7kakr cmIuaG fmSRng yle__article__paragraph\">H\u00e4kk\u00e4nen toisti vierailun aikana ajatuksensa puolustusteollisuuden vientituotteesta.<\/p>\n<p class=\"aw-1gybjub aw-1p7kakr cmIuaG fmSRng yle__article__paragraph\">\u2013 Sen takia t\u00e4\u00e4ll\u00e4 ollaan. Korvettihanke on oikeastaan Suomi\u2013Ruotsi-yhteisty\u00f6hanke, koska Saab on asej\u00e4rjestelm\u00e4n toimittaja. Yleisesti keskusteluja k\u00e4yd\u00e4\u00e4n Ruotsinkin kanssa mahdollisista kaupoista.<\/p>\n<p><img decoding=\"async\" alt=\"Kyp\u00e4r\u00e4p\u00e4inen mies turvalaseissa katsoo sivulle, my\u00f6s muita turvavarusteisiin pukeutuneita henkil\u00f6it\u00e4.\" src=\"https:\/\/www.europesays.com\/fi\/wp-content\/uploads\/2025\/10\/39-153075668dbd59ad1da5.jpeg\" loading=\"lazy\" class=\"aw-1l9m598 hKVVvP\"\/><\/p>\n<p>Avaa kuvien katselu<\/p>\n<p>Puolustusministeri Antti H\u00e4kk\u00e4nen seurasi korvettien rakentamista Raumalla tiistaina. Kuva: Kalle M\u00e4kel\u00e4 \/ YleYhdysvaltain j\u00e4\u00e4nmurtajap\u00e4\u00e4t\u00f6st\u00e4 odotetaan<\/p>\n<p class=\"aw-1gybjub aw-1p7kakr cmIuaG fmSRng yle__article__paragraph\">Suomi toivoo muiden Pohjoismaiden kiinnostuksen korvetteihin her\u00e4\u00e4v\u00e4n nykyist\u00e4 enemm\u00e4n. Puolustusministeri H\u00e4kk\u00e4nen toteaa, ett\u00e4 kaikki Nato-maat vahvistavat merellist\u00e4 suorituskyky\u00e4\u00e4n ja hankkivat aluksia.<\/p>\n<p class=\"aw-1gybjub aw-1p7kakr cmIuaG fmSRng yle__article__paragraph\">\u2013 Se, joka pystyy tuottamaan laadukkaita, kustannustehokkaita laivoja aikataulussa, on kova tekij\u00e4 markkinoilla.<\/p>\n<p class=\"aw-1gybjub aw-1p7kakr cmIuaG fmSRng yle__article__paragraph\">Samaa sanoo RMC:n toimitusjohtaja Mika Nieminen. Nieminen ei mahdollisia neuvotteluita kommentoi tarkemmin, mutta toistaa valtiollisen toiveen korveteista vientituotteena.<\/p>\n<p class=\"aw-1gybjub aw-1p7kakr cmIuaG fmSRng yle__article__paragraph\">\u2013 Siihen pyrit\u00e4\u00e4n. Varmasti joitain l\u00e4hestymisi\u00e4 on jo ollut, mutta t\u00e4llainen vierailu ja koko prosessin n\u00e4ytt\u00e4minen valtiollisella tasolla on erinomainen mahdollisuus.<\/p>\n<p><img decoding=\"async\" alt=\"Siniseen pukuun pukeutunut  mies katsoo sivulle, taustalla sinisein\u00e4nen rakennus ja ovi.\" src=\"https:\/\/www.europesays.com\/fi\/wp-content\/uploads\/2025\/10\/39-153077668dbd886b3126.jpeg\" loading=\"lazy\" class=\"aw-1l9m598 hKVVvP\"\/><\/p>\n<p>Avaa kuvien katselu<\/p>\n<p>RMC:n toimitusjohtaja Mika Nieminen toivoo pikaisia uutisia Yhdysvaltain j\u00e4\u00e4nmurtajakaupoista. Kuva: Kalle M\u00e4kel\u00e4 \/ Yle<\/p>\n<p class=\"aw-1gybjub aw-1p7kakr cmIuaG fmSRng yle__article__paragraph\">Ruotsalaisen Saabin ja monen muun toimijan mukanaolo hankkeessa on Niemisen mukana keskeist\u00e4 n\u00e4ytt\u00e4\u00e4.<\/p>\n<p class=\"aw-1gybjub aw-1p7kakr cmIuaG fmSRng yle__article__paragraph\">H\u00e4kk\u00e4nen sanoo, ett\u00e4 Suomessa pystyt\u00e4\u00e4n tuottamaan kohtuullisen edullisella hinnalla laatua.<\/p>\n<p class=\"aw-1gybjub aw-1p7kakr cmIuaG fmSRng yle__article__paragraph\">\u2013 N\u00e4in on sek\u00e4 j\u00e4\u00e4nmurtajissa ett\u00e4 sota-aluksissa. Siksi n\u00e4ist\u00e4 pit\u00e4\u00e4 yritt\u00e4\u00e4 tehd\u00e4 vientituotteita.<\/p>\n<p class=\"aw-1gybjub aw-1p7kakr cmIuaG fmSRng yle__article__paragraph\">Esimerkiksi Yhdysvallat tilaa kolmen eri luokan j\u00e4\u00e4nmurtajia oman ohjelmansa mukaan kymmeni\u00e4. Ainakin rahat murtajiin on jo maan budjettiin hyv\u00e4ksytty. Viel\u00e4 ei kuitenkaan tiedet\u00e4 miss\u00e4 j\u00e4\u00e4nmurtajia valmistetaan.<\/p>\n<p class=\"aw-1gybjub aw-1p7kakr cmIuaG fmSRng yle__article__paragraph\">Suomessa erilaisista murtajakaupoista kilpailevat Helsingin telakan omistava Davie, sek\u00e4 RMC yhdess\u00e4 amerikkalaisen Bollingerin ja kanadalaisen Seaspan Shipyardin kanssa.<\/p>\n<p class=\"aw-1gybjub aw-1p7kakr cmIuaG fmSRng yle__article__paragraph\">Uutisia murtajakaupoista on odotettu vesi kielell\u00e4 varsinkin Suomessa. P\u00e4\u00e4t\u00f6sten odottaminen jatkuu.<\/p>\n<p class=\"aw-1gybjub aw-1p7kakr cmIuaG fmSRng yle__article__paragraph\">\u2013 Kovasti olemme tuoneet esille, ett\u00e4 olisimme kyvykk\u00e4it\u00e4 heid\u00e4n tarvitsemiaan aluksia rakentamaan, sanoo Nieminen.<\/p>\n<p class=\"aw-1gybjub aw-1p7kakr cmIuaG fmSRng yle__article__paragraph\">Milloin p\u00e4\u00e4t\u00f6s tulee?<\/p>\n<p class=\"aw-1gybjub aw-1p7kakr cmIuaG fmSRng yle__article__paragraph\">\u2013 Toivottavasti pian.<\/p>\n","protected":false},"excerpt":{"rendered":"Rauman telakalla vierailleet Suomen ja Ruotsin puolustus\u00administerit kehuivat suomalaista osaamista ja tehokkuutta. Yhteisty\u00f6n tiivist\u00e4minen on mahdollista. Avaa kuvien&hellip;\n","protected":false},"author":2,"featured_media":50685,"comment_status":"","ping_status":"","sticky":false,"template":"","format":"standard","meta":{"footnotes":""},"categories":[12],"tags":[22,23,26,27,33,31,30,17,71,24,25,782,28,29,10537,4099,15,18,21,3642,4061,12573,968,12574,32,2790,1053,19,20,16],"class_list":{"0":"post-50684","1":"post","2":"type-post","3":"status-publish","4":"format-standard","5":"has-post-thumbnail","7":"category-suomi","8":"tag-breaking-news","9":"tag-breakingnews","10":"tag-featured-news","11":"tag-featurednews","12":"tag-fi","13":"tag-finland","14":"tag-finnish","15":"tag-headlines","16":"tag-kotimaa","17":"tag-latest-news","18":"tag-latestnews","19":"tag-maanpuolustus","20":"tag-main-news","21":"tag-mainnews","22":"tag-meriteollisuus","23":"tag-merivoimat","24":"tag-news","25":"tag-otsikot","26":"tag-paauutiset","27":"tag-rauma","28":"tag-rauman-seutukunta","29":"tag-rauman-telakka","30":"tag-satakunta","31":"tag-suomen-merivoimat","32":"tag-suomi","33":"tag-telakkateollisuus","34":"tag-teollisuus","35":"tag-top-stories","36":"tag-topstories","37":"tag-uutiset"},"share_on_mastodon":{"url":"","error":""},"_links":{"self":[{"href":"https:\/\/www.europesays.com\/fi\/wp-json\/wp\/v2\/posts\/50684","targetHints":{"allow":["GET"]}}],"collection":[{"href":"https:\/\/www.europesays.com\/fi\/wp-json\/wp\/v2\/posts"}],"about":[{"href":"https:\/\/www.europesays.com\/fi\/wp-json\/wp\/v2\/types\/post"}],"author":[{"embeddable":true,"href":"https:\/\/www.europesays.com\/fi\/wp-json\/wp\/v2\/users\/2"}],"replies":[{"embeddable":true,"href":"https:\/\/www.europesays.com\/fi\/wp-json\/wp\/v2\/comments?post=50684"}],"version-history":[{"count":0,"href":"https:\/\/www.europesays.com\/fi\/wp-json\/wp\/v2\/posts\/50684\/revisions"}],"wp:featuredmedia":[{"embeddable":true,"href":"https:\/\/www.europesays.com\/fi\/wp-json\/wp\/v2\/media\/50685"}],"wp:attachment":[{"href":"https:\/\/www.europesays.com\/fi\/wp-json\/wp\/v2\/media?parent=50684"}],"wp:term":[{"taxonomy":"category","embeddable":true,"href":"https:\/\/www.europesays.com\/fi\/wp-json\/wp\/v2\/categories?post=50684"},{"taxonomy":"post_tag","embeddable":true,"href":"https:\/\/www.europesays.com\/fi\/wp-json\/wp\/v2\/tags?post=50684"}],"curies":[{"name":"wp","href":"https:\/\/api.w.org\/{rel}","templated":true}]}}