{"id":50689,"date":"2025-10-01T16:45:08","date_gmt":"2025-10-01T16:45:08","guid":{"rendered":"https:\/\/www.europesays.com\/fi\/50689\/"},"modified":"2025-10-01T16:45:08","modified_gmt":"2025-10-01T16:45:08","slug":"tuukka-temoselta-poikkeuksellinen-avautuminen-tuntuu-pahalta","status":"publish","type":"post","link":"https:\/\/www.europesays.com\/fi\/50689\/","title":{"rendered":"Tuukka Temoselta poikkeuksellinen avautuminen \u2013 \u201dTuntuu pahalta\u201d"},"content":{"rendered":"<p>Tuukka Temonen kokee varastaneensa nuorilta huomiota Cancel-elokuvan lehdist\u00f6tilaisuudessa.<\/p>\n<p><img decoding=\"async\" class=\"image image-show image-preview\" src=\"https:\/\/www.europesays.com\/fi\/wp-content\/uploads\/2025\/10\/7fa1e47488d8bd611e33f51c15dae2d51a28d8d2dab11eb506d5ba946e8ea320.jpg\" alt=\"\"\/><img decoding=\"async\" class=\"image image-show\" src=\"https:\/\/www.europesays.com\/fi\/wp-content\/uploads\/2025\/10\/1759337108_740_7fa1e47488d8bd611e33f51c15dae2d51a28d8d2dab11eb506d5ba946e8ea320.jpg\" alt=\"\"\/><\/p>\n<p>Tuukka Temosen ohjaama Cancel-elokuva saa ensi-iltansa 8. lokakuuta. Pete Anikari<\/p>\n<p class=\"paragraph\">Ohjaaja <a href=\"https:\/\/www.iltalehti.fi\/henkilot\/Tuukka Temonen\" class=\"article-link-person-page\" rel=\"nofollow noopener\" target=\"_blank\">Tuukka Temonen<\/a> jakoi Instagram-tarinoissa ajatuksiaan ja tunteitaan eilisen Cancel-elokuvan lehdist\u00f6tilaisuuden j\u00e4lkeen. Instagram-tarinat ovat katsottavissa 24 tuntia niiden julkaisun j\u00e4lkeen.<\/p>\n<p class=\"paragraph\">\u2013 Pieni t\u00e4llainen ison miehen tilityshetki, h\u00e4n aloittaa videon.<\/p>\n<p class=\"paragraph\">Temonen on saapunut Ouluun elokuvan Pohjois-Suomen lehdist\u00f6tilaisuutta varten.<\/p>\n<p class=\"paragraph\">\u2013 V\u00e4h\u00e4n tuntuu pahalta, ett\u00e4 itse nyt jo 35 vuotta n\u00e4it\u00e4 hommia tehty, sitten v\u00e4h\u00e4n niin kuin varastaa noilta pojilta huomiota, Temonen toteaa videolla viitaten eiliseen Helsingiss\u00e4 j\u00e4rjestettyyn lehdist\u00f6tilaisuuteen.<\/p>\n<p class=\"paragraph\">Tilaisuudessa ohjaaja antoi monia haastatteluja medialle Olga-vaimonsa voinnista h\u00e4nen sy\u00f6p\u00e4hoitoihinsa liittyen.<\/p>\n<p class=\"paragraph\">Temonen kertoo potevansa huonoa omatuntoa siit\u00e4, ett\u00e4 elokuvassa n\u00e4ytteleminen on ollut youtubettajien el\u00e4m\u00e4n suurin kokemus ja h\u00e4n kokee viev\u00e4ns\u00e4 heilt\u00e4 valokeilan lehdist\u00f6tilaisuudessa.<\/p>\n<p class=\"paragraph\">\u2013 Tuntuu jotenkin pahalta varastaa heilt\u00e4 huomio tuollaisesta upeasta p\u00e4iv\u00e4st\u00e4, mutta sellaista t\u00e4m\u00e4 nyt on, h\u00e4n pohtii.<\/p>\n<p class=\"paragraph\">Samalla h\u00e4n ilmaisee kiitollisuutta siit\u00e4, kuinka paljon heid\u00e4n perheens\u00e4 on saanut tukea ja tsemppaavia viestej\u00e4 eri henkil\u00f6ilt\u00e4. Samalla ihmiset ovat jakaneet omia kokemuksiaan sy\u00f6v\u00e4st\u00e4.<\/p>\n<p class=\"paragraph\">\u2013 Selke\u00e4sti sy\u00f6p\u00e4 yhdist\u00e4\u00e4 todella monia ihmisi\u00e4. Ik\u00e4v\u00e4 kuulla, miten monella on samankaltainen tilanne kuin meill\u00e4, h\u00e4n totesi ja jatkoi:<\/p>\n<p class=\"paragraph\">\u2013 Mutta Olga voi eilen hyvin, istuimme pitk\u00e4\u00e4n p\u00f6yd\u00e4n \u00e4\u00e4ress\u00e4 ja juttelimme lasten kanssa kaikenlaista koulusta, tulevasta, menneest\u00e4 ja nykyisyydest\u00e4.<\/p>\n<p class=\"paragraph\">H\u00e4n uskoo, ett\u00e4 toivoa on niin kauan kuin henki pihisee, mutta my\u00f6nt\u00e4\u00e4 samalla tilanteen raskauden.<\/p>\n<p class=\"paragraph\">\u2013 Vaikka se vointi pysyisikin tuollaisena, kuin se nyt on, niin sekin on parempi kuin ei mink\u00e4\u00e4nlaista vointia. Olemme ihan luottavaisin, levollisin ja rauhallisin mielin, mutta onhan t\u00e4m\u00e4 nyt ihan helvetin raskas aika. En suo kenellek\u00e4\u00e4n t\u00e4llaista koskaan, Temonen purkaa.<\/p>\n<p>Olga Temosen sy\u00f6p\u00e4hoidot ovat olleet raskaita koko perheelle. Pete Anikari<\/p>\n<p class=\"paragraph\">Tuukka Temonen avasi eilen <a href=\"https:\/\/www.iltalehti.fi\/viihdeuutiset\/ccc941d8-347c-4456-add1-dcdd3ae4482e\" rel=\"nofollow noopener\" target=\"_blank\">Iltalehdelle<\/a> samaisessa lehdist\u00f6tilaisuudessa vaimonsa vointia.<\/p>\n<p class=\"paragraph\">\u2013 On t\u00e4m\u00e4 v\u00e4h\u00e4n raskas aika kaiken kaikkiaan monella mittarilla, mutta minulle kuuluu kaikesta huolimatta hyv\u00e4\u00e4. Niin hyv\u00e4\u00e4 kuin vaan t\u00e4ss\u00e4 tilanteesta voi kuulua, Tuukka summasi.<\/p>\n<p class=\"paragraph\">L\u00e4mmin syksy, l\u00e4heiset ihmiset, heid\u00e4n tarjoamansa turva ja tuki, uuden elokuvan l\u00e4hestyv\u00e4 ensi-ilta sek\u00e4 perhe auttavat jaksamaan vaikeuksien keskell\u00e4.<\/p>\n<p class=\"paragraph\">\u2013 Olga on kuitenkin viel\u00e4 meid\u00e4n kanssamme, joten kaikki on todella hyvin, h\u00e4n totesi.<\/p>\n<p class=\"paragraph\">Olgalle aloitettiin kes\u00e4ll\u00e4 kokeellinen l\u00e4\u00e4kehoito ONC201-l\u00e4\u00e4kkeell\u00e4. Tuukka <a href=\"https:\/\/www.iltalehti.fi\/viihdeuutiset\/5168a3ee-7b5c-4014-bae6-225f8c9154dd\" rel=\"nofollow noopener\" target=\"_blank\">kertoi aiemmin Iltalehdelle<\/a> l\u00e4\u00e4kkeen taustoja. Temoset ovat luottaneet l\u00e4\u00e4kkeeseen, mutta t\u00e4ll\u00e4 hetkell\u00e4 tilanne ei ole hyv\u00e4.<\/p>\n<p class=\"paragraph\">\u2013 L\u00e4\u00e4k\u00e4rit antavat toivoa, mutta emme ole varmoja, ehtiv\u00e4tk\u00f6 hoidot auttamaan. T\u00e4llaisissa asioissa vaaditaan valtavasti aikaa. Nelj\u00e4nnen asteen kasvain on vauhdikas kaveri. Sit\u00e4 yritet\u00e4\u00e4n hidastaa mahdollisimman paljon ja katsotaan, mihin se riitt\u00e4\u00e4.<\/p>\n","protected":false},"excerpt":{"rendered":"Tuukka Temonen kokee varastaneensa nuorilta huomiota Cancel-elokuvan lehdist\u00f6tilaisuudessa. Tuukka Temosen ohjaama Cancel-elokuva saa ensi-iltansa 8. lokakuuta. Pete Anikari&hellip;\n","protected":false},"author":2,"featured_media":50690,"comment_status":"","ping_status":"","sticky":false,"template":"","format":"standard","meta":{"footnotes":""},"categories":[136],"tags":[35,407,137,33,31,30,408,1977,700,32,502,167,140,109],"class_list":{"0":"post-50689","1":"post","2":"type-post","3":"status-publish","4":"format-standard","5":"has-post-thumbnail","7":"category-julkkikset","8":"tag-24h","9":"tag-celebrities","10":"tag-entertainment","11":"tag-fi","12":"tag-finland","13":"tag-finnish","14":"tag-julkkikset","15":"tag-laakkeet","16":"tag-laakkeet-ja-paihteet","17":"tag-suomi","18":"tag-terveydenhoito","19":"tag-terveys","20":"tag-tv-ja-elokuvat","21":"tag-viihde"},"share_on_mastodon":{"url":"","error":""},"_links":{"self":[{"href":"https:\/\/www.europesays.com\/fi\/wp-json\/wp\/v2\/posts\/50689","targetHints":{"allow":["GET"]}}],"collection":[{"href":"https:\/\/www.europesays.com\/fi\/wp-json\/wp\/v2\/posts"}],"about":[{"href":"https:\/\/www.europesays.com\/fi\/wp-json\/wp\/v2\/types\/post"}],"author":[{"embeddable":true,"href":"https:\/\/www.europesays.com\/fi\/wp-json\/wp\/v2\/users\/2"}],"replies":[{"embeddable":true,"href":"https:\/\/www.europesays.com\/fi\/wp-json\/wp\/v2\/comments?post=50689"}],"version-history":[{"count":0,"href":"https:\/\/www.europesays.com\/fi\/wp-json\/wp\/v2\/posts\/50689\/revisions"}],"wp:featuredmedia":[{"embeddable":true,"href":"https:\/\/www.europesays.com\/fi\/wp-json\/wp\/v2\/media\/50690"}],"wp:attachment":[{"href":"https:\/\/www.europesays.com\/fi\/wp-json\/wp\/v2\/media?parent=50689"}],"wp:term":[{"taxonomy":"category","embeddable":true,"href":"https:\/\/www.europesays.com\/fi\/wp-json\/wp\/v2\/categories?post=50689"},{"taxonomy":"post_tag","embeddable":true,"href":"https:\/\/www.europesays.com\/fi\/wp-json\/wp\/v2\/tags?post=50689"}],"curies":[{"name":"wp","href":"https:\/\/api.w.org\/{rel}","templated":true}]}}