{"id":50691,"date":"2025-10-01T16:51:07","date_gmt":"2025-10-01T16:51:07","guid":{"rendered":"https:\/\/www.europesays.com\/fi\/50691\/"},"modified":"2025-10-01T16:51:07","modified_gmt":"2025-10-01T16:51:07","slug":"syysolkikarpanen-on-syksyinen-vitsaus-2-tapaa-paasta-eroon","status":"publish","type":"post","link":"https:\/\/www.europesays.com\/fi\/50691\/","title":{"rendered":"Syysolkik\u00e4rp\u00e4nen on syksyinen vitsaus \u2013 2 tapaa p\u00e4\u00e4st\u00e4 eroon"},"content":{"rendered":"<p>  <img decoding=\"async\" class=\"article-header-image__featured-image awpo-lazy\" alt=\"\" src=\"https:\/\/www.europesays.com\/fi\/wp-content\/uploads\/2025\/10\/syysolkikarpanen-scaled.jpg\"\/><\/p>\n<p class=\"article-header__excerpt \">\n    Syysolkik\u00e4rp\u00e4set saattavat hakeutua syksyisin sis\u00e4lle asuntoihin etsiess\u00e4\u00e4n talvehtimispaikkaa. Miljoonap\u00e4inen k\u00e4rp\u00e4sryhm\u00e4 voi yll\u00e4tt\u00e4\u00e4 asukkaan, mutta vaaraa hy\u00f6nteisist\u00e4 ei ole.   <\/p>\n<dl class=\"article-meta__list\">\n<p><dt class=\"article-meta__role\">Teksti<\/dt>\n<dd class=\"article-meta__name\">Salla Piirainen<\/dd>\n<\/p>\n<p><dt class=\"article-meta__role\">Kuvat<\/dt>\n<dd class=\"article-meta__name\">iStock<\/dd>\n<\/p>\n<dt class=\"screen-reader-text\">Julkaisup\u00e4iv\u00e4m\u00e4\u00e4r\u00e4<\/dt>\n<dd>\n<p>        1.10.2025\n    <\/dd>\n<\/dl>\n<p>Syysolkik\u00e4rp\u00e4nen on pieni, noin kolmen millimetrin mittainen hy\u00f6nteinen. Sen tunnistaa kirkkaan keltaisesta ruumiista, jota koristavat mustat kuvioinnit. <\/p>\n<p>Ulkon\u00e4k\u00f6\u00e4kin tunnistettavampaa lienee kuitenkin niiden liikkuminen talvehtimisaikaan suurissa ryhmiss\u00e4.\u00a0\u00a0<\/p>\n<p>\u201dSyysolkik\u00e4rp\u00e4nen on tunnetumpi kuin mik\u00e4\u00e4n muu luonnonvarainen pikkuk\u00e4rp\u00e4nen Suomessa, koska ne toisinaan tunkeutuvat asuntoihin miljoonap\u00e4in\u201d, kertoo Helsingin yliopiston hy\u00f6nteistutkija <strong>Jere Kahanp\u00e4\u00e4<\/strong>.\u00a0\u00a0<\/p>\n<p>Syksyisin s\u00e4iden viiletess\u00e4 syysolkik\u00e4rp\u00e4set ryhtyv\u00e4t etsim\u00e4\u00e4n suojapaikkaa talven ajaksi. Luonnossa ne talvehtivat tyypillisesti lahopuun raoissa tai pieniss\u00e4 luolissa, joihin p\u00e4\u00e4see kapeasta kivenkolosta.\u00a0\u00a0<\/p>\n<p>\u201dMeid\u00e4n asuntomme sitten saattavat n\u00e4ytt\u00e4\u00e4 samanlaisilta tuuletusrakoineen, joista ne p\u00e4\u00e4sev\u00e4t kulkemaan sis\u00e4\u00e4n.\u201d\u00a0<\/p>\n<p>Syysolkik\u00e4rp\u00e4set etsiv\u00e4t asunnoista suojaa<\/p>\n<p>Luontoon verrattuna ihmisasunnot ovat syysolkik\u00e4rp\u00e4sen n\u00e4k\u00f6kulmasta melkoisen omituisia paikkoja. Asunnoissa on l\u00e4mmint\u00e4 ja kuivaa, eik\u00e4 suljetuista ikkunoista ole poisp\u00e4\u00e4sy\u00e4.\u00a0\u00a0<\/p>\n<p>\u201dJos olkik\u00e4rp\u00e4set ovat p\u00e4\u00e4sseet sis\u00e4lle asuntoon, ovat ne todenn\u00e4k\u00f6isesti aika h\u00e4mmentyneit\u00e4 ja pulassa. L\u00e4mmitetty asunto ei sovi niille talvehtimispaikaksi.\u201d\u00a0<\/p>\n<p>Siksi syysolkik\u00e4rp\u00e4siin t\u00f6rm\u00e4\u00e4 usein juuri r\u00f6ykki\u00f6in\u00e4 ikkunalaudoilla tai ikkunoiden v\u00e4liss\u00e4, koska ne yritt\u00e4v\u00e4t p\u00e4\u00e4st\u00e4 pois asunnosta.\u00a0\u00a0<\/p>\n<p>Ihanteellinen talvehtimispaikka syysolkik\u00e4rp\u00e4selle olisi viile\u00e4 ja tasaisen kostea. Ihmisten luomista paikoista esimerkiksi maakellarit ovat tyypillisesti olleet mainioita paikkoja horrokseen vaipumiselle.\u00a0\u00a0<\/p>\n<p>\u201dAsuntojemme kuivuus on sen sijaan tappavaa hy\u00f6nteisille. Ne voivat ehk\u00e4 muutaman viikon p\u00e4rj\u00e4t\u00e4, kunnes kuivuvat hengilt\u00e4. Jos on liian l\u00e4mmint\u00e4, ne eiv\u00e4t my\u00f6sk\u00e4\u00e4n vaivu horrokseen.\u201d\u00a0<\/p>\n<p>Kahanp\u00e4\u00e4n mukaan ei ole tiedossa, mill\u00e4 perusteella syysolkik\u00e4rp\u00e4set valitsevat majapaikkansa asunnossa.\u00a0\u00a0<\/p>\n<p>\u201dNe ovat ilmeisesti aika kranttuja, koska niit\u00e4 tulee tavallisesti vain yhteen huoneeseen.\u201d\u00a0<\/p>\n<p><strong>Lue my\u00f6s: <\/strong><a href=\"https:\/\/kotiliesi.fi\/koti\/kodinhoito\/helppo-banaanikarpasansa\/\" rel=\"nofollow noopener\" target=\"_blank\">Helppo banaanik\u00e4rp\u00e4sansa: T\u00e4m\u00e4n t\u00e4ytyy olla n\u00e4pp\u00e4rin keino p\u00e4\u00e4st\u00e4 \u00f6t\u00f6k\u00f6ist\u00e4 eroon!<\/a><\/p>\n<p>Imurointi voi auttaa eroon p\u00e4\u00e4semisess\u00e4<\/p>\n<p>Syysolkik\u00e4rp\u00e4sist\u00e4 syntyv\u00e4 haitta on l\u00e4hinn\u00e4 esteettinen. Miljoonista k\u00e4rp\u00e4sist\u00e4 koostuvat rykelm\u00e4t ikkunoiden v\u00e4liss\u00e4 voivat n\u00e4ytt\u00e4\u00e4 kamalalta, mutta muuta tuhoa niist\u00e4 ei aiheudu.\u00a0\u00a0<\/p>\n<p>Kahanp\u00e4\u00e4n mukaan syysolkik\u00e4rp\u00e4sten ennaltaehk\u00e4isyyn ei ole keksitty toimivia niksej\u00e4. Ongelmana on, ettei ole tiedossa, mist\u00e4 syist\u00e4 syysolkik\u00e4rp\u00e4set hakeutuvat tiettyihin paikkoihin.\u00a0<\/p>\n<p>\u201dSiksi ei ole oikein antaa mit\u00e4\u00e4n sellaista vinkki\u00e4, ett\u00e4 maalaa talosi tietyn v\u00e4riseksi v\u00e4ltell\u00e4ksesi syysolkik\u00e4rp\u00e4si\u00e4.\u201d\u00a0<\/p>\n<p>Jos kotiin on ajautunut k\u00e4rp\u00e4si\u00e4, voi niit\u00e4 yritt\u00e4\u00e4 imuroida ahkerasti. K\u00e4rp\u00e4sten nitist\u00e4miseksi voi kokeilla my\u00f6s hy\u00f6nteismyrkky\u00e4.\u00a0\u00a0<\/p>\n<p>Toisinaan Kahanp\u00e4\u00e4lt\u00e4 kysyt\u00e4\u00e4n, kannattaisiko talo tiivist\u00e4\u00e4 niin tiiviiksi, ettei olkik\u00e4rp\u00e4si\u00e4 p\u00e4\u00e4sisi tunkeutumaan raoista sis\u00e4lle.\u00a0\u00a0<\/p>\n<p>\u201dSiihen olen aina vastannut, ett\u00e4 mieluummin otan ne olkik\u00e4rp\u00e4set kuin hometalon. Kyll\u00e4 ilmastoinnin pit\u00e4\u00e4 asunnoissa toimia, ja olkik\u00e4rp\u00e4sten fyysinen est\u00e4minen on k\u00e4yt\u00e4nn\u00f6ss\u00e4 mahdotonta.\u201d\u00a0<\/p>\n<p>Syysolkik\u00e4rp\u00e4set sekoitetaan usein ulkon\u00e4k\u00f6ns\u00e4 vuoksi banaanik\u00e4rp\u00e4siin. Niihin ei kuitenkaan tepsi banaanik\u00e4rp\u00e4sille viritetyt ansat, sill\u00e4 ne ovat sis\u00e4tiloissa eri syist\u00e4.\u00a0\u00a0<\/p>\n<p>\u201dBanaanik\u00e4rp\u00e4set ruokailevat ja lis\u00e4\u00e4ntyv\u00e4t aktiivisesti sis\u00e4ll\u00e4. Syysolkik\u00e4rp\u00e4set ovat tulleet sis\u00e4tiloihin hakemaan suojaa, ei ruokaa.\u201d\u00a0<\/p>\n<p><strong>Lue my\u00f6s Anna.fi:<\/strong> <a href=\"https:\/\/anna.fi\/hyvinvointi\/terveys\/nivelrokko-pogostantauti\" target=\"_blank\" rel=\"noreferrer noopener nofollow\">Hyttysten levitt\u00e4m\u00e4 nivelrokko on loppukes\u00e4n epidemia \u2013 t\u00e4llaiset ovat oireet, joita ei usein osata yhdist\u00e4\u00e4 tautiin<\/a><\/p>\n<p><strong>Hakeutuvat samoihin paikkoihin<\/strong>\u00a0<\/p>\n<p>Ikkunoiden v\u00e4liin majoittunut syysolkik\u00e4rp\u00e4nen tuupertuu kuivuuteen tavallisesti viikoissa. Kahanp\u00e4\u00e4n mukaan on kuitenkin mahdollista, ett\u00e4 olkik\u00e4rp\u00e4set ovat riesana jopa kuukausien ajan. <\/p>\n<p>L\u00e4mp\u00f6tilan vaihtelu voi saada ne hakeutumaan sis\u00e4tiloihin aina syksyst\u00e4 kev\u00e4\u00e4seen saakka.\u00a0<\/p>\n<p>\u201dJos k\u00e4rp\u00e4set ovat l\u00e4hteneet liikkeelle jo kev\u00e4\u00e4ll\u00e4, mutta tuleekin takatalvi, voivat ne hakeutua uudestaan talvehtimispaikkoihin.\u201d\u00a0<\/p>\n<p>Syysolkik\u00e4rp\u00e4set menev\u00e4t mielell\u00e4\u00e4n samoihin paikkoihin talvehtimaan. Pahimmassa tapauksessa kierre voi jatkua vuosia. Kahanp\u00e4\u00e4n mukaan kaltaistensa tuoksu saa ne palaamaan.\u00a0\u00a0<\/p>\n<p>\u201dNe haistavat toisensa ja l\u00e4htev\u00e4t tulemaan voimakasta hajul\u00e4hdett\u00e4 kohti.\u201d\u00a0<\/p>\n<p>Taloihin hakeutuvat syysolkik\u00e4rp\u00e4set eiv\u00e4t suinkaan ole mik\u00e4\u00e4n uusi ilmi\u00f6. Vanhimmat kirjalliset kuvaukset niist\u00e4 l\u00f6ytyv\u00e4t 1500-luvulta.\u00a0\u00a0<\/p>\n<p>Kahanp\u00e4\u00e4 kertoo Saksasta per\u00e4isin olevasta tarinasta, jossa kirkon luultiin olevan tulessa, koska sen tornin ymp\u00e4rill\u00e4 py\u00f6ri iso musta pilvi. Todellisuudessa pilven muodostivat talvehtimispaikkaa etsineet syysolkik\u00e4rp\u00e4set.\u00a0\u00a0<\/p>\n<p>\u201dJos jonkun kotoa l\u00f6ytyy nyky\u00e4\u00e4n litran tai parin verran syysolkik\u00e4rp\u00e4si\u00e4, on se viel\u00e4 aika pient\u00e4 tuohon verrattuna\u201d, Kahanp\u00e4\u00e4 sanoo ja naurahtaa.\u00a0\u00a0<\/p>\n<p>        Toimitus suosittelee<\/p>\n<p>Kaupalliset yhteisty\u00f6t<br \/>\nSuosituimmat<\/p>\n<p>Kaupalliset yhteisty\u00f6t<\/p>\n","protected":false},"excerpt":{"rendered":"Syysolkik\u00e4rp\u00e4set saattavat hakeutua syksyisin sis\u00e4lle asuntoihin etsiess\u00e4\u00e4n talvehtimispaikkaa. Miljoonap\u00e4inen k\u00e4rp\u00e4sryhm\u00e4 voi yll\u00e4tt\u00e4\u00e4 asukkaan, mutta vaaraa hy\u00f6nteisist\u00e4 ei ole.&hellip;\n","protected":false},"author":2,"featured_media":50692,"comment_status":"","ping_status":"","sticky":false,"template":"","format":"standard","meta":{"footnotes":""},"categories":[165],"tags":[33,31,30,166,8392,32,167,8729],"class_list":{"0":"post-50691","1":"post","2":"type-post","3":"status-publish","4":"format-standard","5":"has-post-thumbnail","7":"category-terveys","8":"tag-fi","9":"tag-finland","10":"tag-finnish","11":"tag-health","12":"tag-hyonteiset","13":"tag-suomi","14":"tag-terveys","15":"tag-tuholaiset"},"share_on_mastodon":{"url":"","error":""},"_links":{"self":[{"href":"https:\/\/www.europesays.com\/fi\/wp-json\/wp\/v2\/posts\/50691","targetHints":{"allow":["GET"]}}],"collection":[{"href":"https:\/\/www.europesays.com\/fi\/wp-json\/wp\/v2\/posts"}],"about":[{"href":"https:\/\/www.europesays.com\/fi\/wp-json\/wp\/v2\/types\/post"}],"author":[{"embeddable":true,"href":"https:\/\/www.europesays.com\/fi\/wp-json\/wp\/v2\/users\/2"}],"replies":[{"embeddable":true,"href":"https:\/\/www.europesays.com\/fi\/wp-json\/wp\/v2\/comments?post=50691"}],"version-history":[{"count":0,"href":"https:\/\/www.europesays.com\/fi\/wp-json\/wp\/v2\/posts\/50691\/revisions"}],"wp:featuredmedia":[{"embeddable":true,"href":"https:\/\/www.europesays.com\/fi\/wp-json\/wp\/v2\/media\/50692"}],"wp:attachment":[{"href":"https:\/\/www.europesays.com\/fi\/wp-json\/wp\/v2\/media?parent=50691"}],"wp:term":[{"taxonomy":"category","embeddable":true,"href":"https:\/\/www.europesays.com\/fi\/wp-json\/wp\/v2\/categories?post=50691"},{"taxonomy":"post_tag","embeddable":true,"href":"https:\/\/www.europesays.com\/fi\/wp-json\/wp\/v2\/tags?post=50691"}],"curies":[{"name":"wp","href":"https:\/\/api.w.org\/{rel}","templated":true}]}}