{"id":50695,"date":"2025-10-01T16:53:08","date_gmt":"2025-10-01T16:53:08","guid":{"rendered":"https:\/\/www.europesays.com\/fi\/50695\/"},"modified":"2025-10-01T16:53:08","modified_gmt":"2025-10-01T16:53:08","slug":"asiantuntijalta-yllattava-arvio-hovi-ei-paase-andrewsta-eroon-yhden-uhan-vuoksi","status":"publish","type":"post","link":"https:\/\/www.europesays.com\/fi\/50695\/","title":{"rendered":"Asiantuntijalta yll\u00e4tt\u00e4v\u00e4 arvio \u2013 hovi ei p\u00e4\u00e4se Andrew&#8217;sta eroon yhden uhan vuoksi"},"content":{"rendered":"<p>Kuningas Charlesin yrityksist\u00e4 savustaa prinssi Andrew hovista ulos on puhuttu jo pitk\u00e4\u00e4n. Asiantuntija esitt\u00e4\u00e4 nyt teorian sille, miksei j\u00e4re\u00e4mpi\u00e4 aseita oteta k\u00e4ytt\u00f6\u00f6n.<\/p>\n<p class=\"article-body mb-nof-24 px-nof-16\">Prinssi <a class=\"article-personlink\" href=\"https:\/\/www.is.fi\/haku\/?query=Andrew%E2%80%99sta\" rel=\"nofollow noopener\" target=\"_blank\">Andrew\u2019sta<\/a> on jo pitk\u00e4\u00e4n uutisoitu veljens\u00e4 kuningas <a class=\"article-personlink\" href=\"https:\/\/www.is.fi\/haku\/?query=Charlesin\" rel=\"nofollow noopener\" target=\"_blank\">Charlesin <\/a>murheenkryynin\u00e4: kuningas haluaisi v\u00e4itetysti veljens\u00e4 pois kuninkaallisilta tiluksilta, mutta Andrew ei suostu l\u00e4htem\u00e4\u00e4n.<\/p>\n<p class=\"article-body mb-nof-24 px-nof-16\">Nuiva suhtautuminen Andrew\u2019hun liittyy siihen, ett\u00e4 vuosia sitten h\u00e4net liitettiin seksuaalirikoksista tuomittuun liikemieheen <a class=\"article-personlink\" href=\"https:\/\/www.is.fi\/haku\/?query=Jeffrey%20Epsteiniin\" rel=\"nofollow noopener\" target=\"_blank\">Jeffrey Epsteiniin<\/a>. My\u00f6s Andrew\u2019ta itse\u00e4\u00e4n syyteltiin seksuaalirikoksista, mutta h\u00e4n onnistui sopimaan kiistan ennen kuin se eteni oikeuteen.<\/p>\n<p class=\"article-body mb-nof-24 px-nof-16\">Nyt puita pes\u00e4\u00e4n on lis\u00e4nnyt kuitenkin se, ett\u00e4 my\u00f6s Andrew\u2019n ex-puoliso ja lasten \u00e4iti <a class=\"article-personlink\" href=\"https:\/\/www.is.fi\/haku\/?query=Sarah%20Ferguson\" rel=\"nofollow noopener\" target=\"_blank\">Sarah Ferguson<\/a> on liitetty Epsteiniin.<\/p>\n<p class=\"article-body mb-nof-24 px-nof-16\">Lue lis\u00e4\u00e4: <a class=\"article-genericlink\" href=\"https:\/\/www.is.fi\/kuninkaalliset\/art-2000011512478.html\" rel=\"nofollow noopener\" target=\"_blank\">Sarah Fergusonin Epstein-paljastukset sy\u00f6ksiv\u00e4t hovin taas yhteen kriisiin \u2013 l\u00e4hde: Charles ja William napit vastakkain<\/a><\/p>\n<p class=\"article-body mb-nof-24 px-nof-16\">Lehtitietojen mukaan kuningas on tehnyt kaikkensa, jotta saisi luotua pes\u00e4eroa veljeens\u00e4. Charlesin on kerrottu katkaisseen veljelt\u00e4\u00e4n rahavirtoja ja lakkauttaneen t\u00e4m\u00e4n turvallisuustoimia, mutta Andrew on ja pysyy kuninkaallisessa Royal Lodge -asumuksessa.<\/p>\n<p class=\"article-body mb-nof-24 px-nof-16\">Mit\u00e4 kuningas Charles voi kaksikosta p\u00e4\u00e4st\u00e4kseen en\u00e4\u00e4 tehd\u00e4?<\/p>\n<p class=\"article-body mb-nof-24 px-nof-16\">Kuninkaallistoimittaja <a class=\"article-personlink\" href=\"https:\/\/www.is.fi\/haku\/?query=Richard%20Kay\" rel=\"nofollow noopener\" target=\"_blank\">Richard Kay<\/a> arvioi <a class=\"article-genericlink\" href=\"https:\/\/www.dailymail.co.uk\/news\/royals\/article-15130811\/richard-kay-prince-andrew-king-charles-epstein.html\" rel=\"nofollow noopener\" target=\"_blank\">Daily Mailille <\/a>mukaan, ett\u00e4 asia ei ole lainkaan yksinkertainen, sill\u00e4 v\u00e4\u00e4r\u00e4nlaiset valinnat voisivat nostaa kuningasperheen jopa entist\u00e4 huonompaan valoon.<\/p>\n<p><img decoding=\"async\" src=\"https:\/\/www.europesays.com\/fi\/wp-content\/uploads\/2025\/10\/1759337588_477_468.jpg\" alt=\"Prinssi Andrew ja Sarah Ferguson saapuivat Kentin herttuatar Katherinen hautajaisiin.\" class=\"_Img_1rerz_1\" style=\"aspect-ratio:1.497659906396256\" loading=\"eager\"\/><\/p>\n<p class=\"article-picture-caption\">Prinssi Andrew ja Sarah Ferguson saapuivat Kentin herttuatar Katherinen hautajaisiin. Kuva:\u00a0Toby Melville \/ Reuters<\/p>\n<p class=\"article-body mb-nof-24 px-nof-16\">N\u00e4r\u00e4\u00e4 her\u00e4tti syyskuun aikana esimerkiksi se, kun prinssi Andrew saapui Kentin herttuatar <a class=\"article-personlink\" href=\"https:\/\/www.is.fi\/haku\/?query=Katherinen\" rel=\"nofollow noopener\" target=\"_blank\">Katherinen <\/a>hautajaisiin. Kuningas, joka on samalla my\u00f6s Englannin kirkon muodollinen johtaja, voisi kenties kielt\u00e4\u00e4 Andrew\u2019ta tulemasta, mutta t\u00e4m\u00e4 voisi kuninkaallisfanien mukaan vaikuttaa kummalliselta.<\/p>\n<p class=\"article-body mb-nof-24 px-nof-16\">\u2013 Olisi ep\u00e4mukavaa, jos kirkon johtaja kielt\u00e4isi jotakuta tulemasta kirkkoon ja esitt\u00e4m\u00e4\u00e4n rukouksiaan. P\u00e4\u00e4lle viel\u00e4 se, ett\u00e4 t\u00e4m\u00e4 joku on kuninkaan sukulainen, kommentoi fani Daily Mailin mukaan.<\/p>\n<p class=\"article-body mb-nof-24 px-nof-16\">\u2013 Kuvitelkaa, jos prinssi Andrew olisi kuvattu ratsastamassa tai pelaamassa golfia samalla, kun kuninkaallisperhe hyv\u00e4stelee Kentin herttuatarta. Olisiko se n\u00e4ytt\u00e4nyt paremmalta? kommentoi toinen.<\/p>\n<p class=\"article-body mb-nof-24 px-nof-16\">Andrew ei suorita kuninkaallisia teht\u00e4vi\u00e4 eik\u00e4 h\u00e4nell\u00e4 ole en\u00e4\u00e4 sotilasarvonimi\u00e4\u00e4n, mutta h\u00e4n on yh\u00e4 prinssi ja Yorkin herttua. Monille kuitenkin se, ett\u00e4 prinssi Andrew asustaa kuninkaallisilla mailla, n\u00e4ytt\u00e4ytyy konkreettisimpana merkkin\u00e4 siit\u00e4, ett\u00e4 h\u00e4n on osa kuningasperhett\u00e4.<\/p>\n<p><img decoding=\"async\" src=\"https:\/\/www.europesays.com\/fi\/wp-content\/uploads\/2025\/10\/1759337588_24_468.jpg\" alt=\"Kuningas Charles on k\u00e4rsinyt Andrew\u2019n aiheuttamasta p\u00e4\u00e4nvaivasta jo vuosien ajan.\" class=\"_Img_1rerz_1\" style=\"aspect-ratio:0.6661458333333333\" loading=\"eager\"\/><\/p>\n<p class=\"article-picture-caption\">Kuningas Charles on k\u00e4rsinyt Andrew\u2019n aiheuttamasta p\u00e4\u00e4nvaivasta jo vuosien ajan. Kuva:\u00a0Pool \/ ZUMA<\/p>\n<p class=\"article-body mb-nof-24 px-nof-16\">Kuningas on yritt\u00e4nyt kaikkensa, jotta Andrew saataisiin mailta ulos, mutta tuloksetta. Andrew\u2019lla on nimitt\u00e4in oikeutensa, kertoo Daily Mail. Niin kauan kuin h\u00e4n maksaa laskunsa ja k\u00e4ytt\u00e4ytyy, ei kuningas voi vain potkia h\u00e4nt\u00e4 syytt\u00e4 suotta pellolle pellolle.<\/p>\n<p class=\"article-body mb-nof-24 px-nof-16\">Toiseksi merkitt\u00e4v\u00e4ksi ongelmaksi nousee se, mit\u00e4 prinssi Andrew saattaisi hovin j\u00e4tt\u00e4ess\u00e4\u00e4n tehd\u00e4.<\/p>\n<p class=\"article-body mb-nof-24 px-nof-16\">Brittihovi on saanut roimasti julkista ry\u00f6pytyst\u00e4 v\u00e4lirikkojensa vuoksi. Suurimpana n\u00e4ist\u00e4 luultavasti on prinssi <a class=\"article-personlink\" href=\"https:\/\/www.is.fi\/haku\/?query=Harryn\" rel=\"nofollow noopener\" target=\"_blank\">Harryn <\/a>ja herttuatar <a class=\"article-personlink\" href=\"https:\/\/www.is.fi\/haku\/?query=Meghanin\" rel=\"nofollow noopener\" target=\"_blank\">Meghanin <\/a>kohul\u00e4ht\u00f6 Britanniasta vuonna 2020.<\/p>\n<p class=\"article-body mb-nof-24 px-nof-16\">Jos t\u00e4st\u00e4 tapauksesta jotain opittiin, niin se, ett\u00e4 hovista l\u00e4hteneet ovat vapaita puhumaan. Harry ja Meghan ovat l\u00e4ht\u00f6ns\u00e4 j\u00e4lkeen puhuneet avoimesti esimerkiksi siit\u00e4, miten hovissa kohdeltiin heit\u00e4 kehnosti. Harry kertoi omista paljastuksistaan my\u00f6s Varamies-el\u00e4m\u00e4kertateoksessaan.<\/p>\n<p class=\"article-body mb-nof-24 px-nof-16\">Uhkana voi siis olla se, ett\u00e4 jos Andrew savustetaan ulos hovista liian kovin ottein, h\u00e4n tekee niin sanotusti \u201dHarryt\u201d ja alkaa puhua avoimesti hovin salaisuuksista julkisuudessa. Kuninkaallisfanit seuraavatkin kuningasperheen seuraavaa siirtoa Andrew-selkkauksessa silm\u00e4 kovana.<\/p>\n","protected":false},"excerpt":{"rendered":"Kuningas Charlesin yrityksist\u00e4 savustaa prinssi Andrew hovista ulos on puhuttu jo pitk\u00e4\u00e4n. Asiantuntija esitt\u00e4\u00e4 nyt teorian sille, miksei&hellip;\n","protected":false},"author":2,"featured_media":50696,"comment_status":"","ping_status":"","sticky":false,"template":"","format":"standard","meta":{"footnotes":""},"categories":[130],"tags":[137,33,31,30,34,32,109],"class_list":{"0":"post-50695","1":"post","2":"type-post","3":"status-publish","4":"format-standard","5":"has-post-thumbnail","7":"category-viihde","8":"tag-entertainment","9":"tag-fi","10":"tag-finland","11":"tag-finnish","12":"tag-ilta-sanomat","13":"tag-suomi","14":"tag-viihde"},"share_on_mastodon":{"url":"","error":""},"_links":{"self":[{"href":"https:\/\/www.europesays.com\/fi\/wp-json\/wp\/v2\/posts\/50695","targetHints":{"allow":["GET"]}}],"collection":[{"href":"https:\/\/www.europesays.com\/fi\/wp-json\/wp\/v2\/posts"}],"about":[{"href":"https:\/\/www.europesays.com\/fi\/wp-json\/wp\/v2\/types\/post"}],"author":[{"embeddable":true,"href":"https:\/\/www.europesays.com\/fi\/wp-json\/wp\/v2\/users\/2"}],"replies":[{"embeddable":true,"href":"https:\/\/www.europesays.com\/fi\/wp-json\/wp\/v2\/comments?post=50695"}],"version-history":[{"count":0,"href":"https:\/\/www.europesays.com\/fi\/wp-json\/wp\/v2\/posts\/50695\/revisions"}],"wp:featuredmedia":[{"embeddable":true,"href":"https:\/\/www.europesays.com\/fi\/wp-json\/wp\/v2\/media\/50696"}],"wp:attachment":[{"href":"https:\/\/www.europesays.com\/fi\/wp-json\/wp\/v2\/media?parent=50695"}],"wp:term":[{"taxonomy":"category","embeddable":true,"href":"https:\/\/www.europesays.com\/fi\/wp-json\/wp\/v2\/categories?post=50695"},{"taxonomy":"post_tag","embeddable":true,"href":"https:\/\/www.europesays.com\/fi\/wp-json\/wp\/v2\/tags?post=50695"}],"curies":[{"name":"wp","href":"https:\/\/api.w.org\/{rel}","templated":true}]}}