{"id":50703,"date":"2025-10-01T16:59:10","date_gmt":"2025-10-01T16:59:10","guid":{"rendered":"https:\/\/www.europesays.com\/fi\/50703\/"},"modified":"2025-10-01T16:59:10","modified_gmt":"2025-10-01T16:59:10","slug":"salatut-elamat-toi-jasmin-voutilaiselle-menestysta-mutta-mielenterveysongelmat-veivat-kaiken","status":"publish","type":"post","link":"https:\/\/www.europesays.com\/fi\/50703\/","title":{"rendered":"Salatut el\u00e4m\u00e4t toi Jasmin Voutilaiselle menestyst\u00e4, mutta mielenterveysongelmat veiv\u00e4t kaiken"},"content":{"rendered":"<p>Ylen podcast|N\u00e4yttelij\u00e4 haki ongelmiinsa apua, jota h\u00e4n ei kuitenkaan saanut riitt\u00e4v\u00e4sti. HS kuunteli Ylen uuden Jasmin Voutilaisesta kertovan Mit\u00e4 tapahtui Jasminille -podcastin.<\/p>\n<p>Lue tiivistelm\u00e4<\/p>\n<p>Tiivistelm\u00e4 on teko\u00e4lyn tekem\u00e4 ja ihmisen tarkistama.<\/p>\n<p class=\"article-body mb-nof-24 px-nof-16 sndp-summary-bullet-point-font\">Yleisradion podcast kertoo n\u00e4yttelij\u00e4 Jasmin Voutilaisen el\u00e4m\u00e4st\u00e4 ja kuolemasta.<\/p>\n<p class=\"article-body mb-nof-24 px-nof-16 sndp-summary-bullet-point-font\">Salatut el\u00e4m\u00e4t -sarjan rooli toi Voutilaiselle menestyst\u00e4 ja julkisuutta, mutta my\u00f6s raakaa nettikiusaamista.<\/p>\n<p class=\"article-body mb-nof-24 px-nof-16 sndp-summary-bullet-point-font\">Mielenterveysongelmat ja p\u00e4ihteidenk\u00e4ytt\u00f6 johtivat ty\u00f6paikan menetykseen ja vaikeuksiin saada hoitoa.<\/p>\n<p class=\"article-body mb-nof-24 px-nof-16 sndp-summary-bullet-point-font\">Voutilainen teki itsemurhan 27-vuotiaana maaliskuussa 2023 saamatta riitt\u00e4v\u00e4\u00e4 apua ongelmiinsa.<\/p>\n<p class=\"article-body mb-nof-24 px-nof-16\">Yleisradion uusi Mit\u00e4 tapahtui Jasminille? -podcast pureutuu n\u00e4yttelij\u00e4 ja malli <a class=\"article-personlink\" href=\"https:\/\/www.hs.fi\/haku\/?query=Jasmin%20Voutilaisen\" rel=\"nofollow noopener\" target=\"_blank\">Jasmin Voutilaisen<\/a> (1995\u20132023) traagisiin vaiheisiin, jotka johtivat lopulta h\u00e4nen itsemurhaansa vain 27-vuotiaana.<\/p>\n<p class=\"article-body mb-nof-24 px-nof-16\">Voutilainen tuli tunnetuksi ennen kaikkea roolistaan Salatut el\u00e4m\u00e4t -televisiosarjassa, mutta h\u00e4n oli my\u00f6s Miss Helsinki 2018 -kilpailun ensimm\u00e4inen perint\u00f6prinsessa sek\u00e4 sosiaalisen median vaikuttaja.<\/p>\n<p class=\"article-body mb-nof-24 px-nof-16\"><a class=\"article-personlink\" href=\"https:\/\/www.hs.fi\/haku\/?query=Emma%20Karasjoen\" rel=\"nofollow noopener\" target=\"_blank\">Emma Karasjoen<\/a> toimittama seitsenosainen sarja kertoo Voutilaisen el\u00e4m\u00e4st\u00e4 aina lapsuudesta saakka. Siin\u00e4 haastatellaan Voutilaisen l\u00e4heisi\u00e4, kollegoita sek\u00e4 mielenterveys- ja p\u00e4ihdety\u00f6n asiantuntijoita. HS kuunteli <a class=\"article-genericlink\" href=\"https:\/\/areena.yle.fi\/1-76005816\" rel=\"nofollow noopener\" target=\"_blank\">podcastin kaikki jaksot<\/a>.<\/p>\n<p>Lapsena kiinnostivat taiteet ja taitoluistelu<\/p>\n<p class=\"article-body mb-nof-24 px-nof-16\">Voutilaisen l\u00e4heiset kertovat podcastissa h\u00e4nen olleen lapsena luova ja saaneen voimaa uskonnosta. <\/p>\n<p class=\"article-body mb-nof-24 px-nof-16\">Yl\u00e4asteik\u00e4isen\u00e4 Voutilainen oli sulkeutunut ja ujo, kunnes teatteriharrastus sai h\u00e4net avautumaan, podcastissa kerrotaan. Lukion h\u00e4n j\u00e4tti kesken eik\u00e4 h\u00e4n my\u00f6sk\u00e4\u00e4n hakeutunut esimerkiksi teatterialan opintoihin.<\/p>\n<p>N\u00e4yttelij\u00e4ura kytkeytyy Salattuihin el\u00e4miin<\/p>\n<p class=\"article-body mb-nof-24 px-nof-16\">Voutilainen sai ensimm\u00e4isen sivuroolinsa vuonna 2012 Helsingin herra -sarjassa, mutta isommin n\u00e4yttelij\u00e4nura alkoi vuonna 2014 Nightmare 2 \u2013 painajainen jatkuu -elokuvassa.<\/p>\n<p class=\"article-body mb-nof-24 px-nof-16\">Seuraavana vuonna h\u00e4n n\u00e4ytteli my\u00f6s Salattujen el\u00e4mien johdannaissarjassa Satula ennen kuin h\u00e4nen roolihahmonsa Aino Kaukovaara kirjoitettiin mukaan p\u00e4\u00e4sarja Salattuihin el\u00e4miin vuonna 2018. Voutilainen n\u00e4ytteli roolia vuoteen 2022 saakka.<\/p>\n<p class=\"article-body mb-nof-24 px-nof-16\">Rooli suositussa tv-sarjassa toi Voutilaiselle julkisuutta ja sen my\u00f6t\u00e4 my\u00f6s runsaasti sosiaalisen median n\u00e4kyvyytt\u00e4. Siell\u00e4 h\u00e4n sai aluksi p\u00e4\u00e4asiassa ihailevaa palautetta mutta pian my\u00f6s hyvin raakaa haukkumista, podcast-sarjassa kerrotaan.<\/p>\n<p><img decoding=\"async\" src=\"https:\/\/www.europesays.com\/fi\/wp-content\/uploads\/2025\/10\/1759337948_599_468.jpg\" alt=\"Jasmin Voutilainen uransa alussa elokuussa 2014, jolloin Salattujen el\u00e4mien lehdist\u00f6tilaisuudessa kerrottiin tulevasta Nightmare 2 -elokuvasta.\" class=\"_Img_1rerz_1\" style=\"aspect-ratio:1.5023474178403755\" loading=\"eager\"\/><\/p>\n<p class=\"article-picture-caption\">Jasmin Voutilainen uransa alussa elokuussa 2014, jolloin Salattujen el\u00e4mien lehdist\u00f6tilaisuudessa kerrottiin tulevasta Nightmare 2 -elokuvasta. Kuva:\u00a0Mikko Stig \/ Lehtikuva<\/p>\n<p>Nettikiusaaminen aiheuttaa ongelmia<\/p>\n<p class=\"article-body mb-nof-24 px-nof-16\">Sosiaalisen median n\u00e4kyvyys altisti Voutilaista my\u00f6s taloudellisille ongelmille.<\/p>\n<p class=\"article-body mb-nof-24 px-nof-16\">Podcastin toimittajan Karasjoen mukaan kauneus- ja muotiaiheisen somesis\u00e4ll\u00f6n tuottaminen vaatii rahaa, koska peruslaatu ei yleens\u00e4 ole riitt\u00e4v\u00e4\u00e4. Voutilainen joutui t\u00e4st\u00e4 johtuen pikavippi- ja osamaksukierteeseen. Velkatilanne helpottui, kun Salattujen el\u00e4mien palkka alkoi juosta.<\/p>\n<p class=\"article-body mb-nof-24 px-nof-16\">Vanhojen traumojen ohella Voutilaisen mielenterveysongelmiin vaikutti erityisesti somemaailmassa saatu brutaali palaute, joka kiertyi usein h\u00e4nen ulkon\u00e4k\u00f6\u00f6ns\u00e4. Podcastissa kerrotaan, miten Voutilainen lopulta erist\u00e4ytyi kotiinsa ja pelk\u00e4si julkisilla paikoilla olemista.<\/p>\n<p class=\"article-body mb-nof-24 px-nof-16\">Psyykkisiin ongelmiinsa liittyv\u00e4\u00e4 unettomuutta h\u00e4n alkoi hoitaa unil\u00e4\u00e4kkeill\u00e4 ja my\u00f6s alkoholilla, mist\u00e4 tuli my\u00f6hemmin ongelmia, koska psykiatriseen hoitoon p\u00e4\u00e4syn edellytyksen\u00e4 oli p\u00e4ihteett\u00f6myys. Noidankeh\u00e4 syntyi siit\u00e4, ett\u00e4 Voutilainen oli alkujaan alkanut k\u00e4ytt\u00e4\u00e4 p\u00e4ihteit\u00e4 l\u00e4\u00e4kit\u00e4kseen niill\u00e4 ahdistustaan, ja n\u00e4in ollen l\u00e4\u00e4k\u00e4rin m\u00e4\u00e4r\u00e4\u00e4mist\u00e4 unil\u00e4\u00e4kkeist\u00e4kin tuli hoitoon p\u00e4\u00e4syn este.<\/p>\n<p><img decoding=\"async\" src=\"https:\/\/www.europesays.com\/fi\/wp-content\/uploads\/2025\/10\/1759303150_461_468.jpg\" alt=\"Vuonna 2018 Jasmin Voutilainen aloitti ty\u00f6t Salatuissa el\u00e4miss\u00e4.\" class=\"_Img_1rerz_1\" style=\"aspect-ratio:0.9135416666666667\" loading=\"eager\"\/><\/p>\n<p class=\"article-picture-caption\">Vuonna 2018 Jasmin Voutilainen aloitti ty\u00f6t Salatuissa el\u00e4miss\u00e4. Kuva:\u00a0Seppo Solmela \/ IS<\/p>\n<p>Ongelmat johtivat kaiken menett\u00e4miseen<\/p>\n<p class=\"article-body mb-nof-24 px-nof-16\">Alkuvuonna 2022 Voutilainen joutui j\u00e4\u00e4m\u00e4\u00e4n sairauslomalle, ja my\u00f6hemmin samana vuonna ty\u00f6t Salatuissa el\u00e4miss\u00e4 loppuivat kokonaan. H\u00e4nen henkinen ja fyysinen tilansa eiv\u00e4t sallineet ty\u00f6ntekoa, sill\u00e4 esimerkiksi vuorosanojen muistaminen oli vaikeaa.<\/p>\n<p class=\"article-body mb-nof-24 px-nof-16\">Salattujen el\u00e4mien n\u00e4yttelij\u00e4kollega <a class=\"article-personlink\" href=\"https:\/\/www.hs.fi\/haku\/?query=Nora%20Rinne\" rel=\"nofollow noopener\" target=\"_blank\">Nora Rinne <\/a>muistelee podcastissa Voutilaisen surua siit\u00e4, ett\u00e4 sairausloman j\u00e4lkeen t\u00e4lle osoitetut roolivaatteet eiv\u00e4t sopineetkaan p\u00e4\u00e4lle. \u201dJos on ik\u00e4\u00e4n kuin tullut siihen sarjaan olemaan jotenkin hottis, [\u2026] niin siit\u00e4 ottaa varmaankin toisenlaisia paineita\u201d, Rinne toteaa.<\/p>\n<p class=\"article-body mb-nof-24 px-nof-16\">Voutilainen sulkeutui omiin oloihinsa \u2013 juomaan, kuten h\u00e4nen \u00e4itins\u00e4 sanoo podcastissa. \u00c4iti <a class=\"article-personlink\" href=\"https:\/\/www.hs.fi\/haku\/?query=Katri\" rel=\"nofollow noopener\" target=\"_blank\">Katri <\/a>ja l\u00e4heinen yst\u00e4v\u00e4 <a class=\"article-personlink\" href=\"https:\/\/www.hs.fi\/haku\/?query=Laura%20Mononen\" rel=\"nofollow noopener\" target=\"_blank\">Laura Mononen <\/a>pyrkiv\u00e4t auttamaan h\u00e4nt\u00e4, mutta tarvetta olisi ollut ammattiavulle. H\u00e4n ei pystynyt pit\u00e4m\u00e4\u00e4n huolta koiristaan, joten \u00e4iti otti ne hoitoonsa ja ihmissuhteetkin olivat mennytt\u00e4.<\/p>\n<p class=\"article-body mb-nof-24 px-nof-16\">H\u00e4n oli menett\u00e4nyt kaiken.<\/p>\n<p>Hoidon saaminen osoittautui vaikeaksi<\/p>\n<p class=\"article-body mb-nof-24 px-nof-16\">Vuoden 2023 alussa Voutilainen viilteli itse\u00e4\u00e4n ja h\u00e4net vietiin p\u00e4ivystykseen, podcastissa kerrotaan. Sairaanhoitajan tapaamisen j\u00e4lkeen h\u00e4net kuitenkin kotiutettiin. P\u00e4ihdeklinikalla h\u00e4nen hoitonsa lopetettiin kesken, koska h\u00e4n my\u00f6nsi k\u00e4ytt\u00e4neens\u00e4 hoitosuunnitelmansa vastaisesti liikaa p\u00e4ihteit\u00e4.<\/p>\n<p class=\"article-body mb-nof-24 px-nof-16\">Viel\u00e4 maaliskuussa Voutilainen tiedusteli podcastin mukaan mahdollisuutta jatkaa p\u00e4ihderiippuvuuden hoitoa, mutta ei ehtinyt saamaan vastausta ennen kuolemaansa.<\/p>\n<p class=\"article-body mb-nof-24 px-nof-16\">Voutilainen teki itsemurhan 17. maaliskuuta. Edellisen\u00e4 iltana h\u00e4n oli k\u00e4ynyt ravintolassa, jossa tavattu mies oli saattanut h\u00e4net kotiin. Mies on nyt podcastin mukaan syytteess\u00e4 Voutilaisen raiskauksen yrityksest\u00e4 ja pahoinpitelyst\u00e4.<\/p>\n<p class=\"article-body mb-nof-24 px-nof-16\">Jasmin Voutilainen itsekin halusi tehd\u00e4 oman osansa mielenterveysty\u00f6ss\u00e4. H\u00e4n teki sen kertomalla omista kokemuksistaan. T\u00e4m\u00e4 taas osoittautui t\u00e4rke\u00e4ksi vertaistueksi muille samassa tilanteessa oleville, h\u00e4nen \u00e4itins\u00e4 Katri muistelee.<\/p>\n<p class=\"article-body mb-nof-24 px-nof-16\">\u201dMuistan kun h\u00e4n itki minulle puhelimessa, ett\u00e4 \u00e4iti, min\u00e4 olen saanut niin paljon tsemppiviestej\u00e4, ett\u00e4 on niit\u00e4 hyvi\u00e4kin ihmisi\u00e4 olemassa.\u201d<\/p>\n","protected":false},"excerpt":{"rendered":"Ylen podcast|N\u00e4yttelij\u00e4 haki ongelmiinsa apua, jota h\u00e4n ei kuitenkaan saanut riitt\u00e4v\u00e4sti. HS kuunteli Ylen uuden Jasmin Voutilaisesta kertovan&hellip;\n","protected":false},"author":2,"featured_media":50704,"comment_status":"","ping_status":"","sticky":false,"template":"","format":"standard","meta":{"footnotes":""},"categories":[5],"tags":[22,23,26,27,33,31,30,17,46,24,25,28,29,15,18,21,32,19,20,16],"class_list":{"0":"post-50703","1":"post","2":"type-post","3":"status-publish","4":"format-standard","5":"has-post-thumbnail","7":"category-otsikot","8":"tag-breaking-news","9":"tag-breakingnews","10":"tag-featured-news","11":"tag-featurednews","12":"tag-fi","13":"tag-finland","14":"tag-finnish","15":"tag-headlines","16":"tag-helsingin-sanomat","17":"tag-latest-news","18":"tag-latestnews","19":"tag-main-news","20":"tag-mainnews","21":"tag-news","22":"tag-otsikot","23":"tag-paauutiset","24":"tag-suomi","25":"tag-top-stories","26":"tag-topstories","27":"tag-uutiset"},"share_on_mastodon":{"url":"","error":""},"_links":{"self":[{"href":"https:\/\/www.europesays.com\/fi\/wp-json\/wp\/v2\/posts\/50703","targetHints":{"allow":["GET"]}}],"collection":[{"href":"https:\/\/www.europesays.com\/fi\/wp-json\/wp\/v2\/posts"}],"about":[{"href":"https:\/\/www.europesays.com\/fi\/wp-json\/wp\/v2\/types\/post"}],"author":[{"embeddable":true,"href":"https:\/\/www.europesays.com\/fi\/wp-json\/wp\/v2\/users\/2"}],"replies":[{"embeddable":true,"href":"https:\/\/www.europesays.com\/fi\/wp-json\/wp\/v2\/comments?post=50703"}],"version-history":[{"count":0,"href":"https:\/\/www.europesays.com\/fi\/wp-json\/wp\/v2\/posts\/50703\/revisions"}],"wp:featuredmedia":[{"embeddable":true,"href":"https:\/\/www.europesays.com\/fi\/wp-json\/wp\/v2\/media\/50704"}],"wp:attachment":[{"href":"https:\/\/www.europesays.com\/fi\/wp-json\/wp\/v2\/media?parent=50703"}],"wp:term":[{"taxonomy":"category","embeddable":true,"href":"https:\/\/www.europesays.com\/fi\/wp-json\/wp\/v2\/categories?post=50703"},{"taxonomy":"post_tag","embeddable":true,"href":"https:\/\/www.europesays.com\/fi\/wp-json\/wp\/v2\/tags?post=50703"}],"curies":[{"name":"wp","href":"https:\/\/api.w.org\/{rel}","templated":true}]}}