{"id":50721,"date":"2025-10-01T17:41:11","date_gmt":"2025-10-01T17:41:11","guid":{"rendered":"https:\/\/www.europesays.com\/fi\/50721\/"},"modified":"2025-10-01T17:41:11","modified_gmt":"2025-10-01T17:41:11","slug":"mtv-yllatyspaukku-ttkssa-naraa-herattanyt-katsojien-valta-senkun-kasvaa-tasta-on-kyse","status":"publish","type":"post","link":"https:\/\/www.europesays.com\/fi\/50721\/","title":{"rendered":"MTV: Yll\u00e4tyspaukku &#8211; TTK:ssa n\u00e4r\u00e4\u00e4 her\u00e4tt\u00e4nyt katsojien valta senkun kasvaa &#8211; T\u00e4st\u00e4 on kyse!"},"content":{"rendered":"<p>  Tanssii T\u00e4htien Kanssa -kisa k\u00e4y kuumana.29.9.2025 klo 10:23<a href=\"https:\/\/www.suomi24.fi\/viihde\/l\/mtv-yllatyspaukku-ttk-ssa-naraa-herattanyt-katsojien-valta-senkun-kasvaa-tasta-on-kyse-5246-1.webp\" rel=\"nofollow noopener\" target=\"_blank\"><img decoding=\"async\" src=\"https:\/\/www.europesays.com\/fi\/wp-content\/uploads\/2025\/10\/mtv-yllatyspaukku-ttk-ssa-naraa-herattanyt-katsojien-valta-senkun-kasvaa-tasta-on-kyse-5246-1.webp.webp\" alt=\"Tanssii T\u00e4htien Kanssa\" loading=\"lazy\"\/><\/a>Vappu Pimi\u00e4 ja Ernest Lawson juontavat suorat TTK-l\u00e4hetykset. Kuva: MTV3<\/p>\n<p>Huomenta Suomi -l\u00e4hetyksess\u00e4 ma 29.9. saatiin kuulla jymyuutinen Tanssii T\u00e4htien Kanssa -ohjelman tiimoilta. Odotettu parinvaihtoviikko on j\u00e4nnitt\u00e4v\u00e4 osa TTK:ta ja se toteutetaan my\u00f6s t\u00e4n\u00e4 syksyn\u00e4. Monen katsojan suosikki n\u00e4hd\u00e4\u00e4n televisiosta su 12.10.<\/p>\n<p>Aiemmilla kausilla parit on arvottu suorassa tv-l\u00e4hetyksiss\u00e4. Nyt tilanne on toinen.<\/p>\n<p>MTV:n Tanssiraati <strong>Aino Haili <\/strong>ja <strong>Katja Lintunen<\/strong> paljasti, ett\u00e4 parinvaihtoviikko on tulossa &#8211; mutta parit valitaan eri tavalla kuin ennen. Nyt katsojilla on iso rooli, sill\u00e4 he p\u00e4\u00e4tt\u00e4v\u00e4t, kuka tanssii kenenkin kanssa. P\u00e4\u00e4tt\u00e4minen tapahtuu Tanssii T\u00e4htien Kanssa omassa sovelluksessa.<\/p>\n<p>Eric Lakko Savolainen ja Kastanja Rauhala olivat illan paras pari su 29.9. TTK-l\u00e4hetyksess\u00e4. Video lainattu Tanssii T\u00e4htien Kanssa Instagram-tililt\u00e4:<\/p>\n<p>Parinvaihtoviikko huipentuu sunnuntaihin 12. lokakuuta, jolloin n\u00e4hd\u00e4\u00e4n parinvaihdon tuotokset eli katsojien valitsemien tanssiparien esitykset.<\/p>\n<p>Osalla tv-katsojista n\u00e4r\u00e4\u00e4 on her\u00e4tt\u00e4nyt katsojien suuri valta siin\u00e4, ketk\u00e4 parit jatkavat ja ketk\u00e4 tippuvat. Ohjelmassa 28.9. korostettiinkin, ett\u00e4 katsojille on suuri valta p\u00e4\u00e4tt\u00e4\u00e4, jatkaako oma suosikkipari vai ei &#8211; ja kehotettiin \u00e4\u00e4nest\u00e4m\u00e4\u00e4n sit\u00e4 omaa suosikkiparia.<\/p>\n<p>Nyt katsojat saavat yh\u00e4 enemm\u00e4n valtaa, sill\u00e4 he p\u00e4\u00e4tt\u00e4v\u00e4t my\u00f6s tanssipareista parinvaihtoviikoilla.<\/p>\n<p>Tanssii T\u00e4htien Kanssa sunnuntaina klo 19.30 MTV Katsomo, MTV3<\/p>\n<p><a href=\"https:\/\/www.telsu.fi\/tanssii-t%C3%A4htien-kanssa\" rel=\"noopener noreferrer nofollow\" target=\"_blank\">Katso tv-ohjelma-ajat Telsu.fi<\/a><\/p>\n<p>L\u00e4hde: Huomenta SuomiSuomi24 Viihde<\/p>\n","protected":false},"excerpt":{"rendered":"Tanssii T\u00e4htien Kanssa -kisa k\u00e4y kuumana.29.9.2025 klo 10:23Vappu Pimi\u00e4 ja Ernest Lawson juontavat suorat TTK-l\u00e4hetykset. Kuva: MTV3 Huomenta&hellip;\n","protected":false},"author":2,"featured_media":50722,"comment_status":"","ping_status":"","sticky":false,"template":"","format":"standard","meta":{"footnotes":""},"categories":[133],"tags":[137,33,31,30,32,206,156,109],"class_list":{"0":"post-50721","1":"post","2":"type-post","3":"status-publish","4":"format-standard","5":"has-post-thumbnail","7":"category-televisiot","8":"tag-entertainment","9":"tag-fi","10":"tag-finland","11":"tag-finnish","12":"tag-suomi","13":"tag-televisiot","14":"tag-tv","15":"tag-viihde"},"share_on_mastodon":{"url":"","error":""},"_links":{"self":[{"href":"https:\/\/www.europesays.com\/fi\/wp-json\/wp\/v2\/posts\/50721","targetHints":{"allow":["GET"]}}],"collection":[{"href":"https:\/\/www.europesays.com\/fi\/wp-json\/wp\/v2\/posts"}],"about":[{"href":"https:\/\/www.europesays.com\/fi\/wp-json\/wp\/v2\/types\/post"}],"author":[{"embeddable":true,"href":"https:\/\/www.europesays.com\/fi\/wp-json\/wp\/v2\/users\/2"}],"replies":[{"embeddable":true,"href":"https:\/\/www.europesays.com\/fi\/wp-json\/wp\/v2\/comments?post=50721"}],"version-history":[{"count":0,"href":"https:\/\/www.europesays.com\/fi\/wp-json\/wp\/v2\/posts\/50721\/revisions"}],"wp:featuredmedia":[{"embeddable":true,"href":"https:\/\/www.europesays.com\/fi\/wp-json\/wp\/v2\/media\/50722"}],"wp:attachment":[{"href":"https:\/\/www.europesays.com\/fi\/wp-json\/wp\/v2\/media?parent=50721"}],"wp:term":[{"taxonomy":"category","embeddable":true,"href":"https:\/\/www.europesays.com\/fi\/wp-json\/wp\/v2\/categories?post=50721"},{"taxonomy":"post_tag","embeddable":true,"href":"https:\/\/www.europesays.com\/fi\/wp-json\/wp\/v2\/tags?post=50721"}],"curies":[{"name":"wp","href":"https:\/\/api.w.org\/{rel}","templated":true}]}}