{"id":50750,"date":"2025-10-01T18:18:08","date_gmt":"2025-10-01T18:18:08","guid":{"rendered":"https:\/\/www.europesays.com\/fi\/50750\/"},"modified":"2025-10-01T18:18:08","modified_gmt":"2025-10-01T18:18:08","slug":"visa-maksuja-veloitettiin-lidlissa-kaksi-kertaa-tiistaina","status":"publish","type":"post","link":"https:\/\/www.europesays.com\/fi\/50750\/","title":{"rendered":"Visa-maksuja veloitettiin Lidliss\u00e4 kaksi kertaa tiistaina"},"content":{"rendered":"<p>Ylim\u00e4\u00e4r\u00e4iset Lidlist\u00e4 tehdyist\u00e4 ostoksista perityt rahat palautetaan asiakkaille.<\/p>\n<p class=\"article-body mb-nof-24 px-nof-16\">Kauppaketju Lidliss\u00e4 ilmeni tiistai-iltana tekninen ongelma. Lidlin viestint\u00e4p\u00e4\u00e4llikk\u00f6 <a class=\"article-personlink\" href=\"https:\/\/www.is.fi\/haku\/?query=Johanna%20Liukkonen\" rel=\"nofollow noopener\" target=\"_blank\">Johanna Liukkonen <\/a>kertoo, ett\u00e4 h\u00e4iri\u00f6n aikana osa Visa-maksuista veloitettiin tuplana.<\/p>\n<p class=\"article-body mb-nof-24 px-nof-16\">\u2013\u2009Asiakkaille on alettu palauttaa tuplaveloituksia, h\u00e4n sanoo.<\/p>\n<p class=\"article-body mb-nof-24 px-nof-16\">Ylim\u00e4\u00e4r\u00e4inen veloitus palautetaan asiakkaan tilille automaattisesti, eik\u00e4 asiakkaan tarvitse tehd\u00e4 mit\u00e4\u00e4n saadakseen sen.<\/p>\n<p class=\"article-body mb-nof-24 px-nof-16\">\u2013\u2009Rahojen pit\u00e4isi palautua parin arkip\u00e4iv\u00e4n aikana.<\/p>\n<p class=\"article-body mb-nof-24 px-nof-16\">Vika johtui korttimaksuja v\u00e4litt\u00e4v\u00e4n yhti\u00f6n ongelmasta. Liukkosen mukaan h\u00e4iri\u00f6 kesti hetken aikaa, mutta h\u00e4n ei osaa sanoa sen tarkempaa pituutta tai sit\u00e4, miten suurta kauppam\u00e4\u00e4r\u00e4\u00e4 tai asiakasjoukkoa ongelma koski.<\/p>\n<p class=\"article-body mb-nof-24 px-nof-16\">Jos Lidlin asiakkaille tulee kysymyksi\u00e4 aiheesta, tai ylim\u00e4\u00e4r\u00e4ist\u00e4 haittaa h\u00e4iri\u00f6n vuoksi, Liukkonen kehottaa ottamaan yhteytt\u00e4 ketjun asiakaspalveluun.<\/p>\n<p class=\"article-body mb-nof-24 px-nof-16\">\u2013\u2009Olemme tosi pahoillamme tilanteesta, h\u00e4n lis\u00e4\u00e4.<\/p>\n<p class=\"article-body mb-nof-24 px-nof-16\"><a class=\"article-genericlink\" href=\"https:\/\/www.iltalehti.fi\/kotimaa\/a\/4037e43f-7859-4d3b-846a-eff4ac0f57dd\" rel=\"nofollow noopener\" target=\"_blank\">Iltalehti <\/a>kertoi Lidlin tuplaveloituksista ensin.<\/p>\n<p class=\"article-body mb-nof-24 px-nof-16\">Kyseess\u00e4 ei ollut ensimm\u00e4inen kerta, kun Lidlin asiakkaan ostoksia veloitettiin kaksi kertaa. <a class=\"article-genericlink\" href=\"https:\/\/www.is.fi\/taloussanomat\/art-2000011375040.html\" rel=\"nofollow noopener\" target=\"_blank\">Ilta-Sanomat<\/a> kertoi hein\u00e4kuussa Marikasta, jonka ostosten loppusumma oli yli 150 euroa. Kaupassa k\u00e4ynnin j\u00e4lkeisen\u00e4 p\u00e4iv\u00e4n\u00e4 h\u00e4n sai pankista kummallisen viestin: tili ylitetty.<\/p>\n<p class=\"article-body mb-nof-24 px-nof-16\">Marikalla oli erillinen k\u00e4ytt\u00f6tili, jossa h\u00e4n piti yleens\u00e4 noin muutamaa sataa euroa kerrallaan. H\u00e4n tarkisti k\u00e4ytt\u00f6tilins\u00e4 saldon ja huomasi, ett\u00e4 Lidl oli veloittanut ostokset kahteen kertaan. Marikalta meni paljon aikaa ja vaivaa asian selvitt\u00e4miseen.<\/p>\n","protected":false},"excerpt":{"rendered":"Ylim\u00e4\u00e4r\u00e4iset Lidlist\u00e4 tehdyist\u00e4 ostoksista perityt rahat palautetaan asiakkaille. Kauppaketju Lidliss\u00e4 ilmeni tiistai-iltana tekninen ongelma. Lidlin viestint\u00e4p\u00e4\u00e4llikk\u00f6 Johanna Liukkonen&hellip;\n","protected":false},"author":2,"featured_media":50751,"comment_status":"","ping_status":"","sticky":false,"template":"","format":"standard","meta":{"footnotes":""},"categories":[5],"tags":[22,23,26,27,33,31,30,17,34,24,25,28,29,15,18,21,32,19,20,16],"class_list":{"0":"post-50750","1":"post","2":"type-post","3":"status-publish","4":"format-standard","5":"has-post-thumbnail","7":"category-otsikot","8":"tag-breaking-news","9":"tag-breakingnews","10":"tag-featured-news","11":"tag-featurednews","12":"tag-fi","13":"tag-finland","14":"tag-finnish","15":"tag-headlines","16":"tag-ilta-sanomat","17":"tag-latest-news","18":"tag-latestnews","19":"tag-main-news","20":"tag-mainnews","21":"tag-news","22":"tag-otsikot","23":"tag-paauutiset","24":"tag-suomi","25":"tag-top-stories","26":"tag-topstories","27":"tag-uutiset"},"share_on_mastodon":{"url":"","error":""},"_links":{"self":[{"href":"https:\/\/www.europesays.com\/fi\/wp-json\/wp\/v2\/posts\/50750","targetHints":{"allow":["GET"]}}],"collection":[{"href":"https:\/\/www.europesays.com\/fi\/wp-json\/wp\/v2\/posts"}],"about":[{"href":"https:\/\/www.europesays.com\/fi\/wp-json\/wp\/v2\/types\/post"}],"author":[{"embeddable":true,"href":"https:\/\/www.europesays.com\/fi\/wp-json\/wp\/v2\/users\/2"}],"replies":[{"embeddable":true,"href":"https:\/\/www.europesays.com\/fi\/wp-json\/wp\/v2\/comments?post=50750"}],"version-history":[{"count":0,"href":"https:\/\/www.europesays.com\/fi\/wp-json\/wp\/v2\/posts\/50750\/revisions"}],"wp:featuredmedia":[{"embeddable":true,"href":"https:\/\/www.europesays.com\/fi\/wp-json\/wp\/v2\/media\/50751"}],"wp:attachment":[{"href":"https:\/\/www.europesays.com\/fi\/wp-json\/wp\/v2\/media?parent=50750"}],"wp:term":[{"taxonomy":"category","embeddable":true,"href":"https:\/\/www.europesays.com\/fi\/wp-json\/wp\/v2\/categories?post=50750"},{"taxonomy":"post_tag","embeddable":true,"href":"https:\/\/www.europesays.com\/fi\/wp-json\/wp\/v2\/tags?post=50750"}],"curies":[{"name":"wp","href":"https:\/\/api.w.org\/{rel}","templated":true}]}}