{"id":50762,"date":"2025-10-01T18:39:11","date_gmt":"2025-10-01T18:39:11","guid":{"rendered":"https:\/\/www.europesays.com\/fi\/50762\/"},"modified":"2025-10-01T18:39:11","modified_gmt":"2025-10-01T18:39:11","slug":"hohtava-naky-yllatti-mikan-kotimatkalla","status":"publish","type":"post","link":"https:\/\/www.europesays.com\/fi\/50762\/","title":{"rendered":"Hohtava n\u00e4ky yll\u00e4tti Mikan kotimatkalla"},"content":{"rendered":"<p>Mika ei aluksi tunnistanut el\u00e4int\u00e4.<\/p>\n<p>Hohtava n\u00e4ky h\u00e4mm\u00e4stytti Mikaa Riihim\u00e4ell\u00e4.<\/p>\n<p class=\"article-body mb-nof-24 px-nof-16\">Porvoolainen <a class=\"article-personlink\" href=\"https:\/\/www.is.fi\/haku\/?query=Mika%20Poikonen\" rel=\"nofollow noopener\" target=\"_blank\">Mika Poikonen<\/a> oli keskiviikkoiltana automatkalla kotiin, kun h\u00e4n huomasi Riihim\u00e4ell\u00e4 Sipil\u00e4ntiell\u00e4 kaukana pellonreunassa m\u00f6ll\u00f6tt\u00e4v\u00e4n valkoisen el\u00e4imen.<\/p>\n<p class=\"article-body mb-nof-24 px-nof-16\">H\u00e4n ei aluksi tunnistanut, mik\u00e4 el\u00e4in oli kyseess\u00e4.<\/p>\n<p class=\"article-body mb-nof-24 px-nof-16\">\u2013 Se hohti hienosti. Ihan kuin valkoinen iso hevonen. Mutta ei ole mit\u00e4\u00e4n hevostiloja l\u00e4hell\u00e4, Mika kertoo.<\/p>\n<p class=\"article-body mb-nof-24 px-nof-16\">Mika otti puhelimen esiin ja zoomauksen avulla h\u00e4n sen tunnisti: valkoinen hirvih\u00e4n se oli. Hirvell\u00e4 ei ollut sarvia, mik\u00e4 h\u00e4m\u00e4si Mikaa.<\/p>\n<p><img decoding=\"async\" src=\"https:\/\/www.europesays.com\/fi\/wp-content\/uploads\/2025\/10\/1759343951_156_468.jpg\" alt=\"Mika luuli valkoista hirve\u00e4 ensin hevoseksi.\" class=\"_Img_1rerz_1\" style=\"aspect-ratio:0.75\" loading=\"eager\"\/><\/p>\n<p class=\"article-picture-caption\">Mika luuli valkoista hirve\u00e4 ensin hevoseksi. Kuva:\u00a0Mika Poikonen \/ Lukijan kuva<\/p>\n<p class=\"article-body mb-nof-24 px-nof-16\">\u2013 Hirvi p\u00e4llisteli, katseli liikennett\u00e4 kauempaa ja s\u00f6i. Se oli paikallaan ja nautti rauhassa syysillasta.<\/p>\n<p class=\"article-body mb-nof-24 px-nof-16\">Mika ei ollut koskaan aiemmin n\u00e4hnyt vastaavaa. H\u00e4n ihaili hetken valkoista hirve\u00e4 ja jatkoi sitten kotimatkaansa.<\/p>\n<p><img decoding=\"async\" src=\"https:\/\/www.europesays.com\/fi\/wp-content\/uploads\/2025\/10\/1759343951_108_468.jpg\" alt=\"Hirvell\u00e4 ei ollut sarvia.\" class=\"_Img_1rerz_1\" style=\"aspect-ratio:0.75\" loading=\"eager\"\/><\/p>\n<p class=\"article-picture-caption\">Hirvell\u00e4 ei ollut sarvia. Kuva:\u00a0Mika Poikonen \/ Lukijan kuva<\/p>\n<p><img decoding=\"async\" src=\"https:\/\/www.europesays.com\/fi\/wp-content\/uploads\/2025\/10\/1759343951_905_468.jpg\" alt=\"Hirvi nautiskeli syysillasta.\" class=\"_Img_1rerz_1\" style=\"aspect-ratio:0.75\" loading=\"eager\"\/><\/p>\n<p class=\"article-picture-caption\">Hirvi nautiskeli syysillasta. Kuva:\u00a0Mika Poikonen \/ Lukijan kuva<\/p>\n","protected":false},"excerpt":{"rendered":"Mika ei aluksi tunnistanut el\u00e4int\u00e4. Hohtava n\u00e4ky h\u00e4mm\u00e4stytti Mikaa Riihim\u00e4ell\u00e4. Porvoolainen Mika Poikonen oli keskiviikkoiltana automatkalla kotiin, kun&hellip;\n","protected":false},"author":2,"featured_media":50763,"comment_status":"","ping_status":"","sticky":false,"template":"","format":"standard","meta":{"footnotes":""},"categories":[112],"tags":[33,31,30,34,118,32,119],"class_list":{"0":"post-50762","1":"post","2":"type-post","3":"status-publish","4":"format-standard","5":"has-post-thumbnail","7":"category-tiede","8":"tag-fi","9":"tag-finland","10":"tag-finnish","11":"tag-ilta-sanomat","12":"tag-science","13":"tag-suomi","14":"tag-tiede"},"share_on_mastodon":{"url":"","error":""},"_links":{"self":[{"href":"https:\/\/www.europesays.com\/fi\/wp-json\/wp\/v2\/posts\/50762","targetHints":{"allow":["GET"]}}],"collection":[{"href":"https:\/\/www.europesays.com\/fi\/wp-json\/wp\/v2\/posts"}],"about":[{"href":"https:\/\/www.europesays.com\/fi\/wp-json\/wp\/v2\/types\/post"}],"author":[{"embeddable":true,"href":"https:\/\/www.europesays.com\/fi\/wp-json\/wp\/v2\/users\/2"}],"replies":[{"embeddable":true,"href":"https:\/\/www.europesays.com\/fi\/wp-json\/wp\/v2\/comments?post=50762"}],"version-history":[{"count":0,"href":"https:\/\/www.europesays.com\/fi\/wp-json\/wp\/v2\/posts\/50762\/revisions"}],"wp:featuredmedia":[{"embeddable":true,"href":"https:\/\/www.europesays.com\/fi\/wp-json\/wp\/v2\/media\/50763"}],"wp:attachment":[{"href":"https:\/\/www.europesays.com\/fi\/wp-json\/wp\/v2\/media?parent=50762"}],"wp:term":[{"taxonomy":"category","embeddable":true,"href":"https:\/\/www.europesays.com\/fi\/wp-json\/wp\/v2\/categories?post=50762"},{"taxonomy":"post_tag","embeddable":true,"href":"https:\/\/www.europesays.com\/fi\/wp-json\/wp\/v2\/tags?post=50762"}],"curies":[{"name":"wp","href":"https:\/\/api.w.org\/{rel}","templated":true}]}}