{"id":50768,"date":"2025-10-01T18:43:09","date_gmt":"2025-10-01T18:43:09","guid":{"rendered":"https:\/\/www.europesays.com\/fi\/50768\/"},"modified":"2025-10-01T18:43:09","modified_gmt":"2025-10-01T18:43:09","slug":"venajalta-outo-varoitus-helsinki-vantaasta","status":"publish","type":"post","link":"https:\/\/www.europesays.com\/fi\/50768\/","title":{"rendered":"Ven\u00e4j\u00e4lt\u00e4 outo varoitus Helsinki- Vantaasta"},"content":{"rendered":"<p>Ven\u00e4j\u00e4 varoitti Helsingiss\u00e4 esiintyvist\u00e4 GPS-h\u00e4iri\u00f6ist\u00e4.<\/p>\n<p><img decoding=\"async\" class=\"image image-show image-preview\" src=\"https:\/\/www.europesays.com\/fi\/wp-content\/uploads\/2025\/10\/987e4c066e551ce0781177fd8d9f8a8bb9c6ba951ac72c2bbb6172912e6c4941.jpg\" alt=\"\"\/><img decoding=\"async\" class=\"image image-show\" src=\"https:\/\/www.europesays.com\/fi\/wp-content\/uploads\/2025\/10\/1759344189_567_987e4c066e551ce0781177fd8d9f8a8bb9c6ba951ac72c2bbb6172912e6c4941.jpg\" alt=\"\"\/><\/p>\n<p>Helsinki-Vantaan lentokent\u00e4n lennonjohtotorni. CulturalEyes-DH \/ Alamy Stock Photo<\/p>\n<p class=\"paragraph\">Ven\u00e4j\u00e4n valtiollinen uutistoimisto Tass <a href=\"https:\/\/tass.ru\/obschestvo\/25211997\" target=\"_blank\" rel=\"noopener nofollow\">kertoo<\/a> suomalaisten lennonjohtajien antaneen varoituksen h\u00e4iri\u00f6ist\u00e4 GPS-satelliittipaikannusj\u00e4rjestelm\u00e4ss\u00e4.<\/p>\n<p class=\"paragraph\">Uutisen mukaan erityisesti Helsingin lennonjohdon alueella on odotettavissa signaalih\u00e4iri\u00f6it\u00e4.<\/p>\n<p class=\"paragraph\">Tassin tietojen kerrotaan perustuvan sen \u201dl\u00e4hteisiin Helsingin lennonjohtokeskuksessa\u201d.<\/p>\n<p class=\"paragraph\">Tassin tietojen mukaan kaikille lentokoneiden ja helikoptereiden miehist\u00f6ille on annettu ohjeet ilmoittaa lennonjohtoon mahdollisista GPS-h\u00e4iri\u00f6ist\u00e4. L\u00e4hde korosti Tassille, ett\u00e4 varoitus on voimassa 21. marraskuuta aamup\u00e4iv\u00e4\u00e4n asti.<\/p>\n<p class=\"paragraph\">Finntrafficin lennonvarmistuksesta vastaava viestint\u00e4p\u00e4\u00e4llikk\u00f6 <strong>Leena Huhtamaa<\/strong> sanoo Iltalehdelle, ettei t\u00e4ll\u00e4 hetkell\u00e4 ole mit\u00e4\u00e4n erityisi\u00e4 varoituksia voimassa.<\/p>\n<p class=\"paragraph\">\u2013 En osaa Ven\u00e4j\u00e4n median tietoja sen enemp\u00e4\u00e4 kommentoida. Meill\u00e4 tilanne on ihan tavallinen niin kuin ennenkin.<\/p>\n<p class=\"paragraph\">\u2013 N\u00e4it\u00e4 juttuja saa ehk\u00e4 k\u00e4\u00e4nnetty\u00e4 monenlaisiksi nyt t\u00e4ll\u00e4 hetkell\u00e4.<\/p>\n<p class=\"paragraph\">Selvitetty\u00e4\u00e4n asiaa Huhtamaa kertoo l\u00f6yt\u00e4neens\u00e4 useamman vuoden voimassa olleen notam-ilmailutiedotteen, jonka mukaan Helsingin lentokent\u00e4ll\u00e4 voidaan odottaa GNSS-signaalin h\u00e4iri\u00f6it\u00e4, sek\u00e4 pyydet\u00e4\u00e4n ilmoittamaan niist\u00e4 lennonjohtoon.<\/p>\n<p class=\"paragraph\">Liikenne- ja viestint\u00e4virasto Traficomin mukaan Suomen ilmailussa ja merenkulussa havaittujen GPS-h\u00e4iri\u00f6iden l\u00e4hde on Ven\u00e4j\u00e4ll\u00e4.<\/p>\n<p class=\"paragraph\">Taustalla voi olla esimerkiksi droonien torjuntaan t\u00e4ht\u00e4\u00e4v\u00e4 h\u00e4irint\u00e4, jonka sivuvaikutuksena h\u00e4iri\u00f6signaaleja kulkeutuu my\u00f6s Suomen alueelle.<\/p>\n","protected":false},"excerpt":{"rendered":"Ven\u00e4j\u00e4 varoitti Helsingiss\u00e4 esiintyvist\u00e4 GPS-h\u00e4iri\u00f6ist\u00e4. Helsinki-Vantaan lentokent\u00e4n lennonjohtotorni. CulturalEyes-DH \/ Alamy Stock Photo Ven\u00e4j\u00e4n valtiollinen uutistoimisto Tass kertoo&hellip;\n","protected":false},"author":2,"featured_media":50769,"comment_status":"","ping_status":"","sticky":false,"template":"","format":"standard","meta":{"footnotes":""},"categories":[12],"tags":[35,22,23,26,27,33,31,30,17,3220,2187,24,25,3219,2910,121,28,29,15,18,21,32,19,20,16],"class_list":{"0":"post-50768","1":"post","2":"type-post","3":"status-publish","4":"format-standard","5":"has-post-thumbnail","7":"category-suomi","8":"tag-24h","9":"tag-breaking-news","10":"tag-breakingnews","11":"tag-featured-news","12":"tag-featurednews","13":"tag-fi","14":"tag-finland","15":"tag-finnish","16":"tag-headlines","17":"tag-ilmakulkuneuvot","18":"tag-kulkuneuvot","19":"tag-latest-news","20":"tag-latestnews","21":"tag-lentokoneet","22":"tag-lentoliikenne-ilmaliikenne","23":"tag-liikenne-ja-kuljetus","24":"tag-main-news","25":"tag-mainnews","26":"tag-news","27":"tag-otsikot","28":"tag-paauutiset","29":"tag-suomi","30":"tag-top-stories","31":"tag-topstories","32":"tag-uutiset"},"share_on_mastodon":{"url":"","error":""},"_links":{"self":[{"href":"https:\/\/www.europesays.com\/fi\/wp-json\/wp\/v2\/posts\/50768","targetHints":{"allow":["GET"]}}],"collection":[{"href":"https:\/\/www.europesays.com\/fi\/wp-json\/wp\/v2\/posts"}],"about":[{"href":"https:\/\/www.europesays.com\/fi\/wp-json\/wp\/v2\/types\/post"}],"author":[{"embeddable":true,"href":"https:\/\/www.europesays.com\/fi\/wp-json\/wp\/v2\/users\/2"}],"replies":[{"embeddable":true,"href":"https:\/\/www.europesays.com\/fi\/wp-json\/wp\/v2\/comments?post=50768"}],"version-history":[{"count":0,"href":"https:\/\/www.europesays.com\/fi\/wp-json\/wp\/v2\/posts\/50768\/revisions"}],"wp:featuredmedia":[{"embeddable":true,"href":"https:\/\/www.europesays.com\/fi\/wp-json\/wp\/v2\/media\/50769"}],"wp:attachment":[{"href":"https:\/\/www.europesays.com\/fi\/wp-json\/wp\/v2\/media?parent=50768"}],"wp:term":[{"taxonomy":"category","embeddable":true,"href":"https:\/\/www.europesays.com\/fi\/wp-json\/wp\/v2\/categories?post=50768"},{"taxonomy":"post_tag","embeddable":true,"href":"https:\/\/www.europesays.com\/fi\/wp-json\/wp\/v2\/tags?post=50768"}],"curies":[{"name":"wp","href":"https:\/\/api.w.org\/{rel}","templated":true}]}}