{"id":50772,"date":"2025-10-01T18:56:07","date_gmt":"2025-10-01T18:56:07","guid":{"rendered":"https:\/\/www.europesays.com\/fi\/50772\/"},"modified":"2025-10-01T18:56:07","modified_gmt":"2025-10-01T18:56:07","slug":"aimo-rasanen-kertoo-hurjasta-tyotahdista-yksi-terveysongelma-vaivaa","status":"publish","type":"post","link":"https:\/\/www.europesays.com\/fi\/50772\/","title":{"rendered":"Aimo R\u00e4s\u00e4nen kertoo hurjasta ty\u00f6tahdista \u2013 yksi terveysongelma vaivaa"},"content":{"rendered":"<p>Vaiva ei ole est\u00e4nyt ty\u00f6ntekoa.<\/p>\n<p class=\"article-body mb-nof-24 px-nof-16\">N\u00e4yttelij\u00e4 <a class=\"article-personlink\" href=\"https:\/\/www.is.fi\/haku\/?query=Aimo%20R%C3%A4s%C3%A4nen\" rel=\"nofollow noopener\" target=\"_blank\">Aimo R\u00e4s\u00e4nen<\/a>, 59, kertoo, ett\u00e4 h\u00e4nell\u00e4 on ollut koronapandemian j\u00e4lkeen ainoastaan yksi viikko lomaa.<\/p>\n<p class=\"article-body mb-nof-24 px-nof-16\">H\u00e4n n\u00e4yttelee itse t\u00e4ll\u00e4 hetkell\u00e4 kolmessa eri teatteriprojektissa ja myy tuotantoyhti\u00f6ns\u00e4 kautta useita teatteriesityksi\u00e4.<\/p>\n<p class=\"article-body mb-nof-24 px-nof-16\">\u2013 Hoidan sopimukset, aikataulutukset, rahaliikenteen, eli kollegoille keikkoja, R\u00e4s\u00e4nen luettelee Anna minun rakastaa enemm\u00e4n -elokuvan kutsuvierasn\u00e4yt\u00f6ksen punaisella matolla Helsingin Tennispalatsissa.<\/p>\n<p class=\"article-body mb-nof-24 px-nof-16\">\u2013 Sitten on jonkin verran ollut kuvaushommiakin t\u00e4ss\u00e4. Sanotaan nyt n\u00e4in, ett\u00e4 t\u00f6it\u00e4 on ollut v\u00e4hint\u00e4\u00e4nkin riitt\u00e4v\u00e4sti.<\/p>\n<p class=\"article-body mb-nof-24 px-nof-16\">R\u00e4s\u00e4nen kertoo jaksavansa kovasta ty\u00f6tahdista huolimatta hyvin.<\/p>\n<p class=\"article-body mb-nof-24 px-nof-16\">\u2013 T\u00e4ytyy muistaa, ett\u00e4 jos ottaa asioita hoitaakseen, niin ne on hoidettava. Ei t\u00e4ss\u00e4 mit\u00e4\u00e4n yli-ihmisi\u00e4 olla, mutta v\u00e4lill\u00e4 tietysti tuntuu, kun sunnuntai-iltana kymmenelt\u00e4 avaa l\u00e4pp\u00e4rin ja alkaa laskea palkkoja, ett\u00e4 voisi katsoa kympin uutiset ihan rauhassa, R\u00e4s\u00e4nen miettii.<\/p>\n<p class=\"article-body mb-nof-24 px-nof-16\">Koronapandemian aikana R\u00e4s\u00e4nen <a class=\"article-genericlink\" href=\"https:\/\/www.is.fi\/sm-liiga\/art-2000006649836.html\" rel=\"nofollow noopener\" target=\"_blank\">joutui viikoksi sairaalahoitoon<\/a>. H\u00e4n sairastui koronavirustaudin j\u00e4lkeen keuhkokuumeeseen, jota hoidettiin Tampereen yliopistollisessa sairaalassa.<\/p>\n<p class=\"article-body mb-nof-24 px-nof-16\">Nyt R\u00e4s\u00e4nen kertoo olevansa onnekas, sill\u00e4 mit\u00e4\u00e4n suuria terveyshuolia ei ole ollut.<\/p>\n<p class=\"article-body mb-nof-24 px-nof-16\">\u2013 Polvi v\u00e4h\u00e4n reistailee, R\u00e4s\u00e4nen kertoo ja jatkaa:<\/p>\n<p class=\"article-body mb-nof-24 px-nof-16\">\u2013 On tuossa tuki nyt. T\u00e4llainen se nyt on, mutta n\u00e4it\u00e4 nyt tulee.<\/p>\n<p class=\"article-body mb-nof-24 px-nof-16\">R\u00e4s\u00e4nen n\u00e4yttelee Anna minun rakastaa enemm\u00e4n -elokuvassa Sakarin roolia. R\u00e4s\u00e4nen kertoo, ett\u00e4 kutsuvierasn\u00e4yt\u00f6ksen j\u00e4lkeen n\u00e4yttelij\u00e4kaarti juhlistaa yhdess\u00e4 elokuvaa, mink\u00e4 j\u00e4lkeen h\u00e4n palaa iltajunalla takaisin Tampereelle.<\/p>\n<p class=\"article-body mb-nof-24 px-nof-16\">\u2013 Huomenna meill\u00e4 on ensin p\u00e4iv\u00e4ll\u00e4 yhden n\u00e4ytelm\u00e4n l\u00e4mmitysharjoitus ja illalla on esitys. Ty\u00f6t jatkuvat, h\u00e4n sanoo ja lis\u00e4\u00e4:<\/p>\n<p class=\"article-body mb-nof-24 px-nof-16\">\u2013 T\u00e4m\u00e4 oli viikon aika vapaailta, ett\u00e4 onneksi nyt sattui niin, ett\u00e4 p\u00e4\u00e4sin t\u00e4nne.<\/p>\n","protected":false},"excerpt":{"rendered":"Vaiva ei ole est\u00e4nyt ty\u00f6ntekoa. N\u00e4yttelij\u00e4 Aimo R\u00e4s\u00e4nen, 59, kertoo, ett\u00e4 h\u00e4nell\u00e4 on ollut koronapandemian j\u00e4lkeen ainoastaan yksi&hellip;\n","protected":false},"author":2,"featured_media":50773,"comment_status":"","ping_status":"","sticky":false,"template":"","format":"standard","meta":{"footnotes":""},"categories":[136],"tags":[407,137,33,31,30,34,408,32,109],"class_list":{"0":"post-50772","1":"post","2":"type-post","3":"status-publish","4":"format-standard","5":"has-post-thumbnail","7":"category-julkkikset","8":"tag-celebrities","9":"tag-entertainment","10":"tag-fi","11":"tag-finland","12":"tag-finnish","13":"tag-ilta-sanomat","14":"tag-julkkikset","15":"tag-suomi","16":"tag-viihde"},"share_on_mastodon":{"url":"","error":""},"_links":{"self":[{"href":"https:\/\/www.europesays.com\/fi\/wp-json\/wp\/v2\/posts\/50772","targetHints":{"allow":["GET"]}}],"collection":[{"href":"https:\/\/www.europesays.com\/fi\/wp-json\/wp\/v2\/posts"}],"about":[{"href":"https:\/\/www.europesays.com\/fi\/wp-json\/wp\/v2\/types\/post"}],"author":[{"embeddable":true,"href":"https:\/\/www.europesays.com\/fi\/wp-json\/wp\/v2\/users\/2"}],"replies":[{"embeddable":true,"href":"https:\/\/www.europesays.com\/fi\/wp-json\/wp\/v2\/comments?post=50772"}],"version-history":[{"count":0,"href":"https:\/\/www.europesays.com\/fi\/wp-json\/wp\/v2\/posts\/50772\/revisions"}],"wp:featuredmedia":[{"embeddable":true,"href":"https:\/\/www.europesays.com\/fi\/wp-json\/wp\/v2\/media\/50773"}],"wp:attachment":[{"href":"https:\/\/www.europesays.com\/fi\/wp-json\/wp\/v2\/media?parent=50772"}],"wp:term":[{"taxonomy":"category","embeddable":true,"href":"https:\/\/www.europesays.com\/fi\/wp-json\/wp\/v2\/categories?post=50772"},{"taxonomy":"post_tag","embeddable":true,"href":"https:\/\/www.europesays.com\/fi\/wp-json\/wp\/v2\/tags?post=50772"}],"curies":[{"name":"wp","href":"https:\/\/api.w.org\/{rel}","templated":true}]}}