{"id":50774,"date":"2025-10-01T18:58:07","date_gmt":"2025-10-01T18:58:07","guid":{"rendered":"https:\/\/www.europesays.com\/fi\/50774\/"},"modified":"2025-10-01T18:58:07","modified_gmt":"2025-10-01T18:58:07","slug":"kari-hotakaisen-uusi-naytelma-kirjamessut-eli-haastattelu-joka-meni-pain-helvettia-sai-ensi-illan-25-9-2025","status":"publish","type":"post","link":"https:\/\/www.europesays.com\/fi\/50774\/","title":{"rendered":"Kari Hotakaisen uusi n\u00e4ytelm\u00e4 Kirjamessut eli haastattelu joka meni p\u00e4in helvetti\u00e4 sai ensi-illan 25.9.2025"},"content":{"rendered":"<p class=\"article-body mb-nof-24 px-nof-16\">Puhelin h\u00e4lytt\u00e4\u00e4: tuut.<\/p>\n<p class=\"article-body mb-nof-24 px-nof-16\">On 24. syyskuuta, p\u00e4iv\u00e4 ennen Kari Hotakaisen uuden, kirjanakin julkaistun n\u00e4ytelm\u00e4n ensi-iltaa.<\/p>\n<p class=\"article-body mb-nof-24 px-nof-16\">Hotakainen: <a class=\"article-personlink\" href=\"https:\/\/www.hs.fi\/haku\/?query=Kari\" rel=\"nofollow noopener\" target=\"_blank\">Kari<\/a>.<\/p>\n<p class=\"article-body mb-nof-24 px-nof-16\">Toimittaja: Hei Kari ja hyv\u00e4\u00e4 huomenta.<\/p>\n<p class=\"article-body mb-nof-24 px-nof-16\">Hotakainen: Huomenta.<\/p>\n<p class=\"article-body mb-nof-24 px-nof-16\">Toimittaja: Menn\u00e4\u00e4n heti haastatteluun, jos sopii. Sinulta ilmestyi juuri uusi teos Kirjamessut eli haastattelu joka meni p\u00e4in helvetti\u00e4. Milt\u00e4 nyt tuntuu?<\/p>\n","protected":false},"excerpt":{"rendered":"Puhelin h\u00e4lytt\u00e4\u00e4: tuut. On 24. syyskuuta, p\u00e4iv\u00e4 ennen Kari Hotakaisen uuden, kirjanakin julkaistun n\u00e4ytelm\u00e4n ensi-iltaa. Hotakainen: Kari. Toimittaja:&hellip;\n","protected":false},"author":2,"featured_media":50775,"comment_status":"","ping_status":"","sticky":false,"template":"","format":"standard","meta":{"footnotes":""},"categories":[134],"tags":[377,137,33,31,30,46,378,32,109],"class_list":{"0":"post-50774","1":"post","2":"type-post","3":"status-publish","4":"format-standard","5":"has-post-thumbnail","7":"category-kirjat","8":"tag-books","9":"tag-entertainment","10":"tag-fi","11":"tag-finland","12":"tag-finnish","13":"tag-helsingin-sanomat","14":"tag-kirjat","15":"tag-suomi","16":"tag-viihde"},"share_on_mastodon":{"url":"","error":""},"_links":{"self":[{"href":"https:\/\/www.europesays.com\/fi\/wp-json\/wp\/v2\/posts\/50774","targetHints":{"allow":["GET"]}}],"collection":[{"href":"https:\/\/www.europesays.com\/fi\/wp-json\/wp\/v2\/posts"}],"about":[{"href":"https:\/\/www.europesays.com\/fi\/wp-json\/wp\/v2\/types\/post"}],"author":[{"embeddable":true,"href":"https:\/\/www.europesays.com\/fi\/wp-json\/wp\/v2\/users\/2"}],"replies":[{"embeddable":true,"href":"https:\/\/www.europesays.com\/fi\/wp-json\/wp\/v2\/comments?post=50774"}],"version-history":[{"count":0,"href":"https:\/\/www.europesays.com\/fi\/wp-json\/wp\/v2\/posts\/50774\/revisions"}],"wp:featuredmedia":[{"embeddable":true,"href":"https:\/\/www.europesays.com\/fi\/wp-json\/wp\/v2\/media\/50775"}],"wp:attachment":[{"href":"https:\/\/www.europesays.com\/fi\/wp-json\/wp\/v2\/media?parent=50774"}],"wp:term":[{"taxonomy":"category","embeddable":true,"href":"https:\/\/www.europesays.com\/fi\/wp-json\/wp\/v2\/categories?post=50774"},{"taxonomy":"post_tag","embeddable":true,"href":"https:\/\/www.europesays.com\/fi\/wp-json\/wp\/v2\/tags?post=50774"}],"curies":[{"name":"wp","href":"https:\/\/api.w.org\/{rel}","templated":true}]}}