{"id":50778,"date":"2025-10-01T19:03:10","date_gmt":"2025-10-01T19:03:10","guid":{"rendered":"https:\/\/www.europesays.com\/fi\/50778\/"},"modified":"2025-10-01T19:03:10","modified_gmt":"2025-10-01T19:03:10","slug":"intiimi-kuva-frida-karlsson-yhdistettiin-uuteen-mieheen","status":"publish","type":"post","link":"https:\/\/www.europesays.com\/fi\/50778\/","title":{"rendered":"Intiimi kuva \u2013 Frida Karlsson yhdistettiin uuteen mieheen"},"content":{"rendered":"<p>Frida Karlsson kuvailee parisuhdestatustaan hyv\u00e4ksi.<\/p>\n<p><img decoding=\"async\" class=\"image image-show image-preview\" src=\"https:\/\/www.europesays.com\/fi\/wp-content\/uploads\/2025\/10\/bb8fbcf93aee760d42914c314755876508060e305baa40608b79ce66d49d22e6.jpg\" alt=\"\"\/><img decoding=\"async\" class=\"image image-show\" src=\"https:\/\/www.europesays.com\/fi\/wp-content\/uploads\/2025\/10\/1759345388_523_bb8fbcf93aee760d42914c314755876508060e305baa40608b79ce66d49d22e6.jpg\" alt=\"\"\/><\/p>\n<p>Frida Karlsson valmistautuu olympiatalveen. PASI LIESIMAA<\/p>\n<p class=\"paragraph\">Ruotsin hiihtot\u00e4hti <strong>Frida Karlsson<\/strong>, 26, vastasi l\u00e4nsinaapurin iltap\u00e4iv\u00e4lehden Expressenin haastattelussa romanssihuhuihin.<\/p>\n<p class=\"paragraph\">Norjalainen TV2 nosti aiemmin verkkosivuillaan esille Karlssonin yhteiskuvat n\u00e4yttelij\u00e4 <strong>Pelle Holmstr\u00f6min<\/strong> kanssa. Sosiaalisen median perusteella kaksikko on viett\u00e4nyt huomiota her\u00e4tt\u00e4v\u00e4n paljon aikaa yhdess\u00e4.<\/p>\n<p class=\"paragraph\">\u2013\u2009Ei! Karlsson vastasi <a href=\"https:\/\/www.expressen.se\/sport\/langdskidor\/frida-karlsson-tillbakavisar-karleksryktet-han-ar-mer-chockad\/\" target=\"_blank\" rel=\"noopener nofollow\">Expressenil<\/a>le kysymykseen siit\u00e4, seurustelevatko h\u00e4n ja Holmstr\u00f6m.<\/p>\n<p class=\"paragraph\">Yhdess\u00e4 Holmstr\u00f6min julkaisemassa kuvassa Karlsson n\u00e4ytt\u00e4\u00e4 makaavan h\u00e4nen olkap\u00e4\u00e4t\u00e4\u00e4n vasten.<\/p>\n<p class=\"paragraph\">Karlssonin kerrotaan nauraneen kysymykselle ja sanoneen suoraan, ett\u00e4 tilanne on \u201dhyv\u00e4\u201d ja ett\u00e4 h\u00e4n on sinkku.<\/p>\n<p class=\"paragraph\">\u2013\u2009T\u00e4m\u00e4 kysymys tuntuu nousevan esiin joka kerta, kun otan kuvan miehen kanssa.<\/p>\n<p class=\"paragraph\">Karlsson oli aiemmin yhdess\u00e4 hiiht\u00e4j\u00e4 <strong>William Poromaan <\/strong>kanssa. Aiemmin t\u00e4n\u00e4 vuonna Karlsson yhdistettiin toiseen hiiht\u00e4j\u00e4\u00e4n <strong>Marcus Grateen<\/strong>. Nyt tuli Holmstr\u00f6m-tapaus.<\/p>\n<p class=\"paragraph\">\u2013\u2009Ymm\u00e4rr\u00e4n, ett\u00e4 sosiaalisesta mediasta voi vet\u00e4\u00e4 johtop\u00e4\u00e4t\u00f6ksi\u00e4. Olemme todella, todella hyvi\u00e4 yst\u00e4vi\u00e4.<\/p>\n<p class=\"paragraph\">Karlsson ja Holmstr\u00f6m ovat molemmat kotoisin Sollefte\u00e5n alueelta.<\/p>\n<p class=\"paragraph\">\u2013\u2009Arvelen, ett\u00e4 Pelle on huhuista enemm\u00e4n \u0161okissa kuin min\u00e4, Karlsson sanoi.<\/p>\n<p>Vainoaja<\/p>\n<p class=\"paragraph\">Karlsson <a href=\"https:\/\/www.expressen.se\/sport\/langdskidor\/frida-karlsson-bryter-tystnaden-om-sin-stalker-tvingas-flytta\/?utm_source=sdrn%3Avg%3Aarticle%3AeMAppy\" target=\"_blank\" rel=\"noopener nofollow\">kertoi<\/a> my\u00f6s muuttaneensa ja joutuneensa salaamaan tietojaan. Taustalla on tapaus, jossa kuusikymppinen mies vainosi Karlssonia ja sai t\u00e4st\u00e4 tuomion k\u00e4r\u00e4jill\u00e4.<\/p>\n<p class=\"paragraph\">Ruotsalaisen mukaan tapaus on vaikuttanut h\u00e4neen niin, ett\u00e4 h\u00e4n ei ole en\u00e4\u00e4 yht\u00e4 hyv\u00e4uskoinen.<\/p>\n<p class=\"paragraph\">\u2013\u2009Kasvoin aika suojaisasti, jos niin voi sanoa. En koskaan lukinnut autoa tai kotia. Olin naiivi ja hyv\u00e4uskoinen tytt\u00f6 pienest\u00e4 Sollefte\u00e5sta, Karlsson sanoi.<\/p>\n<p class=\"paragraph\">Kun vainoamistapaus oli p\u00e4\u00e4ll\u00e4, Karlsson asui p\u00e4tki\u00e4 kollegansa <strong>Linn Svahnin<\/strong> luona.<\/p>\n<p class=\"paragraph\">Nyt Karlsson ajattelee, ett\u00e4 kaikki tapahtunut on ehk\u00e4 vaikuttanut h\u00e4neen enemm\u00e4n kuin h\u00e4n aluksi ajatteli.<\/p>\n<p class=\"paragraph\">Molemmat osapuolet ovat valittaneet k\u00e4r\u00e4j\u00e4oikeuden p\u00e4\u00e4t\u00f6ksest\u00e4.<\/p>\n<p class=\"paragraph\">\u2013\u2009Minulle t\u00e4rkeint\u00e4 on, ett\u00e4 saan \u00e4\u00e4neni kuuluviin. Voin vain toivoa, ett\u00e4 vainoaja sai jotain ajateltavaa.<\/p>\n<p class=\"paragraph\">\u2013\u2009Loput j\u00e4t\u00e4n oikeusj\u00e4rjestelm\u00e4n hoidettavaksi ja toivon, ett\u00e4 h\u00e4n saa ansaitsemansa rangaistuksen.<\/p>\n<p><a href=\"https:\/\/www.iltalehti.fi\/telkku\/?utm_source=iltalehti.fi&amp;utm_medium=almainternal&amp;utm_campaign=urheilu_artikkelibanneri&amp;utm_content=banner_612_a\" rel=\"nofollow noopener\" target=\"_blank\"><img decoding=\"async\" src=\"https:\/\/www.europesays.com\/fi\/wp-content\/uploads\/2025\/08\/7ef604e47d46ca174b7df4149bd3557dbde56a86d520f8e1b2125548b0a2e03a.png\" alt=\"TV-ohjelmat t\u00e4n\u00e4\u00e4n, TV-opas\"\/><\/a><\/p>\n","protected":false},"excerpt":{"rendered":"Frida Karlsson kuvailee parisuhdestatustaan hyv\u00e4ksi. Frida Karlsson valmistautuu olympiatalveen. PASI LIESIMAA Ruotsin hiihtot\u00e4hti Frida Karlsson, 26, vastasi l\u00e4nsinaapurin&hellip;\n","protected":false},"author":2,"featured_media":50779,"comment_status":"","ping_status":"","sticky":false,"template":"","format":"standard","meta":{"footnotes":""},"categories":[158],"tags":[35,33,31,30,53,978,38,875,159,32,140,160],"class_list":{"0":"post-50778","1":"post","2":"type-post","3":"status-publish","4":"format-standard","5":"has-post-thumbnail","7":"category-urheilu","8":"tag-24h","9":"tag-fi","10":"tag-finland","11":"tag-finnish","12":"tag-laki-oikeus-ja-rikos","13":"tag-rikoksen-teko","14":"tag-rikos","15":"tag-seksi","16":"tag-sports","17":"tag-suomi","18":"tag-tv-ja-elokuvat","19":"tag-urheilu"},"share_on_mastodon":{"url":"","error":""},"_links":{"self":[{"href":"https:\/\/www.europesays.com\/fi\/wp-json\/wp\/v2\/posts\/50778","targetHints":{"allow":["GET"]}}],"collection":[{"href":"https:\/\/www.europesays.com\/fi\/wp-json\/wp\/v2\/posts"}],"about":[{"href":"https:\/\/www.europesays.com\/fi\/wp-json\/wp\/v2\/types\/post"}],"author":[{"embeddable":true,"href":"https:\/\/www.europesays.com\/fi\/wp-json\/wp\/v2\/users\/2"}],"replies":[{"embeddable":true,"href":"https:\/\/www.europesays.com\/fi\/wp-json\/wp\/v2\/comments?post=50778"}],"version-history":[{"count":0,"href":"https:\/\/www.europesays.com\/fi\/wp-json\/wp\/v2\/posts\/50778\/revisions"}],"wp:featuredmedia":[{"embeddable":true,"href":"https:\/\/www.europesays.com\/fi\/wp-json\/wp\/v2\/media\/50779"}],"wp:attachment":[{"href":"https:\/\/www.europesays.com\/fi\/wp-json\/wp\/v2\/media?parent=50778"}],"wp:term":[{"taxonomy":"category","embeddable":true,"href":"https:\/\/www.europesays.com\/fi\/wp-json\/wp\/v2\/categories?post=50778"},{"taxonomy":"post_tag","embeddable":true,"href":"https:\/\/www.europesays.com\/fi\/wp-json\/wp\/v2\/tags?post=50778"}],"curies":[{"name":"wp","href":"https:\/\/api.w.org\/{rel}","templated":true}]}}