{"id":50792,"date":"2025-10-01T19:23:10","date_gmt":"2025-10-01T19:23:10","guid":{"rendered":"https:\/\/www.europesays.com\/fi\/50792\/"},"modified":"2025-10-01T19:23:10","modified_gmt":"2025-10-01T19:23:10","slug":"tiesitko-paperin-taipuvan-myos-tallaiseen-saksalaistaiteilija-repii-arkisesta-materiaalista-veistoksia-jotka-tayttavat-nyt-kajaanin-taidemuseon","status":"publish","type":"post","link":"https:\/\/www.europesays.com\/fi\/50792\/","title":{"rendered":"Tiesitk\u00f6 paperin taipuvan my\u00f6s t\u00e4llaiseen? Saksalaistaiteilija repii arkisesta materiaalista veistoksia, jotka t\u00e4ytt\u00e4v\u00e4t nyt Kajaanin taidemuseon"},"content":{"rendered":"<p>                                  Kulttuuri<\/p>\n<p>                <img loading=\"lazy\" decoding=\"async\" itemprop=\"contentUrl\" class=\"figure-img img-fluid\"  src=\"https:\/\/www.europesays.com\/fi\/wp-content\/uploads\/2025\/10\/1759346589_400_imengine.public.prod.hil.infomaker.io\" width=\"4080\" height=\"2295\"  alt=\"\"\/><\/p>\n<p>                                    Angela Glajcarin mielest\u00e4 h\u00e4nen teoksensa sopivat hyvin Kajaaniin, miss\u00e4 paperitehdas tuotti vuoteen 2008 saakka paperia maailmanmarkkinoille. \u201dTeill\u00e4 on historiaa paperin ja luonnon kanssa. Ne molemmat vaikuttavat t\u00f6ihini\u201d, h\u00e4n sanoo. Taustalla oleva paperiteos kuuluu Glajcarin Terforation-sarjaan, jonka onkalomaisten t\u00f6iden parissa h\u00e4n on ty\u00f6skennellyt vuodesta 2006 l\u00e4htien.<br \/>\n                                                    Kuva:<br \/>\n                    Katja Mabrouk<\/p>\n<p>      MAINOS &#8211; juttu jatkuu mainoksen j\u00e4lkeen<\/p>\n<p>      MAINOS &#8211; mainos p\u00e4\u00e4ttyy<\/p>\n<p class=\"ew-body\">Kajaanin taidemuseon uusi n\u00e4yttely on jotain sellaista, mit\u00e4 siell\u00e4 ei ole ennen n\u00e4hty.<\/p>\n<p class=\"ew-body\">Omaper\u00e4ist\u00e4 taidetta paperista tekev\u00e4n <strong id=\"strong-a4ae064547d4444f822cc5766e0f68b7\">Angela Glajcarin<\/strong> The Way of Paper on saksalaistaiteilijan ensimm\u00e4inen n\u00e4yttely Suomessa, ja ennen Kajaania se on ollut esill\u00e4 ainoastaan Imatran taidemuseossa.<\/p>\n<p class=\"ew-body\">Glajcar luo eri<\/p>\n<p>  <a class=\"btn btn-secondary btn-icon-left\" href=\"#coral_thread\"><br \/>\n    <img decoding=\"async\" src=\"https:\/\/www.kainuunsanomat.fi\/wp-content\/themes\/hilla-theme\/assets\/img\/icon_comments.svg\" alt=\"\"\/><br \/>\n    Kommentoi<br \/>\n  <\/a><\/p>\n<p>  <a class=\"btn btn-secondary btn-icon-left mailto_web\" href=\"mailto:toimitus@kainuunsanomat.fi?subject=Ilmoita%20asiavirheest%C3%A4&amp;body=Otsikko%3A%20Tiesitk%C3%B6%20paperin%20taipuvan%20my%C3%B6s%20t%C3%A4llaiseen%3F%20Saksalaistaiteilija%20repii%20arkisesta%20materiaalista%20veistoksia%2C%20jotka%20t%C3%A4ytt%C3%A4v%C3%A4t%20nyt%20Kajaanin%20taidemuseon%0AUuid%3A%2009b4f9f4-0aa8-4d67-b7b1-4d7c60917cd4%0AUrl%3A%20https%3A%2F%2Fwww.kainuunsanomat.fi%2Fartikkeli%2Ftiesitko-paperin-taipuvan-myos-tallaiseen-saksalaistaiteilija-repii-arkisesta-materiaalista-veistok\"><br \/>\n    <img decoding=\"async\" src=\"https:\/\/www.kainuunsanomat.fi\/wp-content\/themes\/hilla-theme\/assets\/img\/icon_feedback.svg\" alt=\"\"\/><br \/>\n    Ilmoita asiavirheest\u00e4<br \/>\n  <\/a><\/p>\n","protected":false},"excerpt":{"rendered":"Kulttuuri Angela Glajcarin mielest\u00e4 h\u00e4nen teoksensa sopivat hyvin Kajaaniin, miss\u00e4 paperitehdas tuotti vuoteen 2008 saakka paperia maailmanmarkkinoille. \u201dTeill\u00e4&hellip;\n","protected":false},"author":2,"featured_media":50793,"comment_status":"","ping_status":"","sticky":false,"template":"","format":"standard","meta":{"footnotes":""},"categories":[135],"tags":[389,387,388,390,137,33,31,30,32,394,393,391,392,109],"class_list":{"0":"post-50792","1":"post","2":"type-post","3":"status-publish","4":"format-standard","5":"has-post-thumbnail","7":"category-taiteet-ja-suunnittelu","8":"tag-arts","9":"tag-arts-and-design","10":"tag-artsanddesign","11":"tag-design","12":"tag-entertainment","13":"tag-fi","14":"tag-finland","15":"tag-finnish","16":"tag-suomi","17":"tag-suunnittelu","18":"tag-taiteet","19":"tag-taiteet-ja-suunnittelu","20":"tag-taiteetsuunnittelu","21":"tag-viihde"},"share_on_mastodon":{"url":"","error":""},"_links":{"self":[{"href":"https:\/\/www.europesays.com\/fi\/wp-json\/wp\/v2\/posts\/50792","targetHints":{"allow":["GET"]}}],"collection":[{"href":"https:\/\/www.europesays.com\/fi\/wp-json\/wp\/v2\/posts"}],"about":[{"href":"https:\/\/www.europesays.com\/fi\/wp-json\/wp\/v2\/types\/post"}],"author":[{"embeddable":true,"href":"https:\/\/www.europesays.com\/fi\/wp-json\/wp\/v2\/users\/2"}],"replies":[{"embeddable":true,"href":"https:\/\/www.europesays.com\/fi\/wp-json\/wp\/v2\/comments?post=50792"}],"version-history":[{"count":0,"href":"https:\/\/www.europesays.com\/fi\/wp-json\/wp\/v2\/posts\/50792\/revisions"}],"wp:featuredmedia":[{"embeddable":true,"href":"https:\/\/www.europesays.com\/fi\/wp-json\/wp\/v2\/media\/50793"}],"wp:attachment":[{"href":"https:\/\/www.europesays.com\/fi\/wp-json\/wp\/v2\/media?parent=50792"}],"wp:term":[{"taxonomy":"category","embeddable":true,"href":"https:\/\/www.europesays.com\/fi\/wp-json\/wp\/v2\/categories?post=50792"},{"taxonomy":"post_tag","embeddable":true,"href":"https:\/\/www.europesays.com\/fi\/wp-json\/wp\/v2\/tags?post=50792"}],"curies":[{"name":"wp","href":"https:\/\/api.w.org\/{rel}","templated":true}]}}