{"id":50794,"date":"2025-10-01T19:24:08","date_gmt":"2025-10-01T19:24:08","guid":{"rendered":"https:\/\/www.europesays.com\/fi\/50794\/"},"modified":"2025-10-01T19:24:08","modified_gmt":"2025-10-01T19:24:08","slug":"rakastettu-nayttelija-kertoo-kiehtovan-elamantarinansa","status":"publish","type":"post","link":"https:\/\/www.europesays.com\/fi\/50794\/","title":{"rendered":"Rakastettu n\u00e4yttelij\u00e4 kertoo kiehtovan el\u00e4m\u00e4ntarinansa"},"content":{"rendered":"<p><strong><\/p>\n<p>Kasvot ovat tutut, ja niin on \u00e4\u00e4nikin. Mieleen nousee monta rakastettua hahmoa: Nalle Puh, Tiivi-Taavi, Alfred J. Kwak ja Salkkareiden Seppo. Kyseess\u00e4 on tietysti satojen roolien mies, n\u00e4yttelij\u00e4 <strong>Jarmo Koski<\/strong>, joka nyt kertoo ensimm\u00e4ist\u00e4 kertaa koko tarinansa kirjassa Salattu el\u00e4m\u00e4ni.<\/p>\n<p><\/strong><\/p>\n<p>Kirja\u00a0Jarmo Koski: Salattu el\u00e4m\u00e4ni avaa oven niin n\u00e4ytt\u00e4m\u00f6n kuin kameran taakse. Koski muistelee lapsuuttaan, joka katkesi varhain is\u00e4n kuolemaan, sek\u00e4 tarinoiden ja mielikuvituksen tarjoamaa suojaa el\u00e4m\u00e4n muutosten keskell\u00e4. H\u00e4n kertoo teatterin vuosistaan, lukuisista rooleistaan ja rakkaudestaan lastenkulttuuriin.<\/p>\n<p>Suuri osa teoksesta k\u00e4sittelee my\u00f6s televisiota ja erityisesti Salattuja el\u00e4mi\u00e4. P\u00e4ivitt\u00e4issarjan alkuvuodet toivat mukanaan uudenlaisen kuvausrytmin ja koko kansan julkisuuden. Monille Jarmosta tuli pysyv\u00e4sti Seppo, mutta mit\u00e4 se merkitsi ammattilaiselle? Ja j\u00e4ik\u00f6 jokin muu t\u00e4rke\u00e4 rooli saavuttamatta?<\/p>\n<p>Kirja pohtii my\u00f6s kysymyksi\u00e4, jotka koskettavat meit\u00e4 kaikkia: voiko uraa tai el\u00e4m\u00e4\u00e4 suunnitella, milt\u00e4 tehdyt valinnat n\u00e4ytt\u00e4v\u00e4t my\u00f6hemmin \u2013 ja mik\u00e4 saa seitsenkymppisen n\u00e4yttelij\u00e4n jatkamaan samalla innolla.<\/p>\n<p>Kirjailija taustalla<\/p>\n<p>Teoksen on kirjoittanut <strong>Sanna Kajander-Ruuth<\/strong>, helsinkil\u00e4inen tietokirjailija ja toimittaja, joka on perehtynyt l\u00e4hi- ja mikrohistoriaan ja kirjoittanut paljon syv\u00e4llisi\u00e4 henkil\u00f6kuvia. H\u00e4n on erityisen kiinnostunut tarinoista, joita ei ole aiemmin kerrottu \u2013 juuri sellaisesta, jonka Jarmo Koski nyt tuo yleis\u00f6n eteen.<\/p>\n<p><strong>Jarmo Koski: Salattu el\u00e4m\u00e4ni ilmestyy t\u00e4n\u00e4\u00e4n. Arvostelukappaleen tai lehdist\u00f6-PDF:n voi tilata minulta.<\/strong><\/p>\n","protected":false},"excerpt":{"rendered":"Kasvot ovat tutut, ja niin on \u00e4\u00e4nikin. Mieleen nousee monta rakastettua hahmoa: Nalle Puh, Tiivi-Taavi, Alfred J. Kwak&hellip;\n","protected":false},"author":2,"featured_media":50795,"comment_status":"","ping_status":"","sticky":false,"template":"","format":"standard","meta":{"footnotes":""},"categories":[134],"tags":[377,137,33,31,30,378,32,109],"class_list":{"0":"post-50794","1":"post","2":"type-post","3":"status-publish","4":"format-standard","5":"has-post-thumbnail","7":"category-kirjat","8":"tag-books","9":"tag-entertainment","10":"tag-fi","11":"tag-finland","12":"tag-finnish","13":"tag-kirjat","14":"tag-suomi","15":"tag-viihde"},"share_on_mastodon":{"url":"","error":""},"_links":{"self":[{"href":"https:\/\/www.europesays.com\/fi\/wp-json\/wp\/v2\/posts\/50794","targetHints":{"allow":["GET"]}}],"collection":[{"href":"https:\/\/www.europesays.com\/fi\/wp-json\/wp\/v2\/posts"}],"about":[{"href":"https:\/\/www.europesays.com\/fi\/wp-json\/wp\/v2\/types\/post"}],"author":[{"embeddable":true,"href":"https:\/\/www.europesays.com\/fi\/wp-json\/wp\/v2\/users\/2"}],"replies":[{"embeddable":true,"href":"https:\/\/www.europesays.com\/fi\/wp-json\/wp\/v2\/comments?post=50794"}],"version-history":[{"count":0,"href":"https:\/\/www.europesays.com\/fi\/wp-json\/wp\/v2\/posts\/50794\/revisions"}],"wp:featuredmedia":[{"embeddable":true,"href":"https:\/\/www.europesays.com\/fi\/wp-json\/wp\/v2\/media\/50795"}],"wp:attachment":[{"href":"https:\/\/www.europesays.com\/fi\/wp-json\/wp\/v2\/media?parent=50794"}],"wp:term":[{"taxonomy":"category","embeddable":true,"href":"https:\/\/www.europesays.com\/fi\/wp-json\/wp\/v2\/categories?post=50794"},{"taxonomy":"post_tag","embeddable":true,"href":"https:\/\/www.europesays.com\/fi\/wp-json\/wp\/v2\/tags?post=50794"}],"curies":[{"name":"wp","href":"https:\/\/api.w.org\/{rel}","templated":true}]}}