{"id":50798,"date":"2025-10-01T19:30:09","date_gmt":"2025-10-01T19:30:09","guid":{"rendered":"https:\/\/www.europesays.com\/fi\/50798\/"},"modified":"2025-10-01T19:30:09","modified_gmt":"2025-10-01T19:30:09","slug":"mita-oikein-tapahtuu-pamela-andersonin-ulkonakoon-suuri-muutos","status":"publish","type":"post","link":"https:\/\/www.europesays.com\/fi\/50798\/","title":{"rendered":"Mit\u00e4 oikein tapahtuu? Pamela Andersonin ulkon\u00e4k\u00f6\u00f6n suuri muutos"},"content":{"rendered":"<p>Pamela Anderson juhli Pariisin muotiviikolla uudessa lookissa.<\/p>\n<p><img decoding=\"async\" class=\"image image-show image-preview\" src=\"https:\/\/www.europesays.com\/fi\/wp-content\/uploads\/2025\/10\/40d8f60bb3b93f3457458256b1950e64411d7401398bef33e39bebd52be567d2.jpg\" alt=\"\"\/><img decoding=\"async\" class=\"image image-show\" src=\"https:\/\/www.europesays.com\/fi\/wp-content\/uploads\/2025\/10\/1759347008_624_40d8f60bb3b93f3457458256b1950e64411d7401398bef33e39bebd52be567d2.jpg\" alt=\"\"\/><\/p>\n<p>Pamela Anderson on hyl\u00e4nnyt superlaitetun ulkomuotonsa. Nyt saivat kyyti\u00e4 my\u00f6s vaaleat kutrit. EPA \/ AOP<\/p>\n<p class=\"paragraph\">90-luvun ikoninen platinablondi <strong>Pamela Anderson<\/strong> palasi pari vuotta sitten julkisuuteen hiljaiselon j\u00e4lkeen muuttuneena naisena. Aiemmin viimeisen p\u00e4\u00e4lle laitettu nainen asteli valokeilaan l\u00e4hes meikitt\u00f6min kasvoin ja pitk\u00e4t hiukset p\u00e4tk\u00e4istyn\u00e4 polkkatukaksi. Uusi tyyli hurmasi yleis\u00f6n jo silloin.<\/p>\n<p class=\"paragraph\">Nyt Anderson on ottanut uuden tyyliaskelen eteenp\u00e4in. N\u00e4yttelij\u00e4 ilmestyi eilen tiistaina muotilehti Voguen juhliin Pariisin muotiviikoilla syksyyn sopivasti kuparinpunaisissa hiuksissa.<\/p>\n<p class=\"paragraph\">Jos alla oleva Instagram-upotus ei n\u00e4y, n\u00e4et kuvan uudesta tyylist\u00e4 <a href=\"https:\/\/www.instagram.com\/p\/DPOaXbaiC5j\/?utm_source=ig_embed&amp;img_index=1\" target=\"_blank\" rel=\"noopener nofollow\">t\u00e4\u00e4lt\u00e4<\/a>.<\/p>\n<p class=\"paragraph\">Punaiseksi v\u00e4rj\u00e4tyt hiukset ovat saaneet my\u00f6s niin kutsutun boyfriend bob -kampauksen, johon kuuluu rikottu leikkaus, hieman ep\u00e4symmetrinen otsatukka ja pehme\u00e4t laineet, jotka luovat huolettoman, luonnollisen ilmeen. Andersonin v\u00e4rj\u00e4yksen kaltainen juuresta tummempi punainen ja latvoista pehme\u00e4mpi kanelin s\u00e4vyinen v\u00e4rj\u00e4ystyyli on eritt\u00e4in ajankohtainen juuri t\u00e4n\u00e4 syksyn\u00e4.<\/p>\n<p class=\"paragraph\">Instagramissa kommentoineiden keskuudessa uusi kampaus sai innostuneen vastaanoton.<\/p>\n<p class=\"paragraph\">\u2013 Hyv\u00e4nen aika! H\u00e4n n\u00e4ytt\u00e4\u00e4 niin ajattomalta, v\u00e4ri on t\u00e4ydellinen ja leikkaus antaa kyps\u00e4n lookin.<\/p>\n<p class=\"paragraph\">\u2013 Ehdoton KYLL\u00c4 uudelle v\u00e4rille ja leikkaukselle, rakastan!<\/p>\n<p class=\"paragraph\">\u2013 Nuorempi ja raikkaampi tyyli. H\u00e4n on kaunotar tyylist\u00e4 riippumatta, mutta t\u00e4m\u00e4 saa h\u00e4net n\u00e4ytt\u00e4m\u00e4\u00e4n 20 vuotta nuoremmalta.<\/p>\n<p class=\"paragraph\">\u2013 H\u00e4n n\u00e4ytt\u00e4\u00e4 aidolta punap\u00e4\u00e4lt\u00e4, s\u00e4vy sopii ihon s\u00e4vyyn niin hyvin.<\/p>\n<p class=\"paragraph\">Uusi tyyli on tiett\u00e4v\u00e4sti stylisti <strong>John Nolletin<\/strong> k\u00e4sialaa ja liittyy Andersonin t\u00e4m\u00e4nhetkiseen elokuvaprojektiin Love is not the answer.<\/p>\n<p class=\"paragraph\">Uuden kampauksen lis\u00e4ksi Andersonin asuun kuului elegantti, luonnonvalkoisesta silkist\u00e4 valmistettu minimalistinen iltapuku.<\/p>\n<p class=\"paragraph\">Asiasta kirjoitti muun muassa <a href=\"https:\/\/www.marieclaire.com\/beauty\/hair\/pamela-anderson-copper-red-hair\/\" target=\"_blank\" rel=\"noopener nofollow\">Marie Claire<\/a> -lehti.<\/p>\n<p><script async src=\"\/\/www.instagram.com\/embed.js\"><\/script><\/p>\n","protected":false},"excerpt":{"rendered":"Pamela Anderson juhli Pariisin muotiviikolla uudessa lookissa. Pamela Anderson on hyl\u00e4nnyt superlaitetun ulkomuotonsa. Nyt saivat kyyti\u00e4 my\u00f6s vaaleat&hellip;\n","protected":false},"author":2,"featured_media":50799,"comment_status":"","ping_status":"","sticky":false,"template":"","format":"standard","meta":{"footnotes":""},"categories":[130],"tags":[137,33,31,30,876,1390,106,3013,47,32,485,109],"class_list":{"0":"post-50798","1":"post","2":"type-post","3":"status-publish","4":"format-standard","5":"has-post-thumbnail","7":"category-viihde","8":"tag-entertainment","9":"tag-fi","10":"tag-finland","11":"tag-finnish","12":"tag-fyysinen-kauneus","13":"tag-kuukausi","14":"tag-muoti","15":"tag-muotisuunnittelu","16":"tag-musiikki","17":"tag-suomi","18":"tag-taide-yleista","19":"tag-viihde"},"share_on_mastodon":{"url":"","error":""},"_links":{"self":[{"href":"https:\/\/www.europesays.com\/fi\/wp-json\/wp\/v2\/posts\/50798","targetHints":{"allow":["GET"]}}],"collection":[{"href":"https:\/\/www.europesays.com\/fi\/wp-json\/wp\/v2\/posts"}],"about":[{"href":"https:\/\/www.europesays.com\/fi\/wp-json\/wp\/v2\/types\/post"}],"author":[{"embeddable":true,"href":"https:\/\/www.europesays.com\/fi\/wp-json\/wp\/v2\/users\/2"}],"replies":[{"embeddable":true,"href":"https:\/\/www.europesays.com\/fi\/wp-json\/wp\/v2\/comments?post=50798"}],"version-history":[{"count":0,"href":"https:\/\/www.europesays.com\/fi\/wp-json\/wp\/v2\/posts\/50798\/revisions"}],"wp:featuredmedia":[{"embeddable":true,"href":"https:\/\/www.europesays.com\/fi\/wp-json\/wp\/v2\/media\/50799"}],"wp:attachment":[{"href":"https:\/\/www.europesays.com\/fi\/wp-json\/wp\/v2\/media?parent=50798"}],"wp:term":[{"taxonomy":"category","embeddable":true,"href":"https:\/\/www.europesays.com\/fi\/wp-json\/wp\/v2\/categories?post=50798"},{"taxonomy":"post_tag","embeddable":true,"href":"https:\/\/www.europesays.com\/fi\/wp-json\/wp\/v2\/tags?post=50798"}],"curies":[{"name":"wp","href":"https:\/\/api.w.org\/{rel}","templated":true}]}}