{"id":50804,"date":"2025-10-01T19:34:08","date_gmt":"2025-10-01T19:34:08","guid":{"rendered":"https:\/\/www.europesays.com\/fi\/50804\/"},"modified":"2025-10-01T19:34:08","modified_gmt":"2025-10-01T19:34:08","slug":"jane-goodall-on-kuollut","status":"publish","type":"post","link":"https:\/\/www.europesays.com\/fi\/50804\/","title":{"rendered":"Jane Goodall on kuollut"},"content":{"rendered":"<p>Goodall tunnettiin simpanssitutkijana ja el\u00e4insuojelijana.<\/p>\n<p><img decoding=\"async\" class=\"image image-show image-preview\" src=\"https:\/\/www.europesays.com\/fi\/wp-content\/uploads\/2025\/10\/28152467c26b62e86c806ee58539162e131144f385172e47b2056c9cbca96d55.jpg\" alt=\"\"\/><img decoding=\"async\" class=\"image image-show\" src=\"https:\/\/www.europesays.com\/fi\/wp-content\/uploads\/2025\/10\/1759347248_728_28152467c26b62e86c806ee58539162e131144f385172e47b2056c9cbca96d55.jpg\" alt=\"\"\/><\/p>\n<p>Jane Goodall oli 91-vuotias. AOP<\/p>\n<p class=\"paragraph\">Simpanssitutkimuksestaan tunnettu <strong>Jane Goodall<\/strong> on kuollut, kertovat useat mediat, muun muassa <a href=\"https:\/\/www.nbcnews.com\/news\/obituaries\/dr-jane-goodall-legendary-animal-rights-advocate-dies-91-rcna235001\" target=\"_blank\" rel=\"noopener nofollow\">NBC<\/a>.<\/p>\n<p class=\"paragraph\">Goodallin itsens\u00e4 perustaman Jane Goodall Instituten tiedotteen mukaan Goodall kuoli luonnollisesta syyst\u00e4. H\u00e4n oli 91-vuotias.<\/p>\n<p class=\"paragraph\">Goodall alkoi tutkimaan simpansseja 60-luvulla Tansaniassa. H\u00e4n tutki ensimm\u00e4isten joukossa muun muassa simpanssien ty\u00f6kalujenk\u00e4ytt\u00f6\u00e4, kommunikointia ja sosiaalista kanssak\u00e4ymist\u00e4 eri tiedelehdiss\u00e4.<\/p>\n<p>Jane Goodall kuvattuna ammatissaan eli simpanssien parissa. Alamy<\/p>\n<p class=\"paragraph\">Goodallin tutkimusty\u00f6 viitoitti tiet\u00e4 tulevalle k\u00e4dellistutkimukselle, NBC kirjoittaa. Tutkimuksen lis\u00e4ksi Goodall ty\u00f6skenteli my\u00f6s simpanssien suojelun parissa.<\/p>\n<p class=\"paragraph\">Goodall kuoli Kalifornian osavaltiossa Yhdysvalloissa puhujakiertueensa aikana.<\/p>\n<p>Goodall alkoi tutkimaan simpansseja 60-luvulla Tansaniassa. Reuters<\/p>\n","protected":false},"excerpt":{"rendered":"Goodall tunnettiin simpanssitutkijana ja el\u00e4insuojelijana. Jane Goodall oli 91-vuotias. AOP Simpanssitutkimuksestaan tunnettu Jane Goodall on kuollut, kertovat useat&hellip;\n","protected":false},"author":2,"featured_media":50805,"comment_status":"","ping_status":"","sticky":false,"template":"","format":"standard","meta":{"footnotes":""},"categories":[14],"tags":[35,722,22,23,404,26,27,33,31,30,17,24,25,72,28,29,15,18,21,32,19,20,56,16,59,60,61,1638,534],"class_list":{"0":"post-50804","1":"post","2":"type-post","3":"status-publish","4":"format-standard","5":"has-post-thumbnail","7":"category-ulkomaat","8":"tag-24h","9":"tag-amerikka","10":"tag-breaking-news","11":"tag-breakingnews","12":"tag-elaimet","13":"tag-featured-news","14":"tag-featurednews","15":"tag-fi","16":"tag-finland","17":"tag-finnish","18":"tag-headlines","19":"tag-latest-news","20":"tag-latestnews","21":"tag-luonto","22":"tag-main-news","23":"tag-mainnews","24":"tag-news","25":"tag-otsikot","26":"tag-paauutiset","27":"tag-suomi","28":"tag-top-stories","29":"tag-topstories","30":"tag-ulkomaat","31":"tag-uutiset","32":"tag-world","33":"tag-world-news","34":"tag-worldnews","35":"tag-yhdysvaltojen-osavaltiot","36":"tag-ymparisto-ja-luonto"},"share_on_mastodon":{"url":"","error":""},"_links":{"self":[{"href":"https:\/\/www.europesays.com\/fi\/wp-json\/wp\/v2\/posts\/50804","targetHints":{"allow":["GET"]}}],"collection":[{"href":"https:\/\/www.europesays.com\/fi\/wp-json\/wp\/v2\/posts"}],"about":[{"href":"https:\/\/www.europesays.com\/fi\/wp-json\/wp\/v2\/types\/post"}],"author":[{"embeddable":true,"href":"https:\/\/www.europesays.com\/fi\/wp-json\/wp\/v2\/users\/2"}],"replies":[{"embeddable":true,"href":"https:\/\/www.europesays.com\/fi\/wp-json\/wp\/v2\/comments?post=50804"}],"version-history":[{"count":0,"href":"https:\/\/www.europesays.com\/fi\/wp-json\/wp\/v2\/posts\/50804\/revisions"}],"wp:featuredmedia":[{"embeddable":true,"href":"https:\/\/www.europesays.com\/fi\/wp-json\/wp\/v2\/media\/50805"}],"wp:attachment":[{"href":"https:\/\/www.europesays.com\/fi\/wp-json\/wp\/v2\/media?parent=50804"}],"wp:term":[{"taxonomy":"category","embeddable":true,"href":"https:\/\/www.europesays.com\/fi\/wp-json\/wp\/v2\/categories?post=50804"},{"taxonomy":"post_tag","embeddable":true,"href":"https:\/\/www.europesays.com\/fi\/wp-json\/wp\/v2\/tags?post=50804"}],"curies":[{"name":"wp","href":"https:\/\/api.w.org\/{rel}","templated":true}]}}