{"id":50806,"date":"2025-10-01T19:35:07","date_gmt":"2025-10-01T19:35:07","guid":{"rendered":"https:\/\/www.europesays.com\/fi\/50806\/"},"modified":"2025-10-01T19:35:07","modified_gmt":"2025-10-01T19:35:07","slug":"liikenne-rantaradalla-keskeytyi-kirkkonummella-henkilovahingon-vuoksi","status":"publish","type":"post","link":"https:\/\/www.europesays.com\/fi\/50806\/","title":{"rendered":"Liikenne rantaradalla keskeytyi Kirkkonummella henkil\u00f6vahingon vuoksi"},"content":{"rendered":"<p>Onnettomuudet|Kaukojunaliikenteen lis\u00e4ksi onnettomuudella oli vaikutusta my\u00f6s l\u00e4hijunaliikenteeseen.<\/p>\n<p class=\"article-body mb-nof-24 px-nof-16\">Helsingin ja Turun v\u00e4lisell\u00e4 rantaradalla on liikenne keskeytynyt Kirkkonummella henkil\u00f6vahingon vuoksi. VR kertoo <a class=\"article-genericlink\" href=\"https:\/\/www.vr.fi\/radalla\/poikkeustilanteet\" rel=\"nofollow noopener\" target=\"_blank\">verkkosivuillaan<\/a>, ett\u00e4 intercityjuna 968 my\u00f6h\u00e4styy aikataulustaan puolesta tunnista tuntiin.<\/p>\n<p class=\"article-body mb-nof-24 px-nof-16\">Tarkempi onnettomuuspaikka on Kirkkonummen Luomankujalla Masalan ja Espoon Kauklahden asemien v\u00e4lill\u00e4.<\/p>\n<p class=\"article-body mb-nof-24 px-nof-16\">Kaukojunaliikenteen lis\u00e4ksi onnettomuudella oli vaikutusta my\u00f6s l\u00e4hijunaliikenteeseen Kirkkonummella. Ennen iltayhdeks\u00e4\u00e4 l\u00e4hijunat alkoivat kulkea j\u00e4lleen onnettomuuspaikan ohi.<\/p>\n<p class=\"article-body mb-nof-24 px-nof-16\">Onnettomuus tapahtui keskiviikkoiltana kahdeksan j\u00e4lkeen.<\/p>\n","protected":false},"excerpt":{"rendered":"Onnettomuudet|Kaukojunaliikenteen lis\u00e4ksi onnettomuudella oli vaikutusta my\u00f6s l\u00e4hijunaliikenteeseen. Helsingin ja Turun v\u00e4lisell\u00e4 rantaradalla on liikenne keskeytynyt Kirkkonummella henkil\u00f6vahingon vuoksi.&hellip;\n","protected":false},"author":2,"featured_media":83,"comment_status":"","ping_status":"","sticky":false,"template":"","format":"standard","meta":{"footnotes":""},"categories":[12],"tags":[22,23,26,27,33,31,30,17,46,24,25,28,29,15,18,21,32,19,20,16],"class_list":{"0":"post-50806","1":"post","2":"type-post","3":"status-publish","4":"format-standard","5":"has-post-thumbnail","7":"category-suomi","8":"tag-breaking-news","9":"tag-breakingnews","10":"tag-featured-news","11":"tag-featurednews","12":"tag-fi","13":"tag-finland","14":"tag-finnish","15":"tag-headlines","16":"tag-helsingin-sanomat","17":"tag-latest-news","18":"tag-latestnews","19":"tag-main-news","20":"tag-mainnews","21":"tag-news","22":"tag-otsikot","23":"tag-paauutiset","24":"tag-suomi","25":"tag-top-stories","26":"tag-topstories","27":"tag-uutiset"},"share_on_mastodon":{"url":"","error":""},"_links":{"self":[{"href":"https:\/\/www.europesays.com\/fi\/wp-json\/wp\/v2\/posts\/50806","targetHints":{"allow":["GET"]}}],"collection":[{"href":"https:\/\/www.europesays.com\/fi\/wp-json\/wp\/v2\/posts"}],"about":[{"href":"https:\/\/www.europesays.com\/fi\/wp-json\/wp\/v2\/types\/post"}],"author":[{"embeddable":true,"href":"https:\/\/www.europesays.com\/fi\/wp-json\/wp\/v2\/users\/2"}],"replies":[{"embeddable":true,"href":"https:\/\/www.europesays.com\/fi\/wp-json\/wp\/v2\/comments?post=50806"}],"version-history":[{"count":0,"href":"https:\/\/www.europesays.com\/fi\/wp-json\/wp\/v2\/posts\/50806\/revisions"}],"wp:featuredmedia":[{"embeddable":true,"href":"https:\/\/www.europesays.com\/fi\/wp-json\/wp\/v2\/media\/83"}],"wp:attachment":[{"href":"https:\/\/www.europesays.com\/fi\/wp-json\/wp\/v2\/media?parent=50806"}],"wp:term":[{"taxonomy":"category","embeddable":true,"href":"https:\/\/www.europesays.com\/fi\/wp-json\/wp\/v2\/categories?post=50806"},{"taxonomy":"post_tag","embeddable":true,"href":"https:\/\/www.europesays.com\/fi\/wp-json\/wp\/v2\/tags?post=50806"}],"curies":[{"name":"wp","href":"https:\/\/api.w.org\/{rel}","templated":true}]}}