{"id":5085,"date":"2025-08-14T02:56:08","date_gmt":"2025-08-14T02:56:08","guid":{"rendered":"https:\/\/www.europesays.com\/fi\/5085\/"},"modified":"2025-08-14T02:56:08","modified_gmt":"2025-08-14T02:56:08","slug":"kerrostalossa-paloi-helsingin-maunulassa-asukkaita-evakuoitiin-uutisia-lyhyesti","status":"publish","type":"post","link":"https:\/\/www.europesays.com\/fi\/5085\/","title":{"rendered":"Kerrostalossa paloi Helsingin Maunulassa \u2013 asukkaita evakuoitiin | Uutisia lyhyesti"},"content":{"rendered":"<p class=\"sc-jYczwO sc-ciCoXh bUKqJd cIOueB yle__article__paragraph\">Helsingin Maunulassa Pakilantiell\u00e4 paloi nelikerroksisessa kerrostalossa, kertoo Helsingin pelastuslaitos viestipalvelu X:ss\u00e4.<\/p>\n<p class=\"sc-jYczwO sc-ciCoXh bUKqJd cIOueB yle__article__paragraph\">Palo on levinnyt ylimm\u00e4n kerroksen parvekkeelta kattorakenteisiin. Sammutusty\u00f6t ovat k\u00e4ynniss\u00e4, ja paikalla on 11 pelastuslaitoksen yksikk\u00f6\u00e4.<\/p>\n<p class=\"sc-jYczwO sc-ciCoXh bUKqJd cIOueB yle__article__paragraph\">P\u00e4ivyst\u00e4v\u00e4 palomestari <strong class=\"sc-eEHciv gtNhAX yle__article__strong\">Sami Lappalainen<\/strong> Helsingin pelastuslaitokselta kertoi Ylelle aamukolmen j\u00e4lkeen, ett\u00e4 pelastuslaitos on sammuttanut palon ja paikalla tehd\u00e4\u00e4n j\u00e4lkisammutusta.<\/p>\n<p class=\"sc-jYczwO sc-ciCoXh bUKqJd cIOueB yle__article__paragraph\">Palosta ei aiheutunut henkil\u00f6vahinkoja. Kerrostalon rapun asukkaita evakuoitiin huoneistoista. Asukkaiden tilap\u00e4ismajoituksia selvitell\u00e4\u00e4n.<\/p>\n<p class=\"sc-jYczwO sc-ciCoXh bUKqJd cIOueB yle__article__paragraph\">Helsingin kaupungin pelastuslaitos sai h\u00e4lytyksen keskisuuresta rakennuspalosta klo 1.27 torstaiaamuna.<\/p>\n","protected":false},"excerpt":{"rendered":"Helsingin Maunulassa Pakilantiell\u00e4 paloi nelikerroksisessa kerrostalossa, kertoo Helsingin pelastuslaitos viestipalvelu X:ss\u00e4. Palo on levinnyt ylimm\u00e4n kerroksen parvekkeelta kattorakenteisiin.&hellip;\n","protected":false},"author":2,"featured_media":74,"comment_status":"","ping_status":"","sticky":false,"template":"","format":"standard","meta":{"footnotes":"","_share_on_mastodon":"0"},"categories":[12],"tags":[22,23,26,27,33,31,30,17,3052,104,3093,24,25,28,29,3092,15,837,18,21,32,19,20,1265,1168,16],"class_list":["post-5085","post","type-post","status-publish","format-standard","has-post-thumbnail","category-suomi","tag-breaking-news","tag-breakingnews","tag-featured-news","tag-featurednews","tag-fi","tag-finland","tag-finnish","tag-headlines","tag-helsingin-kaupungin-pelastuslaitos","tag-helsinki","tag-kerrostalot","tag-latest-news","tag-latestnews","tag-main-news","tag-mainnews","tag-maunula","tag-news","tag-onnettomuudet","tag-otsikot","tag-paauutiset","tag-suomi","tag-top-stories","tag-topstories","tag-tulipalot","tag-uusimaa","tag-uutiset"],"share_on_mastodon":{"url":"","error":""},"_links":{"self":[{"href":"https:\/\/www.europesays.com\/fi\/wp-json\/wp\/v2\/posts\/5085","targetHints":{"allow":["GET"]}}],"collection":[{"href":"https:\/\/www.europesays.com\/fi\/wp-json\/wp\/v2\/posts"}],"about":[{"href":"https:\/\/www.europesays.com\/fi\/wp-json\/wp\/v2\/types\/post"}],"author":[{"embeddable":true,"href":"https:\/\/www.europesays.com\/fi\/wp-json\/wp\/v2\/users\/2"}],"replies":[{"embeddable":true,"href":"https:\/\/www.europesays.com\/fi\/wp-json\/wp\/v2\/comments?post=5085"}],"version-history":[{"count":0,"href":"https:\/\/www.europesays.com\/fi\/wp-json\/wp\/v2\/posts\/5085\/revisions"}],"wp:featuredmedia":[{"embeddable":true,"href":"https:\/\/www.europesays.com\/fi\/wp-json\/wp\/v2\/media\/74"}],"wp:attachment":[{"href":"https:\/\/www.europesays.com\/fi\/wp-json\/wp\/v2\/media?parent=5085"}],"wp:term":[{"taxonomy":"category","embeddable":true,"href":"https:\/\/www.europesays.com\/fi\/wp-json\/wp\/v2\/categories?post=5085"},{"taxonomy":"post_tag","embeddable":true,"href":"https:\/\/www.europesays.com\/fi\/wp-json\/wp\/v2\/tags?post=5085"}],"curies":[{"name":"wp","href":"https:\/\/api.w.org\/{rel}","templated":true}]}}