{"id":50861,"date":"2025-10-01T20:54:09","date_gmt":"2025-10-01T20:54:09","guid":{"rendered":"https:\/\/www.europesays.com\/fi\/50861\/"},"modified":"2025-10-01T20:54:09","modified_gmt":"2025-10-01T20:54:09","slug":"saksassa-tutkitaan-vakoilivatko-droonit-kriittisia-kohteita-uutisia-lyhyesti","status":"publish","type":"post","link":"https:\/\/www.europesays.com\/fi\/50861\/","title":{"rendered":"Saksassa tutkitaan, vakoilivatko droonit kriittisi\u00e4 kohteita | Uutisia lyhyesti"},"content":{"rendered":"<p class=\"aw-1gybjub aw-5vja16 cmIuaG zKETg yle__article__paragraph\">Saksassa tehtiin drooni\u00adhavaintoja viime viikolla.<\/p>\n<p class=\"aw-1gybjub aw-1p7kakr cmIuaG fmSRng yle__article__paragraph\">Saksan viranomaiset tutkivat, vakoilivatko viime viikolla Saksassa havaitut droonit maan kriittist\u00e4 infrastruktuuria. Asiasta kertovat saksalaiset <a class=\"aw-iao6s4 iHOxEa yle__article__link\" href=\"https:\/\/www.spiegel.de\/politik\/deutschland\/kiel-verdaechtige-drohnen-spaehten-offenbar-kritische-infrastruktur-aus-a-a059a087-badd-4e11-856c-f0db8dc322a7\" role=\"link\" rel=\"nofollow noopener\" target=\"_blank\">Spiegel<\/a> ja <a class=\"aw-iao6s4 iHOxEa yle__article__link\" href=\"https:\/\/www.welt.de\/politik\/deutschland\/article68dcda7eeb7e531160b3f58c\/alarm-in-schleswig-holstein-verdaechtige-drohnen-ueber-thyssenkrupp-werft-innenministerin-gibt-teilweise-entwarnung.html\" role=\"link\" rel=\"nofollow noopener\" target=\"_blank\">Welt<\/a>.<\/p>\n<p class=\"aw-1gybjub aw-1p7kakr cmIuaG fmSRng yle__article__paragraph\"><a class=\"aw-iao6s4 iHOxEa yle__article__link\" href=\"https:\/\/yle.fi\/a\/74-20185348\" role=\"link\" rel=\"nofollow noopener\" target=\"_blank\">Viime viikolla<\/a> Saksassa tehtiin droonihavaintoja torstai-iltana pohjoisessa Schleswig-Holsteinin osavaltiossa, joka on Tanskan rajalla.<\/p>\n<p class=\"aw-1gybjub aw-1p7kakr cmIuaG fmSRng yle__article__paragraph\">Spiegelin mukaan drooneja havaittiin muun muassa osavaltion p\u00e4\u00e4kaupungin Kielin yll\u00e4. Kohteina olivat ainakin telakka, voimalaitos, yliopistollinen sairaala ja osavaltion hallintorakennuksia sek\u00e4 Heiden \u00f6ljyjalostamo, joka toimittaa lentokerosiinia Hampurin lentoasemalle. Weltin mukaan drooneja n\u00e4htiin my\u00f6s sotilaskohteiden yll\u00e4.<\/p>\n<p class=\"aw-1gybjub aw-1p7kakr cmIuaG fmSRng yle__article__paragraph\">Droonien on havaittu lent\u00e4v\u00e4n parvissa, mink\u00e4 vuoksi viranomaiset ep\u00e4ilev\u00e4t, ett\u00e4 kohteita on voitu kartoittaa tiedustelutarkoituksessa.<\/p>\n<p class=\"aw-1gybjub aw-1p7kakr cmIuaG fmSRng yle__article__paragraph\">Poliisi ja syytt\u00e4j\u00e4t tutkivat tapausta laajasti. Osa havainnoista on selitetty laillisilla lennoilla, kuten lentokoneilla, helikoptereilla tai luvallisilla drooneilla, mutta osa tapauksista on yh\u00e4 vahvistamatta.<\/p>\n","protected":false},"excerpt":{"rendered":"Saksassa tehtiin drooni\u00adhavaintoja viime viikolla. Saksan viranomaiset tutkivat, vakoilivatko viime viikolla Saksassa havaitut droonit maan kriittist\u00e4 infrastruktuuria. Asiasta&hellip;\n","protected":false},"author":2,"featured_media":74,"comment_status":"","ping_status":"","sticky":false,"template":"","format":"standard","meta":{"footnotes":""},"categories":[5],"tags":[22,23,26,27,33,31,30,17,24,25,28,29,15,18,21,3911,32,19,20,56,16],"class_list":{"0":"post-50861","1":"post","2":"type-post","3":"status-publish","4":"format-standard","5":"has-post-thumbnail","7":"category-otsikot","8":"tag-breaking-news","9":"tag-breakingnews","10":"tag-featured-news","11":"tag-featurednews","12":"tag-fi","13":"tag-finland","14":"tag-finnish","15":"tag-headlines","16":"tag-latest-news","17":"tag-latestnews","18":"tag-main-news","19":"tag-mainnews","20":"tag-news","21":"tag-otsikot","22":"tag-paauutiset","23":"tag-saksa","24":"tag-suomi","25":"tag-top-stories","26":"tag-topstories","27":"tag-ulkomaat","28":"tag-uutiset"},"share_on_mastodon":{"url":"","error":""},"_links":{"self":[{"href":"https:\/\/www.europesays.com\/fi\/wp-json\/wp\/v2\/posts\/50861","targetHints":{"allow":["GET"]}}],"collection":[{"href":"https:\/\/www.europesays.com\/fi\/wp-json\/wp\/v2\/posts"}],"about":[{"href":"https:\/\/www.europesays.com\/fi\/wp-json\/wp\/v2\/types\/post"}],"author":[{"embeddable":true,"href":"https:\/\/www.europesays.com\/fi\/wp-json\/wp\/v2\/users\/2"}],"replies":[{"embeddable":true,"href":"https:\/\/www.europesays.com\/fi\/wp-json\/wp\/v2\/comments?post=50861"}],"version-history":[{"count":0,"href":"https:\/\/www.europesays.com\/fi\/wp-json\/wp\/v2\/posts\/50861\/revisions"}],"wp:featuredmedia":[{"embeddable":true,"href":"https:\/\/www.europesays.com\/fi\/wp-json\/wp\/v2\/media\/74"}],"wp:attachment":[{"href":"https:\/\/www.europesays.com\/fi\/wp-json\/wp\/v2\/media?parent=50861"}],"wp:term":[{"taxonomy":"category","embeddable":true,"href":"https:\/\/www.europesays.com\/fi\/wp-json\/wp\/v2\/categories?post=50861"},{"taxonomy":"post_tag","embeddable":true,"href":"https:\/\/www.europesays.com\/fi\/wp-json\/wp\/v2\/tags?post=50861"}],"curies":[{"name":"wp","href":"https:\/\/api.w.org\/{rel}","templated":true}]}}