{"id":5088,"date":"2025-08-14T03:00:08","date_gmt":"2025-08-14T03:00:08","guid":{"rendered":"https:\/\/www.europesays.com\/fi\/5088\/"},"modified":"2025-08-14T03:00:08","modified_gmt":"2025-08-14T03:00:08","slug":"fysiikan-opinnoissa-voi-suuntautua-vihreaan-siirtymaan","status":"publish","type":"post","link":"https:\/\/www.europesays.com\/fi\/5088\/","title":{"rendered":"Fysiikan opinnoissa voi suuntautua vihre\u00e4\u00e4n siirtym\u00e4\u00e4n"},"content":{"rendered":"<p><strong><\/p>\n<p>Oulun yliopiston fysikaalisten tieteiden tutkinto-ohjelmassa voi t\u00e4st\u00e4 syksyst\u00e4 alkaen suuntautua vihre\u00e4n siirtym\u00e4n fysiikkaan. Ilmastokriisin ratkaisemiseksi tarvitaan teknologian kehityst\u00e4 ja innovaatioita. My\u00f6s tietopohjainen p\u00e4\u00e4t\u00f6ksenteko ja eri toimien vaikutusten arviointi ovat tarpeen. Yliopisto arvioi, ett\u00e4 vihre\u00e4\u00e4n siirtym\u00e4\u00e4n koulutettujen asiantuntijoiden tarve kasvaa.<\/p>\n<p><\/strong><\/p>\n<p>\u201dIlmastokriisin ratkaiseminen vaatii syv\u00e4llist\u00e4 fysiikan ymm\u00e4rryst\u00e4, johon vihre\u00e4n siirtym\u00e4n fysiikan koulutus pyrkii vastaamaan. Ymm\u00e4rryst\u00e4 tarvitaan niin kriisin syist\u00e4 kuin my\u00f6s tarvittavista ilmastotoimista\u201d, sanoo tutkinto-ohjelmavastaava <strong>Jussi Malila<\/strong> Oulun yliopistosta.\u00a0<\/p>\n<p>Opintojaksojen aiheita ovat esimerkiksi auringon ilmastovaikutukset, vedyn tuotanto ja varastointi sek\u00e4 ilmastoviestint\u00e4. Opintoja voi valita esimerkiksi kest\u00e4vyysopintojen verkostosta ja biodiversiteettikoulutusverkostosta sek\u00e4 Ilmastoyliopistosta (Climate University), jossa on mukana suuri joukko yliopistoja ja ammattikorkeakouluja ymp\u00e4ri Suomen.\u00a0\u00a0\u00a0<\/p>\n<p>Tutkinto-ohjelman muita suuntautumisvaihtoehtoja ovat kvanttisysteemien fysiikka, avaruustieteet ja aineenopettajakoulutus. Kvanttiteknologiat uudistavat l\u00e4hivuosina tietotekniikkaa ja turvallisuusymp\u00e4rist\u00f6\u00e4 merkitt\u00e4v\u00e4sti.\u00a0<\/p>\n<p>Oulun yliopiston fysikaalisten tieteiden tutkinto-ohjelmassa on vuosittain 55 aloituspaikkaa, joista 39 ensimm\u00e4ist\u00e4 korkeakoulututkintoaan suorittaville. Tutkinto-ohjelma kuuluu luonnontieteelliseen tiedekuntaan.\u00a0<\/p>\n<p><strong>Lis\u00e4tietoa:\u00a0<\/strong><\/p>\n<p>Yliopistonlehtori, tutkinto-ohjelmavastaava Jussi Malila, <a href=\"https:\/\/www.sttinfo.fi\/tiedote\/71350788\/mailto:jussi.malila@oulu.fi\" target=\"_blank\" rel=\"nofollow noopener\">jussi.malila@oulu.fi<\/a>, p. 046\u202f923 7085\u00a0<\/p>\n<p>Asiakkuusp\u00e4\u00e4llikk\u00f6 Anu Tuomela, <a href=\"https:\/\/www.sttinfo.fi\/tiedote\/71350788\/mailto:anu.tuomela@oulu.fi\" target=\"_blank\" rel=\"nofollow noopener\">anu.tuomela@oulu.fi<\/a>, p. 0400 413\u202f460<\/p>\n","protected":false},"excerpt":{"rendered":"Oulun yliopiston fysikaalisten tieteiden tutkinto-ohjelmassa voi t\u00e4st\u00e4 syksyst\u00e4 alkaen suuntautua vihre\u00e4n siirtym\u00e4n fysiikkaan. Ilmastokriisin ratkaisemiseksi tarvitaan teknologian kehityst\u00e4&hellip;\n","protected":false},"author":2,"featured_media":5089,"comment_status":"","ping_status":"","sticky":false,"template":"","format":"standard","meta":{"footnotes":""},"categories":[115],"tags":[33,31,30,455,454,118,32,119],"class_list":{"0":"post-5088","1":"post","2":"type-post","3":"status-publish","4":"format-standard","5":"has-post-thumbnail","7":"category-fysiikka","8":"tag-fi","9":"tag-finland","10":"tag-finnish","11":"tag-fysiikka","12":"tag-physics","13":"tag-science","14":"tag-suomi","15":"tag-tiede"},"share_on_mastodon":{"url":"","error":""},"_links":{"self":[{"href":"https:\/\/www.europesays.com\/fi\/wp-json\/wp\/v2\/posts\/5088","targetHints":{"allow":["GET"]}}],"collection":[{"href":"https:\/\/www.europesays.com\/fi\/wp-json\/wp\/v2\/posts"}],"about":[{"href":"https:\/\/www.europesays.com\/fi\/wp-json\/wp\/v2\/types\/post"}],"author":[{"embeddable":true,"href":"https:\/\/www.europesays.com\/fi\/wp-json\/wp\/v2\/users\/2"}],"replies":[{"embeddable":true,"href":"https:\/\/www.europesays.com\/fi\/wp-json\/wp\/v2\/comments?post=5088"}],"version-history":[{"count":0,"href":"https:\/\/www.europesays.com\/fi\/wp-json\/wp\/v2\/posts\/5088\/revisions"}],"wp:featuredmedia":[{"embeddable":true,"href":"https:\/\/www.europesays.com\/fi\/wp-json\/wp\/v2\/media\/5089"}],"wp:attachment":[{"href":"https:\/\/www.europesays.com\/fi\/wp-json\/wp\/v2\/media?parent=5088"}],"wp:term":[{"taxonomy":"category","embeddable":true,"href":"https:\/\/www.europesays.com\/fi\/wp-json\/wp\/v2\/categories?post=5088"},{"taxonomy":"post_tag","embeddable":true,"href":"https:\/\/www.europesays.com\/fi\/wp-json\/wp\/v2\/tags?post=5088"}],"curies":[{"name":"wp","href":"https:\/\/api.w.org\/{rel}","templated":true}]}}